{"id":29518,"date":"2011-01-31T15:44:02","date_gmt":"2011-01-31T14:44:02","guid":{"rendered":"http:\/\/kulturbloggen.com\/?p=29518"},"modified":"2011-01-31T15:44:02","modified_gmt":"2011-01-31T14:44:02","slug":"om-ett-nytt-operahus-byggs-maste-vi-ta-hand-om-det-gamla-ocksa","status":"publish","type":"post","link":"https:\/\/kulturbloggen.com\/?p=29518","title":{"rendered":"Om ett nytt operahus byggs m\u00e5ste vi ta hand om det gamla ocks\u00e5"},"content":{"rendered":"<p><a href=\"http:\/\/kulturbloggen.com\/wp-content\/uploads\/2011\/01\/Kungliga-operan-2003-04-14.jpg\"><img loading=\"lazy\" decoding=\"async\" class=\"aligncenter size-medium wp-image-28804\" title=\"Kungliga-operan-2003-04-14\" src=\"http:\/\/kulturbloggen.com\/wp-content\/uploads\/2011\/01\/Kungliga-operan-2003-04-14-300x225.jpg\" alt=\"\" width=\"300\" height=\"225\" \/><\/a><\/p>\n<p><a href=\"http:\/\/www.svd.se\/kulturnoje\/mer\/kommentar\/behover-vi-annu-ett-monument_5889373.svd\">I ett inl\u00e4gg p\u00e5 SvD<\/a> st\u00e4ller Bo L\u00f6fvendahl fr\u00e5gan om det \u00e4r behoven av ett nytt monument eller en arkitektonisk skapelse som \u00e4r orsaken till att ropen skalla; ett nytt operahus i Stockholm? Svaret p\u00e5 den fr\u00e5gan beror naturligtvis p\u00e5 vem som besvarar den. I mitt fall s\u00e5 \u00e4r jag inriktad p\u00e5 att det m\u00e5ste byggas ett nytt operahus i Stockholm och den uppfattningen tror jag m\u00e5nga delar med mig. Det finns m\u00e5nga sk\u00e4l till detta och h\u00e4r vill jag g\u00e4rna framh\u00e5lla den urusla arbetsmilj\u00f6n i operahuset, men den motiveringen \u00e4r det kanske inte s\u00e5 m\u00e5nga som delar, men f\u00f6r min del \u00e4r detta \u00e4nd\u00e5 ett tungt v\u00e4gande sk\u00e4l. Det finns naturligtvis en del andra sk\u00e4l och det har ju flera debatt\u00f6rer varit inne p\u00e5 s\u00e5 det t\u00e4nker jag inte s\u00e4rskilt utveckla h\u00e4r och nu.<\/p>\n<p>Dag Ridderstedt, som \u00e4r chef f\u00f6r Svenska Operan i Norrk\u00f6ping reagerade p\u00e5 samma inl\u00e4gg, men valde delvis en annan utg\u00e5ngspunkt f\u00f6r sitt resonemang och inget fel i detta, men att ta in att det \u00e4ven beh\u00f6vs operahus, p\u00e5 andra st\u00e4llen i landet, f\u00f6r knappast fr\u00e5gan om ett nytt operahus i Stockholm n\u00e4rmare sin l\u00f6sning. Tv\u00e4rtom tror jag att det inneb\u00e4r att fokus flyttas fr\u00e5n den egentliga sakfr\u00e5gan, n\u00e4mligen om det skall byggas ett nytt operahus eller ej. I sak delar jag dock Dag Ridderstedts uppfattning att det borde byggas fler operahus eller r\u00e4ttare sagt platser d\u00e4r man kan uppf\u00f6ra operaf\u00f6rest\u00e4llningar, men det \u00e4r samtidigt en fr\u00e5ga som man i f\u00f6rsta hand b\u00f6r starta diskussion p\u00e5 de aktuella platserna.<\/p>\n<p>Det som enligt min uppfattning f\u00f6rsv\u00e5rar operadebatten \u00e4r det ursprungliga f\u00f6rslaget, som inneb\u00e4r att stat, kommun och n\u00e4ringslivet skall vara med och finansiera det nya operahuset. Det g\u00f6r det d\u00e4rf\u00f6r jag tror knappast att n\u00e4ringslivet \u00e4r beredda att vara med att betala f\u00f6r annat \u00e4n ett rent skrytbygge eller uttryckt p\u00e5 annat s\u00e4tt en arkitektonisk koloss liknade vad som finns i de skandinaviska huvudst\u00e4derna. Att det beh\u00f6vs ett nytt operahus i Stockholm anser jag \u00e4r n\u00e4rmast sj\u00e4lvklart och i grunden tror jag \u00e4ven att kulturministern delar den uppfattningen, men hon vill inte vara med och betala f\u00f6r kalaset eller \u00e5tminstone minsta m\u00f6jliga andel, men samtidigt vill jag g\u00e4rna po\u00e4ngtera att detta inte skall g\u00f6ras f\u00f6r att K\u00f6penhamn och Oslo har f\u00e5tt varsitt operahus.<\/p>\n<p>Under debattens g\u00e5ng har jag l\u00e4st flera inl\u00e4gg som pekar p\u00e5 att man bygger om det nuvarande operahuset och det har jag i princip inget emot, men jag \u00e4r starkt bekymrad f\u00f6r notan. Enligt tidigare uppgifter i SvD har operahuset ett renoveringsbehov p\u00e5 minst tv\u00e5hundrafemtimiljoner kronor, ett belopp som s\u00e4kert kommer att stiga innan ett beslut \u00e4r klart. Jag har ingen aning om vad det skulle kosta att bygga till det nuvarande operahuset, men troligtvis skulle detta kosta ett antal miljarder och om detta skulle bli verklighet s\u00e5 inneb\u00e4r det med all sannolikhet att staten f\u00e5r st\u00e5 f\u00f6r hela notan. Inte i min allra vildaste fantasi kan jag t\u00e4nka mig att n\u00e4ringslivet skulle vara beredda att skjuta till medel f\u00f6r att kunna f\u00f6rverkliga denna id\u00e9.  M\u00f6jligen skulle Ingvar Kamprad vara villig att skjuta till vad som beh\u00f6vs eftersom det skulle bli n\u00e5got billigare f\u00f6r honom, men s\u00e4kert \u00e4r det ju inte f\u00f6r han m\u00e5ste kanske ha hela familjen med p\u00e5 f\u00f6rslaget.<\/p>\n<p>Om det skulle bli aktuellt med en om- och tillbyggnad av det nuvarande operahuset s\u00e5 faller ju fr\u00e5gan vad som skall h\u00e4nda med detta, men om det byggs ett nytt operahus s\u00e5 m\u00e5ste man ju sj\u00e4lvklart se till att \u00e4ven det gamla anv\u00e4nds p\u00e5 ett vettigt s\u00e4tt och det tror jag faktiskt \u00e4r det minsta problemet i det h\u00e4r sammanhanget. Visst \u00e4r vad som h\u00e4nde med \u201dStoran\u201d i G\u00f6teborg, men ansvaret f\u00f6r detta misslyckande f\u00e5r man kanske l\u00e4gga p\u00e5 G\u00f6teborgs kommun och regionen, men \u00e4r kanske som Dag Ridderstedt skriver: vem vill vara med och betala f\u00f6r tv\u00e5 operahus i samma stad? Tydligen \u00e4r svaret p\u00e5 den fr\u00e5gan; ingen.<\/p>\n<p>H\u00e4r \u00e4r ett inl\u00e4gg i debatten jag publicerat tidigare i Teaermagasinet:<br \/>\n<a href=\"http:\/\/teatermagasinet.se\/?p=544\">Det som beh\u00f6vs nu \u00e4r i f\u00f6rsta hand ett inriktningsbeslut p\u00e5 att det byggs ett nytt operahus nu<\/a><\/p>\n<p><strong>Av Mogens H Andersson<\/strong><\/p>\n<p><strong><strong><a href=\"http:\/\/www.mogensoperasidor.se\/\">Mogens Operasidor<\/a><\/strong><\/strong><\/p>\n<p><strong>Relaterat:<\/strong><br \/>\n<a href=\"http:\/\/www.svd.se\/kulturnoje\/nyheter\/operan-behover-250-miljoner_4424681.svd\">Svenska Dagbladet<\/a>, <a href=\"http:\/\/www.dn.se\/kultur-noje\/musik\/darfor-behover-stockholm-en-ny\">Dagens Nyheter 1<\/a>, <a href=\"http:\/\/www.dn.se\/kultur-noje\/debatt-essa\/bygg-nytt-i-det-gamla-och-I\">Dagens Nyheter 2<\/a>, <a href=\"http:\/\/kaffekopp.wordpress.com\/2011\/01\/21\/om-det-dar-operahuset\/\">Kaffekopp och cigarettr\u00f6k<\/a>.<\/p>\n<p>L\u00e4s \u00e4ven andra bloggares \u00e5sikter om <a href=\"http:\/\/bloggar.se\/om\/debatt\" rel=\"tag\">debatt<\/a>, <a href=\"http:\/\/bloggar.se\/om\/kultur\" rel=\"tag\">kultur<\/a>, <a href=\"http:\/\/bloggar.se\/om\/kulturpolitik\" rel=\"tag\">kulturpolitik<\/a>, <a href=\"http:\/\/bloggar.se\/om\/operahusdebatten\" rel=\"tag\">operahusdebatten<\/a>, <a href=\"http:\/\/bloggar.se\/om\/operahus\" rel=\"tag\">operahus<\/a><\/p>\n","protected":false},"excerpt":{"rendered":"<p>I ett inl\u00e4gg p\u00e5 SvD st\u00e4ller Bo L\u00f6fvendahl fr\u00e5gan om det \u00e4r behoven av ett nytt monument eller en arkitektonisk skapelse som \u00e4r orsaken till att ropen skalla; ett nytt operahus i Stockholm? Svaret p\u00e5 den fr\u00e5gan beror naturligtvis p\u00e5 vem som besvarar den. I mitt fall s\u00e5 \u00e4r jag inriktad p\u00e5 att det m\u00e5ste [&hellip;]<\/p>\n","protected":false},"author":13,"featured_media":0,"comment_status":"open","ping_status":"open","sticky":false,"template":"","format":"standard","meta":{"_genesis_hide_title":false,"_genesis_hide_breadcrumbs":false,"_genesis_hide_singular_image":false,"_genesis_hide_footer_widgets":false,"_genesis_custom_body_class":"","_genesis_custom_post_class":"","_genesis_layout":"","footnotes":""},"categories":[62],"tags":[1191,3074,3109,4171,4172],"class_list":{"0":"post-29518","1":"post","2":"type-post","3":"status-publish","4":"format-standard","6":"category-medie-och-kulturpolitik","7":"tag-debatt","8":"tag-kultur","9":"tag-kulturpolitik","10":"tag-operahus","11":"tag-operahusdebatten","12":"entry"},"_links":{"self":[{"href":"https:\/\/kulturbloggen.com\/index.php?rest_route=\/wp\/v2\/posts\/29518","targetHints":{"allow":["GET"]}}],"collection":[{"href":"https:\/\/kulturbloggen.com\/index.php?rest_route=\/wp\/v2\/posts"}],"about":[{"href":"https:\/\/kulturbloggen.com\/index.php?rest_route=\/wp\/v2\/types\/post"}],"author":[{"embeddable":true,"href":"https:\/\/kulturbloggen.com\/index.php?rest_route=\/wp\/v2\/users\/13"}],"replies":[{"embeddable":true,"href":"https:\/\/kulturbloggen.com\/index.php?rest_route=%2Fwp%2Fv2%2Fcomments&post=29518"}],"version-history":[{"count":0,"href":"https:\/\/kulturbloggen.com\/index.php?rest_route=\/wp\/v2\/posts\/29518\/revisions"}],"wp:attachment":[{"href":"https:\/\/kulturbloggen.com\/index.php?rest_route=%2Fwp%2Fv2%2Fmedia&parent=29518"}],"wp:term":[{"taxonomy":"category","embeddable":true,"href":"https:\/\/kulturbloggen.com\/index.php?rest_route=%2Fwp%2Fv2%2Fcategories&post=29518"},{"taxonomy":"post_tag","embeddable":true,"href":"https:\/\/kulturbloggen.com\/index.php?rest_route=%2Fwp%2Fv2%2Ftags&post=29518"}],"curies":[{"name":"wp","href":"https:\/\/api.w.org\/{rel}","templated":true}]}}