{"id":29497,"date":"2011-01-31T10:49:53","date_gmt":"2011-01-31T09:49:53","guid":{"rendered":"http:\/\/kulturbloggen.com\/?p=29497"},"modified":"2011-01-31T10:49:53","modified_gmt":"2011-01-31T09:49:53","slug":"moderaterna-fick-en-post-i-radet-far-mediefrihet-men-vagrar-anda-prata-med-medier-om-wikileaks-avslojanden-illa-illa-illa","status":"publish","type":"post","link":"https:\/\/kulturbloggen.com\/?p=29497","title":{"rendered":"Moderaterna fick en post i r\u00e5det f\u00e5r mediefrihet: men v\u00e4grar \u00e4nd\u00e5 prata med medier om Wikileaks avsl\u00f6janden, illa, illa, illa &#8230;"},"content":{"rendered":"<p><a href=\"http:\/\/kulturbloggen.com\/wp-content\/uploads\/2011\/01\/Sk\u00e4rmavbild-2011-01-31-kl.-12.43.09.png\"><img loading=\"lazy\" decoding=\"async\" src=\"http:\/\/kulturbloggen.com\/wp-content\/uploads\/2011\/01\/Sk\u00e4rmavbild-2011-01-31-kl.-12.43.09-300x187.png\" alt=\"\" title=\"Sk\u00e4rmavbild 2011-01-31 kl. 12.43.09\" width=\"300\" height=\"187\" class=\"aligncenter size-medium wp-image-29498\" \/><\/a><br \/>\nOm tv\u00e5 personer gr\u00e4lar och diskuterar &#8211; och den ena bara v\u00e4nder ryggen till och tiger: d\u00e5 \u00e4r det att visa stort f\u00f6rakt f\u00f6r den andra. Att v\u00e4gra diskutera \u00e4r att visa att den andra inte \u00e4r v\u00e4rd att diskutera med.<\/p>\n<p>Det \u00e4r precis vad den svenska regeringen g\u00f6r nu. Det handlar om de som Wikileaks avsl\u00f6jat, om vad ministrarna Billstr\u00f6m och Bildt sagt om irakiska invandrare. Journalistf\u00f6rbundet reagerar och dess ordf\u00f6rande <a href=\"http:\/\/www.aftonbladet.se\/debatt\/debattamnen\/medier\/article8480841.ab\">skriver i en debattartikel i Aftonbladet:<\/a><\/p>\n<blockquote><p>N\u00e4r ansvariga politiker dessutom undviker att svara p\u00e5 journalisternas fr\u00e5gor eller svarar med generella meningsl\u00f6sheter, har vi ett v\u00e4xande demokratiskt problem.<br \/>\nTobias Billstr\u00f6m s\u00e4ger att regeringen av princip inte svarar p\u00e5 fr\u00e5gor d\u00e4r Wikileaks \u00e4r k\u00e4llan.<br \/>\nVad \u00e4r det f\u00f6r princip? \u00c4r det en princip som inneb\u00e4r att ledande politiker alltid ska best\u00e4mma om de gillar k\u00e4llan f\u00f6r att kommentera? Kn\u00e4s\u00e4tts den kommer ingen politiker att beh\u00f6va svara p\u00e5 en enda fr\u00e5ga de ogillar framgent. Som princip m\u00e5ste den vara ny, eftersom ministrar tidigare svarat p\u00e5 fr\u00e5gor om Wikileaks och d\u00e4r Wikileaks varit k\u00e4llan.<br \/>\nCivilminister Stefan Attefall (KD) sa nyss i en tr\u00e4ff med riksdagsjournalister att han aldrig hade sett n\u00e5gon s\u00e5dan policy.<\/p><\/blockquote>\n<p>Journalistf\u00f6rbundet har helt r\u00e4tt. Det \u00e4r en fara f\u00f6r demokratin, n\u00e4r makthavarna inte svarar p\u00e5 fr\u00e5gor fr\u00e5n medier och allm\u00e4nhet. Om avsl\u00f6janden om korruption och maktmissbruk kommer fr\u00e5n n\u00e5gon som regeringen inte vill prata med &#8230; Ska regeringen inte svara p\u00e5 avsl\u00f6jandena d\u00e5?<br \/>\nEtt mycket konstigt resonemang.<\/p>\n<p>Det \u00e4r v\u00e4l sj\u00e4lvklart att Billstr\u00f6m och Bildt m\u00e5ste tr\u00e4da fram och s\u00e4ga om det ligger n\u00e5got i vad Wikileaks rapporterar om. Antingen \u00e4r det sant eller inte. Och om det \u00e4r sant, m\u00e5ste Billstr\u00f6m och Bildt kunna f\u00f6rklara hur de menar. Det \u00e4r v\u00e4l det minsta vi kan beg\u00e4ra av dem? Om de anser att Sverige ska begr\u00e4nsa antalet invandrare fr\u00e5n Irak: d\u00e5 b\u00f6r de v\u00e4l kunna redog\u00f6ra f\u00f6r varf\u00f6r de anser detta?<\/p>\n<p><a href=\"http:\/\/www.alliansfrittsverige.nu\/2011\/01\/journalistforbundetbildt-och-billstrom.html\">Alliansfritt Sverige<\/a> rapporterar ocks\u00e5 om detta, liksom <a href=\"http:\/\/www.annatroberg.com\/2011\/01\/31\/touche-journalistforbundet\/\">Anna Troberg<\/a> som skriver:<\/p>\n<blockquote><p>Debattartikeln tar upp problemet med att regeringen tycks ha best\u00e4mt sig f\u00f6r att konsekvent undvika att kommentera vissa typer av k\u00e4llor, till exempel Wikileaks. Det \u00e4r m\u00f6jligt att den nya policyn togs i bruk efter justitieminister Beatrice Asks flopputtalande om att den amerikanska ambassadpersonalen i Stockholm nog skrev ihop en massa ljug i sina rapporter hem \u201c<a href=\"http:\/\/www.annatroberg.com\/2010\/12\/08\/hur-manga-to-do-listor-har-usa-givit-den-svenska-regeringen\/\">f\u00f6r att de vill ha h\u00f6gre l\u00f6n<\/a>\u201c. Jag tror inte att Reinfeldt vill ha fler s\u00e5dana grodor, men ministrarnas tystnad \u00e4r icke desto mindre ett stort problem.<\/p><\/blockquote>\n<p>Mer om detta ocks\u00e5 <a href=\"http:\/\/rodamalmo.blogspot.com\/2011\/01\/moderaterna-och-demokratin.html\">hos R\u00f6da Malm\u00f6<\/a>.<\/p>\n<p><a href=\"http:\/\/carlbildt.wordpress.com\/2011\/01\/28\/oppet-samhalle-inte-stangt-internet\/\">Carl Bildt skriver <\/a>till exempel i sin blogg om hur illa det \u00e4r n\u00e4r Egypten st\u00e4nger Internet och skriver om ett \u00f6ppet samh\u00e4lle:<\/p>\n<blockquote><p>Fri informationstillg\u00e5ng \u00e4r i det l\u00e5nga loppet l\u00e5ngt b\u00e4ttre f\u00f6r f\u00f6rtroende och stabilitet \u00e4n restriktioner och f\u00f6rbud. \u00c5tg\u00e4rder som denna som syftar till kortsiktig stabilitet kan mycket v\u00e4l generera en mer l\u00e5ngsiktig indragningar.<\/p><\/blockquote>\n<p>Visst, det \u00e4r skillnad p\u00e5 Sverige och Egypten. Men i orden <em>fri informationstillg\u00e5ng<\/em> ligger ocks\u00e5 att politiker svarar p\u00e5 fr\u00e5gor och inte v\u00e4nder folket ryggen n\u00e4r de vill veta om Wikileaks uppgifter st\u00e4mmer eller inte.<\/p>\n<p><a href=\"http:\/\/www.moderat.se\/web\/Mats_Johansson_pa_ny_mediepost_i_Europaradet.aspx\">Moderaternas Mats Johansson har blivit utsett till r\u00e5dets ombud f\u00f6r mediefrihet<\/a> (Standing Rapporteur on Media Freedom). Det f\u00f6rpliktigar. Moderaterna m\u00e5ste sluta l\u00e4gga locket p\u00e5 och svara p\u00e5 fr\u00e5gor om <a href=\"http:\/\/www.moderat.se\/web\/Mats_Johansson_pa_ny_mediepost_i_Europaradet.aspx\">Wikileaks<\/a>.<\/p>\n<p>L\u00e4s \u00e4ven andra bloggares \u00e5sikter om <a href=\"http:\/\/bloggar.se\/om\/medier\" rel=\"tag\">medier<\/a>, <a href=\"http:\/\/bloggar.se\/om\/demokrati\" rel=\"tag\">demokrati<\/a>, <a href=\"http:\/\/bloggar.se\/om\/Bildt\" rel=\"tag\">Bildt<\/a>, <a href=\"http:\/\/bloggar.se\/om\/Billstr%F6m\" rel=\"tag\">Billstr\u00f6m<\/a>, <a href=\"http:\/\/bloggar.se\/om\/journalistik\" rel=\"tag\">journalistik<\/a>, <a href=\"http:\/\/bloggar.se\/om\/makthavare\" rel=\"tag\">makthavare<\/a><\/p>\n","protected":false},"excerpt":{"rendered":"<p>Om tv\u00e5 personer gr\u00e4lar och diskuterar &#8211; och den ena bara v\u00e4nder ryggen till och tiger: d\u00e5 \u00e4r det att visa stort f\u00f6rakt f\u00f6r den andra. Att v\u00e4gra diskutera \u00e4r att visa att den andra inte \u00e4r v\u00e4rd att diskutera med. Det \u00e4r precis vad den svenska regeringen g\u00f6r nu. Det handlar om de som [&hellip;]<\/p>\n","protected":false},"author":2,"featured_media":0,"comment_status":"open","ping_status":"open","sticky":false,"template":"","format":"standard","meta":{"_genesis_hide_title":false,"_genesis_hide_breadcrumbs":false,"_genesis_hide_singular_image":false,"_genesis_hide_footer_widgets":false,"_genesis_custom_body_class":"","_genesis_custom_post_class":"","_genesis_layout":"","footnotes":""},"categories":[44,62],"tags":[638,651,1214,2765,3460,3582],"class_list":{"0":"post-29497","1":"post","2":"type-post","3":"status-publish","4":"format-standard","6":"category-chadie","7":"category-medie-och-kulturpolitik","8":"tag-bildt","9":"tag-billstrom","10":"tag-demokrati","11":"tag-journalistik","12":"tag-makthavare","13":"tag-medier","14":"entry"},"_links":{"self":[{"href":"https:\/\/kulturbloggen.com\/index.php?rest_route=\/wp\/v2\/posts\/29497","targetHints":{"allow":["GET"]}}],"collection":[{"href":"https:\/\/kulturbloggen.com\/index.php?rest_route=\/wp\/v2\/posts"}],"about":[{"href":"https:\/\/kulturbloggen.com\/index.php?rest_route=\/wp\/v2\/types\/post"}],"author":[{"embeddable":true,"href":"https:\/\/kulturbloggen.com\/index.php?rest_route=\/wp\/v2\/users\/2"}],"replies":[{"embeddable":true,"href":"https:\/\/kulturbloggen.com\/index.php?rest_route=%2Fwp%2Fv2%2Fcomments&post=29497"}],"version-history":[{"count":0,"href":"https:\/\/kulturbloggen.com\/index.php?rest_route=\/wp\/v2\/posts\/29497\/revisions"}],"wp:attachment":[{"href":"https:\/\/kulturbloggen.com\/index.php?rest_route=%2Fwp%2Fv2%2Fmedia&parent=29497"}],"wp:term":[{"taxonomy":"category","embeddable":true,"href":"https:\/\/kulturbloggen.com\/index.php?rest_route=%2Fwp%2Fv2%2Fcategories&post=29497"},{"taxonomy":"post_tag","embeddable":true,"href":"https:\/\/kulturbloggen.com\/index.php?rest_route=%2Fwp%2Fv2%2Ftags&post=29497"}],"curies":[{"name":"wp","href":"https:\/\/api.w.org\/{rel}","templated":true}]}}