{"id":29376,"date":"2011-01-29T12:48:17","date_gmt":"2011-01-29T11:48:17","guid":{"rendered":"http:\/\/kulturbloggen.com\/?p=29376"},"modified":"2011-01-29T12:48:17","modified_gmt":"2011-01-29T11:48:17","slug":"barnpornografi-eller-serier-det-ar-fragan","status":"publish","type":"post","link":"https:\/\/kulturbloggen.com\/?p=29376","title":{"rendered":"Barnpornografi eller serier? &#8211; det \u00e4r fr\u00e5gan"},"content":{"rendered":"<p><a href=\"http:\/\/kulturbloggen.com\/wp-content\/uploads\/2011\/01\/Sk\u00e4rmavbild-2011-01-29-kl.-12.46.09.png\"><img loading=\"lazy\" decoding=\"async\" src=\"http:\/\/kulturbloggen.com\/wp-content\/uploads\/2011\/01\/Sk\u00e4rmavbild-2011-01-29-kl.-12.46.09-300x187.png\" alt=\"\" title=\"Sk\u00e4rmavbild 2011-01-29 kl. 12.46.09\" width=\"300\" height=\"187\" class=\"aligncenter size-medium wp-image-29379\" \/><\/a><br \/>\nAtt hovr\u00e4tten valde att d\u00f6ma en k\u00e4nd serie\u00f6vers\u00e4ttare f\u00f6r barnpornografibrott \u00e4r inte enbart huvudl\u00f6st.<\/p>\n<p>Hovr\u00e4tten fastslog tingsr\u00e4ttens dom den 28 januari i \u00e5r som g\u00e4ller misstanken om att en i mangakretsar k\u00e4nd \u00f6vers\u00e4ttare hade bilder som kan tolkas som barnpornografiska. Det har framkommit att bilderna, som \u00e4r tecknade, kommer fr\u00e5n serier d\u00e4r det g\u00e5r att tolka att dessa har n\u00e5gon form av sexuell natur. Med betoning p\u00e5 \u201dtolkar\u201d.<\/p>\n<p>I sin nit att hitta och f\u00f6rsvara det som alltid i s\u00e5dana h\u00e4r sammanhang brukar sp\u00e5ra ur; att som det heter skydda<br \/>\nbarnen. Vilken normal person kan n\u00e5gonsin diskutera utifr\u00e5n ett perspektiv som inte skydda barnen? Man har bed\u00f6mt att lagen g\u00e4ller b\u00e5de f\u00f6r riktig barnpornografi (d\u00e4r det finns riktiga och levande offer) och en tecknad dito. H\u00e4r skiljer sig m\u00e5nga serie\u00e4lskares uppfattning fr\u00e5n den bed\u00f6mning som hovr\u00e4tten har gjort. Bed\u00f6mningen som hovr\u00e4tten har gjorts att det hela skall tolkas som att detta \u00e4r samma sak, personer som l\u00e4ser den h\u00e4r typen av serier \u00e4r pedofiler.<\/p>\n<p>De flesta inser att detta \u00e4r absurt f\u00f6rutom hovr\u00e4tten. I sin nit att f\u00f6lja lagen har man i min mening gjort ett \u00f6vergrepp p\u00e5 \u00f6vers\u00e4ttaren. Det g\u00e5r inte att tolka domen p\u00e5 n\u00e5got annat s\u00e4tt.<\/p>\n<p>Det hela har utvecklats till n\u00e5got st\u00f6rre; det \u00e4r en fr\u00e5ga om yttrandefrihet att \u00e4ven kunna l\u00e4sa, teckna och inneha<br \/>\nserier som inneh\u00e5ller vad m\u00e5nga bed\u00f6mer som d\u00e5lig smak. Att ha d\u00e5lig smak \u00e4r \u00e4n s\u00e5 l\u00e4nge inte brottsligt.<\/p>\n<p>Men tanken svindlar n\u00e4r man l\u00e4ser hovr\u00e4ttens slutliga svar. Den v\u00e4g som man har valt ist\u00e4llet \u00e4r att best\u00e4mma vilken smak som \u00e4r moraliskt f\u00f6rsvarbart. Det \u00e4r en utveckling som \u00e4r mycket farligare \u00e4n vad lagen s\u00e4ger sig skydda.<\/p>\n<p>Relaterat: <a href=\"http:\/\/martenschultz.wordpress.com\/2011\/01\/28\/mangadomen\/\">M\u00e5rten Schultz skriver om domen<\/a>, <a href=\"http:\/\/www.aftonbladet.se\/kultur\/article8483609.ab\">Aftonbladet<\/a>, <a href=\"http:\/\/www.dn.se\/dnbok\/dnbok-hem\/oversattaren-falls-i-barnporrmal\">Dagens Nyheter<\/a> och <a href=\"http:\/\/www.annatroberg.com\/2011\/01\/31\/manga-agenda-och-fredriks-lilla-stab\/\">Anna Troberg<\/a> och <a href=\"http:\/\/henrikalexandersson.blogspot.com\/2011\/01\/mangadomen-ar-fantasilagstiftning.html\">Henrik Alexandersson<\/a>.<\/p>\n<p>L\u00e4s \u00e4ven andra bloggares \u00e5sikter om <a href=\"http:\/\/bloggar.se\/om\/manga\" rel=\"tag\">manga<\/a>, <a href=\"http:\/\/bloggar.se\/om\/barnporr\" rel=\"tag\">barnporr<\/a>, <a href=\"http:\/\/bloggar.se\/om\/hovr%E4tten\" rel=\"tag\">hovr\u00e4tten<\/a>, <a href=\"http:\/\/bloggar.se\/om\/juridik\" rel=\"tag\">juridik<\/a>, <a href=\"http:\/\/bloggar.se\/om\/yttrandefrihet\" rel=\"tag\">yttrandefrihet<\/a>, <a href=\"http:\/\/bloggar.se\/om\/smak\" rel=\"tag\">smak<\/a>, <a href=\"http:\/\/bloggar.se\/om\/bilder\" rel=\"tag\">bilder<\/a><\/p>\n","protected":false},"excerpt":{"rendered":"<p>Att hovr\u00e4tten valde att d\u00f6ma en k\u00e4nd serie\u00f6vers\u00e4ttare f\u00f6r barnpornografibrott \u00e4r inte enbart huvudl\u00f6st. Hovr\u00e4tten fastslog tingsr\u00e4ttens dom den 28 januari i \u00e5r som g\u00e4ller misstanken om att en i mangakretsar k\u00e4nd \u00f6vers\u00e4ttare hade bilder som kan tolkas som barnpornografiska. Det har framkommit att bilderna, som \u00e4r tecknade, kommer fr\u00e5n serier d\u00e4r det g\u00e5r att [&hellip;]<\/p>\n","protected":false},"author":13,"featured_media":0,"comment_status":"open","ping_status":"open","sticky":false,"template":"","format":"standard","meta":{"_genesis_hide_title":false,"_genesis_hide_breadcrumbs":false,"_genesis_hide_singular_image":false,"_genesis_hide_footer_widgets":false,"_genesis_custom_body_class":"","_genesis_custom_post_class":"","_genesis_layout":"","footnotes":""},"categories":[20],"tags":[542,636,2321,2811,3486,5191],"class_list":{"0":"post-29376","1":"post","2":"type-post","3":"status-publish","4":"format-standard","6":"category-film","7":"tag-barnporr","8":"tag-bilder","9":"tag-hovratten","10":"tag-juridik","11":"tag-manga","12":"tag-smak","13":"entry"},"_links":{"self":[{"href":"https:\/\/kulturbloggen.com\/index.php?rest_route=\/wp\/v2\/posts\/29376","targetHints":{"allow":["GET"]}}],"collection":[{"href":"https:\/\/kulturbloggen.com\/index.php?rest_route=\/wp\/v2\/posts"}],"about":[{"href":"https:\/\/kulturbloggen.com\/index.php?rest_route=\/wp\/v2\/types\/post"}],"author":[{"embeddable":true,"href":"https:\/\/kulturbloggen.com\/index.php?rest_route=\/wp\/v2\/users\/13"}],"replies":[{"embeddable":true,"href":"https:\/\/kulturbloggen.com\/index.php?rest_route=%2Fwp%2Fv2%2Fcomments&post=29376"}],"version-history":[{"count":0,"href":"https:\/\/kulturbloggen.com\/index.php?rest_route=\/wp\/v2\/posts\/29376\/revisions"}],"wp:attachment":[{"href":"https:\/\/kulturbloggen.com\/index.php?rest_route=%2Fwp%2Fv2%2Fmedia&parent=29376"}],"wp:term":[{"taxonomy":"category","embeddable":true,"href":"https:\/\/kulturbloggen.com\/index.php?rest_route=%2Fwp%2Fv2%2Fcategories&post=29376"},{"taxonomy":"post_tag","embeddable":true,"href":"https:\/\/kulturbloggen.com\/index.php?rest_route=%2Fwp%2Fv2%2Ftags&post=29376"}],"curies":[{"name":"wp","href":"https:\/\/api.w.org\/{rel}","templated":true}]}}