{"id":29362,"date":"2011-01-29T13:09:42","date_gmt":"2011-01-29T12:09:42","guid":{"rendered":"http:\/\/kulturbloggen.com\/?p=29362"},"modified":"2011-01-29T13:09:42","modified_gmt":"2011-01-29T12:09:42","slug":"varfor-recenserar-aftonbladet-asa-nisse-filmen-en-vecka-fore-premiar","status":"publish","type":"post","link":"https:\/\/kulturbloggen.com\/?p=29362","title":{"rendered":"Varf\u00f6r recenserar Aftonbladet \u00c5sa-Nisse-filmen en vecka f\u00f6re premi\u00e4r?"},"content":{"rendered":"<p><a href=\"http:\/\/kulturbloggen.com\/wp-content\/uploads\/2011\/01\/asanisse.jpg\"><img loading=\"lazy\" decoding=\"async\" src=\"http:\/\/kulturbloggen.com\/wp-content\/uploads\/2011\/01\/asanisse-300x177.jpg\" alt=\"\" title=\"asanisse\" width=\"300\" height=\"177\" class=\"aligncenter size-medium wp-image-29381\" \/><\/a><br \/>\n\u00c5sa-Nisse &#8211; W\u00e4lkom to Knohult, det \u00e4r titeln p\u00e5 den nya \u00c5sa-Nisse-filmen som har premi\u00e4r 11 februari.<\/p>\n<p>Filmen har en l\u00e5ng lista med sp\u00e4nnande sk\u00e5despelare, som  Kjell Bergqvist, Mikael Segerstr\u00f6m  Johan Rabaeus, Sissela Kyle, Ann Petr\u00e9n,Claes M\u00e5nsson, Brasse Br\u00e4nnstr\u00f6m, Annika Andersson, Sofia Helin, Allan Svensson, David Batra, Stig Grybe, Johan Wahlstr\u00f6m, Sven Melander och Peter Apelgren. Hanna Lindblad sjunger.<\/p>\n<p>Medier brukar ganska hyggligt respektera filmernas releasedatum. Fast eftersom en del filmer visas p\u00e5 filmfestivaler, ibland i m\u00e5nader f\u00f6re deras biopremi\u00e4r, h\u00e4nder det f\u00f6rst\u00e5s att medier skriver om filmerna l\u00e5ngt f\u00f6re premi\u00e4ren.<br \/>\nDe nya bloggfilmsajterna har luckrat upp det d\u00e4r med n\u00e4r en film recenseras. <\/p>\n<p>Att vara f\u00f6rst ute med en recension har en del klick-vinster. Den som \u00e4r f\u00f6rst f\u00e5r fler som hittar recensionen via s\u00f6kmotorer.<\/p>\n<p>N\u00e4r det g\u00e4ller bokrecensioner verkar det som som om s\u00e5v\u00e4l traditionella medier som sajter skapade i bloggverktyg mer respekterar datum f\u00f6r release. Jag vet inte om det beror p\u00e5 att bokf\u00f6rlagen skulle kunna l\u00e5ta bli att skicka recensionsexemplar om medierna inte respekterar datum f\u00f6r recension?<br \/>\nBokf\u00f6rlagen \u00e4r \u00e5 andra sidan beroende av medierna.<br \/>\nDe svagaste i den h\u00e4r maktkampen \u00e4r f\u00f6rst\u00e5s de mindre bloggarna.<\/p>\n<p>De stora bloggarna, som egentligen \u00e4r ett traditionellt medium i ett bloggverktyg k\u00f6r sitt race utan att bry sig om lanseringsdatum, tror jag mig m\u00e4rka. Som MovieZine, det \u00e4r en filmsajt som r\u00e5kar vara installerad i ett bloggverktyg. Men de publicerar filmnyheter och recensioner utan att l\u00e4nka till andra, s\u00e5 egentligen \u00e4r det en filmsajt mer \u00e4n en blogg (jag l\u00e4gger inte en n\u00e5gon v\u00e4rdering i det, det \u00e4r varken finare eller fulare att vara blogg eller inte).  MovieZine har mycket bra koll p\u00e5 den svenska filmv\u00e4rlden och filmerna som kommer. Och deras skribenter \u00e4r ofta bland de f\u00f6rsta som publicerar texter. <a href=\"http:\/\/www.moviezine.se\/film\/asa-nisse\">Nu har inte ens de publicerat en recension av nya \u00c5sa-Nissefilmen.<\/a><\/p>\n<p>S\u00e5 jag undrar varf\u00f6r Aftonbladet har s\u00e5 grymt br\u00e5ttom den h\u00e4r g\u00e5ngen?<br \/>\nHela svenska filmkritikerk\u00e5ren s\u00e5g samma f\u00f6rhandsvisning under veckan som g\u00e5tt. Det \u00e4r inte direkt n\u00e5gon journalistisk bragd att vara f\u00f6rst med recensionen.<\/p>\n<p>Undrar om det har med striden mellan Aftonbladet och Expressen. B\u00e5da kv\u00e4llstidningarna strider nu om vilken som \u00e4r herre p\u00e5 t\u00e4ppan och st\u00f6rst. D\u00e5 r\u00e4knas f\u00f6rmodligen allt, ocks\u00e5 vartenda klick.<\/p>\n<p><a href=\"http:\/\/www.aftonbladet.se\/nojesbladet\/film\/recensioner\/article8481466.ab\">Aftonbladets recension<\/a>.<\/p>\n<p><a href=\"http:\/\/blogg.aftonbladet.se\/janhelin\/2011\/01\/ab-a-1\">Chefredakt\u00f6r Jan Helin om hur stor Aftonbladet \u00e4r.<\/a> <a href=\"http:\/\/www.aftonbladet.se\/nyheter\/article8397944.ab\">Aftonbladet om att de \u00e4r st\u00f6rst<\/a>.<\/p>\n<p>L\u00e4s \u00e4ven andra bloggares \u00e5sikter om <a href=\"http:\/\/bloggar.se\/om\/Aftonbladet\" rel=\"tag\">Aftonbladet<\/a>, <a href=\"http:\/\/bloggar.se\/om\/filmrecensioner\" rel=\"tag\">filmrecensioner<\/a>, <a href=\"http:\/\/bloggar.se\/om\/tidningskrig\" rel=\"tag\">tidningskrig<\/a>, <a href=\"http:\/\/bloggar.se\/om\/klickjournalistik\" rel=\"tag\">klickjournalistik<\/a><\/p>\n","protected":false},"excerpt":{"rendered":"<p>\u00c5sa-Nisse &#8211; W\u00e4lkom to Knohult, det \u00e4r titeln p\u00e5 den nya \u00c5sa-Nisse-filmen som har premi\u00e4r 11 februari. Filmen har en l\u00e5ng lista med sp\u00e4nnande sk\u00e5despelare, som Kjell Bergqvist, Mikael Segerstr\u00f6m Johan Rabaeus, Sissela Kyle, Ann Petr\u00e9n,Claes M\u00e5nsson, Brasse Br\u00e4nnstr\u00f6m, Annika Andersson, Sofia Helin, Allan Svensson, David Batra, Stig Grybe, Johan Wahlstr\u00f6m, Sven Melander och Peter [&hellip;]<\/p>\n","protected":false},"author":2,"featured_media":0,"comment_status":"open","ping_status":"open","sticky":false,"template":"","format":"standard","meta":{"_genesis_hide_title":false,"_genesis_hide_breadcrumbs":false,"_genesis_hide_singular_image":false,"_genesis_hide_footer_widgets":false,"_genesis_custom_body_class":"","_genesis_custom_post_class":"","_genesis_layout":"","footnotes":""},"categories":[62],"tags":[158,1740,2951,5855],"class_list":{"0":"post-29362","1":"post","2":"type-post","3":"status-publish","4":"format-standard","6":"category-medie-och-kulturpolitik","7":"tag-aftonbladet","8":"tag-filmrecensioner","9":"tag-klickjournalistik","10":"tag-tidningskrig","11":"entry"},"_links":{"self":[{"href":"https:\/\/kulturbloggen.com\/index.php?rest_route=\/wp\/v2\/posts\/29362","targetHints":{"allow":["GET"]}}],"collection":[{"href":"https:\/\/kulturbloggen.com\/index.php?rest_route=\/wp\/v2\/posts"}],"about":[{"href":"https:\/\/kulturbloggen.com\/index.php?rest_route=\/wp\/v2\/types\/post"}],"author":[{"embeddable":true,"href":"https:\/\/kulturbloggen.com\/index.php?rest_route=\/wp\/v2\/users\/2"}],"replies":[{"embeddable":true,"href":"https:\/\/kulturbloggen.com\/index.php?rest_route=%2Fwp%2Fv2%2Fcomments&post=29362"}],"version-history":[{"count":0,"href":"https:\/\/kulturbloggen.com\/index.php?rest_route=\/wp\/v2\/posts\/29362\/revisions"}],"wp:attachment":[{"href":"https:\/\/kulturbloggen.com\/index.php?rest_route=%2Fwp%2Fv2%2Fmedia&parent=29362"}],"wp:term":[{"taxonomy":"category","embeddable":true,"href":"https:\/\/kulturbloggen.com\/index.php?rest_route=%2Fwp%2Fv2%2Fcategories&post=29362"},{"taxonomy":"post_tag","embeddable":true,"href":"https:\/\/kulturbloggen.com\/index.php?rest_route=%2Fwp%2Fv2%2Ftags&post=29362"}],"curies":[{"name":"wp","href":"https:\/\/api.w.org\/{rel}","templated":true}]}}