{"id":29159,"date":"2011-01-25T16:47:20","date_gmt":"2011-01-25T15:47:20","guid":{"rendered":"http:\/\/kulturbloggen.com\/?p=29159"},"modified":"2011-01-25T16:47:20","modified_gmt":"2011-01-25T15:47:20","slug":"varfor-lagger-sig-dn-i-vem-som-ska-bli-socialdemokraternas-partiledare","status":"publish","type":"post","link":"https:\/\/kulturbloggen.com\/?p=29159","title":{"rendered":"Varf\u00f6r l\u00e4gger sig DN i vem som ska bli Socialdemokraternas partiledare?"},"content":{"rendered":"<p><a href=\"http:\/\/kulturbloggen.com\/wp-content\/uploads\/2011\/01\/Sk\u00e4rmavbild-2011-01-25-kl.-16.44.02.png\"><img loading=\"lazy\" decoding=\"async\" src=\"http:\/\/kulturbloggen.com\/wp-content\/uploads\/2011\/01\/Sk\u00e4rmavbild-2011-01-25-kl.-16.44.02-300x187.png\" alt=\"\" title=\"Sk\u00e4rmavbild 2011-01-25 kl. 16.44.02\" width=\"300\" height=\"187\" class=\"aligncenter size-medium wp-image-29163\" \/><\/a><\/p>\n<p>Varf\u00f6r l\u00e4gger sig DN i vem som ska bli Socialdemokraternas partiledare?<br \/>\nDet \u00e4r verkligen en relevant fr\u00e5ga. <a href=\"http:\/\/www.dn.se\/ledare\/huvudledare\/sokes-arrad-outsider\">P\u00e5 ledarplats<\/a> propagerar DN f\u00f6r Nuder som partiledare f\u00f6r S:<\/p>\n<blockquote><p>I september 1995 \u2013 en m\u00e5nad f\u00f6re Toblerone-aff\u00e4ren \u2013 fann Isaksson att G\u00f6ran Persson var den som b\u00e4st motsvarade de sex kriterierna. I dag \u00e4r det P\u00e4r Nuder. Han \u00e4r omstridd. Efter konflikter med de tv\u00e5 senaste partiledarna kan han definitivt inte beskrivas som frammatchad. P\u00e5 det hela taget \u00e4r han som politiker betydligt mer \u00e4rrad \u00e4n b\u00e5de Sven-Erik \u00d6sterberg och Veronica Palm.<\/p>\n<p>Om Socialdemokraterna skulle fastna f\u00f6r n\u00e5gon av de tv\u00e5 sistn\u00e4mnda \u00e4r det i sig ett symtom p\u00e5 partiets kris, p\u00e5 att dess tidigare s\u00e5 starka k\u00e4nsla f\u00f6r politikens realiteter har g\u00e5tt f\u00f6rlorad.<\/p><\/blockquote>\n<p>Vad kommer det sig att h\u00f6gerpartiernas st\u00f6dtidningar nu l\u00e4gger sig i valet av S-ledare?<br \/>\n<a href=\"http:\/\/krassman-inyourface.blogspot.com\/2011\/01\/de-ar-radda-att-vi-skall-gora-ratt.html\">Krassman funderar kring detta:<\/a><\/p>\n<blockquote><p>Man \u00e4r r\u00e4dd f\u00f6r ett vitaliserat och nyt\u00e4nt (S) kommer prioriterar sin egen politik ist\u00e4llet f\u00f6r borgerlighetens. Man \u00e4r r\u00e4dd f\u00f6r att Socialdemokraterna skall t\u00e4nka utan f\u00f6r boxen och leta utanf\u00f6r m\u00f6tesrummen efter en person som kan f\u00f6rmedla en Socialdemokrati f\u00f6r framtiden. Man \u00e4r r\u00e4dd f\u00f6r en person som inte har s\u00e5 l\u00e5nga och djupa r\u00f6tter inom arbetarr\u00f6relsen att personen inte uppfattas som en stubbe. Man vill till varje pris v\u00e4gra Socialdemokraterna en framg\u00e5ng i valet 2014, och det \u00e4r d\u00e4rf\u00f6r man spekulerar till vansinne och nu l\u00e4gger mer trycksv\u00e4rta p\u00e5 Socialdemokraterna \u00e4n vad man gjorde under hela valr\u00f6relsen 2010<\/p><\/blockquote>\n<p>.<\/p>\n<p>Vad det verkar har P\u00e4r Nuder sagt nej \u00e4nnu en g\u00e5ng &#8211; och det verkar som hans nej \u00e4r ett nej och inte ett &#8221;G\u00f6ran Persson-nej&#8221;. Osvuret \u00e4r f\u00f6rst\u00e5s b\u00e4st.<\/p>\n<p>En person som jag m\u00e4rkt har stort st\u00f6d bland m\u00e5nga bloggare \u00e4r Lena Sommestad, som dessutom \u00e4r en duktig bloggare. <a href=\"http:\/\/lenasommestad.wordpress.com\/2011\/01\/25\/politik-ska-bygga-pa-kunskap\/\">H\u00e4r bloggar Lena Sommestad<\/a> om apoteksreformen. Lena Sommestad har v\u00e4l inte riktigt n\u00e5tt ut till allm\u00e4nheten, men hon \u00e4r en kunnig person som har erfarenheter utanf\u00f6r den politiska sf\u00e4ren ocks\u00e5.<\/p>\n<p>Lite typiskt \u00e4r att bland de aktiva inom S \u00e4r det helt andra kandidater som \u00e4r intressanta \u00e4n de som medier s\u00e5 envist f\u00f6rs\u00f6ker lyfta fram. Jag \u00e4r inte alls s\u00e4ker p\u00e5 att det bland det breda S-lagren verkligen bara handlar om Nuder, Veronica Palm eller Sven-Erik \u00d6sterberg, vilket de flesta medier f\u00f6rs\u00f6ker h\u00e4vda.<\/p>\n<p>F\u00f6r en sak \u00e4r s\u00e4ker: Sverige beh\u00f6ver ett starkt oppositionsparti. Nu har <a href=\"http:\/\/www.expressen.se\/nyheter\/1.2304591\/sjukskrivningar-okar-igen\">sjukskrivningarna \u00f6kat<\/a>, <a href=\"http:\/\/www.aftonbladet.se\/wendela\/article8460691.ab\">skolan har inte blivit b\u00e4ttre under h\u00f6gerregeringen<\/a> och snart \u00e4r <a href=\"http:\/\/sverigesradio.se\/sida\/artikel.aspx?programid=83&#038;artikel=4303338\">5.000 m\u00e4nniskor helt utf\u00f6rs\u00e4krade<\/a>, f\u00f6r sjuka f\u00f6r att jobba med trots att de betalat skatt hela sitt liv f\u00e5r de inte ers\u00e4ttning n\u00e4r de \u00e4r sv\u00e5rt sjuka, p\u00e5 grund av att sjukdomen \u00e4r s\u00e5 sv\u00e5r att de \u00e4r sjuka f\u00f6r l\u00e4nge.<\/p>\n<p>S\u00e5: Varf\u00f6r l\u00e4gger sig DN i vem som ska bli Socialdemokraternas partiledare?<br \/>\nDet m\u00e4rks att medier blivit s\u00e5 mycket mer politiserade under senare \u00e5r. DN \u00e4r trots allt inte n\u00e5gon s-tidning och borde inte alls l\u00e4gga sig i S-interna aff\u00e4rer. Det \u00e4r skr\u00e4mmande att det g\u00e5tt s\u00e5 l\u00e5ngt att h\u00f6gerns medier l\u00e4gger sig i det valet och f\u00f6rs\u00f6ker styra och st\u00e4lla d\u00e4r. Det \u00e4r inte deras uppgift. \u00c4r de r\u00e4dda f\u00f6r att S ska bli ett starkt alternativ mot sittande h\u00f6gerregering? Eller handlar det bara om att s\u00e4lja l\u00f6snummer och samla klick till sajten, f\u00f6r att politik s\u00e4ljer?<\/p>\n<p>En m\u00e4ngd bloggar har kommenterat detta och de senaste turerna i partiledarefr\u00e5gan hos S:<br \/>\n<a href=\"http:\/\/www.ingenkommerundanpolitiken.com\/2011\/01\/partiledarkris-jobbet-ingen-vill-ha.html\">Ingen kommer undan politiken<\/a> och <a href=\"http:\/\/martinmobergsblogg.blogspot.com\/2011\/01\/sjuka-sjukforsakringen-dags-att-stalla.html\">Martin Moberg<\/a> och <a href=\"http:\/\/mengstrom.blogspot.com\/2011\/01\/mikael-damberg-gillar-tjanstejobb.html\">Mats Engstr\u00f6m<\/a> och <a href=\"http:\/\/ilsemarie.wordpress.com\/2011\/01\/25\/ring-reinfeldt-och-sorj-inte-organisera-er\/\">Ett hj\u00e4rta r\u00f6tt<\/a>.<\/p>\n<p>L\u00e4s \u00e4ven andra bloggares \u00e5sikter om <a href=\"http:\/\/bloggar.se\/om\/politik\" rel=\"tag\">politik<\/a>, <a href=\"http:\/\/bloggar.se\/om\/samh%E4lle\" rel=\"tag\">samh\u00e4lle<\/a>, <a href=\"http:\/\/bloggar.se\/om\/medier\" rel=\"tag\">medier<\/a>, <a href=\"http:\/\/bloggar.se\/om\/journalistika\" rel=\"tag\">journalistik<\/a><\/p>\n","protected":false},"excerpt":{"rendered":"<p>Varf\u00f6r l\u00e4gger sig DN i vem som ska bli Socialdemokraternas partiledare? Det \u00e4r verkligen en relevant fr\u00e5ga. P\u00e5 ledarplats propagerar DN f\u00f6r Nuder som partiledare f\u00f6r S: I september 1995 \u2013 en m\u00e5nad f\u00f6re Toblerone-aff\u00e4ren \u2013 fann Isaksson att G\u00f6ran Persson var den som b\u00e4st motsvarade de sex kriterierna. I dag \u00e4r det P\u00e4r Nuder. [&hellip;]<\/p>\n","protected":false},"author":2,"featured_media":0,"comment_status":"open","ping_status":"open","sticky":false,"template":"","format":"standard","meta":{"_genesis_hide_title":false,"_genesis_hide_breadcrumbs":false,"_genesis_hide_singular_image":false,"_genesis_hide_footer_widgets":false,"_genesis_custom_body_class":"","_genesis_custom_post_class":"","_genesis_layout":"","footnotes":""},"categories":[44,62],"tags":[3582,12284,4917],"class_list":{"0":"post-29159","1":"post","2":"type-post","3":"status-publish","4":"format-standard","6":"category-chadie","7":"category-medie-och-kulturpolitik","8":"tag-medier","9":"tag-politik","10":"tag-samhalle","11":"entry"},"_links":{"self":[{"href":"https:\/\/kulturbloggen.com\/index.php?rest_route=\/wp\/v2\/posts\/29159","targetHints":{"allow":["GET"]}}],"collection":[{"href":"https:\/\/kulturbloggen.com\/index.php?rest_route=\/wp\/v2\/posts"}],"about":[{"href":"https:\/\/kulturbloggen.com\/index.php?rest_route=\/wp\/v2\/types\/post"}],"author":[{"embeddable":true,"href":"https:\/\/kulturbloggen.com\/index.php?rest_route=\/wp\/v2\/users\/2"}],"replies":[{"embeddable":true,"href":"https:\/\/kulturbloggen.com\/index.php?rest_route=%2Fwp%2Fv2%2Fcomments&post=29159"}],"version-history":[{"count":0,"href":"https:\/\/kulturbloggen.com\/index.php?rest_route=\/wp\/v2\/posts\/29159\/revisions"}],"wp:attachment":[{"href":"https:\/\/kulturbloggen.com\/index.php?rest_route=%2Fwp%2Fv2%2Fmedia&parent=29159"}],"wp:term":[{"taxonomy":"category","embeddable":true,"href":"https:\/\/kulturbloggen.com\/index.php?rest_route=%2Fwp%2Fv2%2Fcategories&post=29159"},{"taxonomy":"post_tag","embeddable":true,"href":"https:\/\/kulturbloggen.com\/index.php?rest_route=%2Fwp%2Fv2%2Ftags&post=29159"}],"curies":[{"name":"wp","href":"https:\/\/api.w.org\/{rel}","templated":true}]}}