{"id":29093,"date":"2011-01-24T11:13:53","date_gmt":"2011-01-24T10:13:53","guid":{"rendered":"http:\/\/kulturbloggen.com\/?p=29093"},"modified":"2011-01-24T11:13:53","modified_gmt":"2011-01-24T10:13:53","slug":"par-nuder-har-tackat-ja-till-nytt-uppdrag","status":"publish","type":"post","link":"https:\/\/kulturbloggen.com\/?p=29093","title":{"rendered":"P\u00e4r Nuder har tackat ja till nytt uppdrag"},"content":{"rendered":"<p><a href=\"http:\/\/kulturbloggen.com\/wp-content\/uploads\/2011\/01\/Sk\u00e4rmavbild-2011-01-24-kl.-11.11.14.png\"><img loading=\"lazy\" decoding=\"async\" src=\"http:\/\/kulturbloggen.com\/wp-content\/uploads\/2011\/01\/Sk\u00e4rmavbild-2011-01-24-kl.-11.11.14-300x187.png\" alt=\"\" title=\"Sk\u00e4rmavbild 2011-01-24 kl. 11.11.14\" width=\"300\" height=\"187\" class=\"aligncenter size-medium wp-image-29094\" \/><\/a><\/p>\n<p>P\u00e4r Nuder \u00e4r i ropet. <a href=\"http:\/\/www.aftonbladet.se\/nyheter\/article8453136.ab\">Enligt Aftonbladet<\/a> kommer att f\u00e5 fr\u00e5gan fr\u00e5n valberedningen om att ta \u00f6ver som ny ordf\u00f6rande i Socialdemokraterna.  Den nyheten sl\u00e4pptes i helgen och <a href=\"http:\/\/peterlandersson.blogspot.com\/2011\/01\/partiledarnamn-till-valberedningen.html\">har tuggats<\/a> och <a href=\"http:\/\/peterlandersson.blogspot.com\/2011\/01\/partiledarnamn-till-valberedningen.html\">analyserats p\u00e5 m\u00e5nga h\u00e5ll<\/a>, inom <a href=\"http:\/\/www.expressen.se\/nyheter\/1.2302140\/nuder-kan-rakna-med-att-fa-fragan\">medier<\/a> och bloggar.<\/p>\n<p>Kommer P\u00e4r Nuder att f\u00e5 fr\u00e5gan och kommer han att forts\u00e4tta tacka nej?<\/p>\n<p>Ett helt annat uppdrag har d\u00e4remot P\u00e4r Nuder tackat ja till: han \u00e4r en av tre nya ledam\u00f6ter i de F\u00e5r\u00f6baserade Bergmanstiftelserna. Ett pressutskick ber\u00e4ttar:<br \/>\n<em>Lena Bergman och P\u00e4r Nuder \u00e4r nya styrelseledam\u00f6ter i Stiftelsen Bergmancenter p\u00e5 F\u00e5r\u00f6.<br \/>\n\u00c5se Kleveland \u00e4r ny styrelseledamot i Stiftelsen Bergmang\u00e5rdarna p\u00e5 F\u00e5r\u00f6.<\/em><\/p>\n<p>Lena Bergman har arbetat med utredningsuppdrag och projekt inom barn- och ungdomsomr\u00e5det p\u00e5 Socialstyrelsen och Statens folkh\u00e4lsoinstitut. Bakom sig har hon ocks\u00e5 studier i litteratur- och filmvetenskap. P\u00e5 1990-talet startade hon ungdomstidningen \u201dGl\u00f6d\u201d. Som liten medverkade hon i Smultronst\u00e4llet. Lena Bergman har tillbringat m\u00e5nga somrar p\u00e5 F\u00e5r\u00f6 \u2013 och m\u00e5nga timmar i bion vid D\u00e4mba, d\u00e4r hon sett film med sin far.<\/p>\n<p>P\u00e4r Nuder var riksdagsledamot 1994-2009. Nuder var f\u00f6rst samordningsminister och utn\u00e4mndes 2004 till finansminister. Han har \u00e4ven varit tf kulturminister (2004), men har l\u00e4mnat sina politiska uppdrag. P\u00e4r Nuder \u00e4r konsult i f\u00f6rra amerikanska utrikesministern Madeleine Albrights f\u00f6retag, Albright Stonebridge Group.<\/p>\n<p>Han s\u00e4ger sig ha varit fascinerad av Ingmar Bergman redan fr\u00e5n det han som ung s\u00e5g Det sjunde inseglet.<\/p>\n<p>\u00c5se Kleveland var norsk kulturminister 1990-1996. Mellan 1999 och 2006 var hon VD f\u00f6r Svenska Filminstitutet, d\u00e4r hon bl a initierade Stiftelsen Ingmar Bergman och var dess arbetande styrelseordf\u00f6rande i etableringsfasen. \u00c5se leder nu norska Rikskonsertene. Hon ser fram emot att forts\u00e4tta arbeta med bergmanarvet \u2013 och att tillbringa tid p\u00e5 Gotland, d\u00e4r hennes morfar var f\u00f6dd och d\u00e4r hon har sl\u00e4kt.<\/p>\n<p>L\u00e4s \u00e4ven andra bloggares \u00e5sikter om <a href=\"http:\/\/bloggar.se\/om\/P%E4r+Nuder\" rel=\"tag\">P\u00e4r Nuder<\/a>, <a href=\"http:\/\/bloggar.se\/om\/kulturpolitik\" rel=\"tag\">kulturpolitik<\/a><\/p>\n","protected":false},"excerpt":{"rendered":"<p>P\u00e4r Nuder \u00e4r i ropet. Enligt Aftonbladet kommer att f\u00e5 fr\u00e5gan fr\u00e5n valberedningen om att ta \u00f6ver som ny ordf\u00f6rande i Socialdemokraterna. Den nyheten sl\u00e4pptes i helgen och har tuggats och analyserats p\u00e5 m\u00e5nga h\u00e5ll, inom medier och bloggar. Kommer P\u00e4r Nuder att f\u00e5 fr\u00e5gan och kommer han att forts\u00e4tta tacka nej? Ett helt annat [&hellip;]<\/p>\n","protected":false},"author":2,"featured_media":0,"comment_status":"open","ping_status":"open","sticky":false,"template":"","format":"standard","meta":{"_genesis_hide_title":false,"_genesis_hide_breadcrumbs":false,"_genesis_hide_singular_image":false,"_genesis_hide_footer_widgets":false,"_genesis_custom_body_class":"","_genesis_custom_post_class":"","_genesis_layout":"","footnotes":""},"categories":[62],"tags":[3109,4605],"class_list":{"0":"post-29093","1":"post","2":"type-post","3":"status-publish","4":"format-standard","6":"category-medie-och-kulturpolitik","7":"tag-kulturpolitik","8":"tag-par-nuder","9":"entry"},"_links":{"self":[{"href":"https:\/\/kulturbloggen.com\/index.php?rest_route=\/wp\/v2\/posts\/29093","targetHints":{"allow":["GET"]}}],"collection":[{"href":"https:\/\/kulturbloggen.com\/index.php?rest_route=\/wp\/v2\/posts"}],"about":[{"href":"https:\/\/kulturbloggen.com\/index.php?rest_route=\/wp\/v2\/types\/post"}],"author":[{"embeddable":true,"href":"https:\/\/kulturbloggen.com\/index.php?rest_route=\/wp\/v2\/users\/2"}],"replies":[{"embeddable":true,"href":"https:\/\/kulturbloggen.com\/index.php?rest_route=%2Fwp%2Fv2%2Fcomments&post=29093"}],"version-history":[{"count":0,"href":"https:\/\/kulturbloggen.com\/index.php?rest_route=\/wp\/v2\/posts\/29093\/revisions"}],"wp:attachment":[{"href":"https:\/\/kulturbloggen.com\/index.php?rest_route=%2Fwp%2Fv2%2Fmedia&parent=29093"}],"wp:term":[{"taxonomy":"category","embeddable":true,"href":"https:\/\/kulturbloggen.com\/index.php?rest_route=%2Fwp%2Fv2%2Fcategories&post=29093"},{"taxonomy":"post_tag","embeddable":true,"href":"https:\/\/kulturbloggen.com\/index.php?rest_route=%2Fwp%2Fv2%2Ftags&post=29093"}],"curies":[{"name":"wp","href":"https:\/\/api.w.org\/{rel}","templated":true}]}}