{"id":29058,"date":"2011-01-23T19:49:19","date_gmt":"2011-01-23T18:49:19","guid":{"rendered":"http:\/\/kulturbloggen.com\/?p=29058"},"modified":"2011-01-23T19:49:19","modified_gmt":"2011-01-23T18:49:19","slug":"nils-petter-inte-bara-bio","status":"publish","type":"post","link":"https:\/\/kulturbloggen.com\/?p=29058","title":{"rendered":"Nils Petter: Inte bara bio"},"content":{"rendered":"<p><a href=\"http:\/\/kulturbloggen.com\/wp-content\/uploads\/2011\/01\/sundgren-nils-petter-inte-bara-bio.jpg\"><img loading=\"lazy\" decoding=\"async\" src=\"http:\/\/kulturbloggen.com\/wp-content\/uploads\/2011\/01\/sundgren-nils-petter-inte-bara-bio-194x300.jpg\" alt=\"\" title=\"sundgren-nils-petter-inte-bara-bio\" width=\"194\" height=\"300\" class=\"aligncenter size-medium wp-image-29061\" \/><\/a><\/p>\n<p>Nils Petter: Inte bara bio<\/p>\n<p>Filmjournalisten och filmexperten Nils Petter Sundgren, k\u00e4nd bland annat fr\u00e5n SVT:s Filmkr\u00f6nikan och TV4:s filmprogram, \u00e4r v\u00e4l om n\u00e5gon svensk filmkritiks fr\u00e4mste f\u00f6rgrundsgestalt. L\u00e5ng, smal och elegant med v\u00e4nligt leende med framf\u00f6r allt kunnig och bel\u00e4st. Hans biografi kom ut i slutet p\u00e5 2010.<\/p>\n<p>Memoarerna best\u00e5r av dryga 350 sidor fullsp\u00e4ckade med  erfarenheter av hans liv som filmskribent, med fakta om film, filmhistoria, m\u00f6ten med regiss\u00f6rer och sk\u00e5despelare, med tankar om kulturjournalistik och filmjournalistik i synnerhet. Den har varit helt fantastiskt att l\u00e4sa, som en mentor som guidat mig in i filmkritikernas v\u00e4rld.<\/p>\n<p>Han ber\u00e4ttar om tiden p\u00e5 TV2 och tiden p\u00e5 TV4, d\u00e4r han b\u00e5de pekar p\u00e5 avarter av politiskt ideologiskt styrd tv som p\u00e5 \u00f6verkommersiellt driven tv. Nils Petter Sundgren ber\u00e4ttar ibland skvaller och historier han h\u00f6rt, utan att han kan bevisa att allt \u00e4r sant. Det g\u00f6r inget, det g\u00f6r att boken k\u00e4nns som att sitta tillsammans med honom \u00f6ver en kopp te eller ett gott vin och h\u00f6ra honom ber\u00e4tta. Det blir bara mer levande och \u00e4rligt p\u00e5 det s\u00e4ttet.<\/p>\n<p>Som en historia om en tidigare TV2-chef, Kristian Romare. <\/p>\n<blockquote><p>Under ett uppdrag utanf\u00f6r Stockholm bad Romare filmteamet komma in i hans rum f\u00f6r en meditationsstund innan det var dags att g\u00e5 till s\u00e4ngs. N\u00e4r teamet kom in i hans rum hade Romare t\u00e4nt levande ljus framf\u00f6r ett portr\u00e4tt av Lenin. Just Lenin var i ropet, eftersom Stalin inte l\u00e4ngre var riktigt rumsren.<\/p><\/blockquote>\n<p>Inte f\u00f6r att jag vet om jag tror p\u00e5 det. Men \u00e5 andra sidan har m\u00e4nsklighetens historia kantats av en m\u00e4ngd kn\u00e4ppa h\u00e4ndelser.<\/p>\n<p>Fast det allra roligaste att l\u00e4sa \u00e4r f\u00f6rst\u00e5s om alla m\u00f6ten med filmskapare, med regiss\u00f6rer, sk\u00e5despelare och producenter och om Nils Petter Sundgrens tankar om rollen som filmkritiker. <\/p>\n<p>Han ber\u00e4ttar ocks\u00e5 om kontroverser och mellan honom sj\u00e4lv och andra filmkritiker. Jag misst\u00e4nker att de som han ber\u00e4ttar om kanske skulle kunna ge en annan syn p\u00e5 debatterna och konflikterna. Men det g\u00f6r inget, f\u00f6r det h\u00e4r \u00e4r Nils Petters memoarer, inte en journalistisk produkt med krav p\u00e5 objektivitet. Det \u00e4r just att han \u00e4r personlig och subjektiv som \u00e4r en av styrkorna i boken, som g\u00f6r den s\u00e5 trevlig att l\u00e4sa att det var sv\u00e5rt att slita sig.<\/p>\n<p>P\u00e5 ett snyggt s\u00e4tt ber\u00e4ttar han om sig sj\u00e4lv, sin uppv\u00e4xt och sina \u00e4ktenskap och sina v\u00e4nner, utan att det blir f\u00f6r privat men \u00e4nd\u00e5 intressant.<\/p>\n<p>N\u00e4r jag jobbade p\u00e5 webbredaktionen p\u00e5 TV4 tr\u00e4ffade jag honom i f\u00f6rbifarten n\u00e5gra g\u00e5nger. Filmfreak som jag kunde jag f\u00f6rst\u00e5s aldrig l\u00e5ta bli att fr\u00e5ga vad han tyckt om n\u00e5gon av de senaste f\u00f6rhandsvisningarna. Han svarade alltid.<\/p>\n<p>Nils Petter Sundgren har sp\u00e4nst i spr\u00e5ket, sj\u00e4lvklart. Han \u00e4r litteraturvetare ocks\u00e5 och mycket bel\u00e4st och allm\u00e4nbildad inom m\u00e5nga olika kulturarter. Ibland blir meningarna lite ovanliga i sitt uppbyggnad, det k\u00e4nns som om n\u00e5got verk fattas, men det \u00e4r oftast bara att han har ett f\u00f6r idag lite ovanligare s\u00e4tt att bygga meningarna p\u00e5. Jag hittar n\u00e5gra sm\u00e5 slarvfel som  korrekturl\u00e4saren missat. Men jag undrar vem som presterar 350 sidor av en s\u00e5dan filmhistorisk resa utan att tappa bort n\u00e5got litet ord p\u00e5 v\u00e4gen?<\/p>\n<p>Det \u00e4r s\u00e5 mycket fr\u00e5n boken, s\u00e5 m\u00e5nga historier om m\u00f6ten med filmskapare och s\u00e5 m\u00e5nga tankar kring film och filmkritik som jag skulle vilja utveckla och skriva om i den h\u00e4r lilla recensionen. Det skulle dock bli en alltf\u00f6r l\u00e5ng bloggpost. Det skulle \u00e4nd\u00e5 aldrig bli samma sak som att l\u00e4sa boken. Det \u00e4r bara att konstatera, den som \u00e4r filmintresserad har n\u00e5gra trevliga givande timmar framf\u00f6r sig ifall han\/hon l\u00e4ser boken &#8221;Inte bara bio&#8221;.<\/p>\n<p>Fler recensioner av boken:<br \/>\n<a href=\"http:\/\/www.dn.se\/dnbok\/bokrecensioner\/nils-petter-sundgren-inte-bara-bio\">Dagens Nyheter<\/a>, <a href=\"http:\/\/www.expressen.se\/kultur\/1.2163175\/nils-petter-sundgren-inte-bara-bio\">Expressen<\/a>, <a href=\"http:\/\/smp.se\/noje_o_kultur\/bocker\/nils-petter-sundgren-inte-bara-bio-(2157453).gm\">Sm\u00e5landsposten<\/a> och <a href=\"http:\/\/www.svd.se\/kulturnoje\/litteratur\/slagfardig-kritiker-med-hjarta_5454631.svd\">Svenska Dagbladet.<\/a><\/p>\n<p>L\u00e4s \u00e4ven andra bloggares \u00e5sikter om <a href=\"http:\/\/bloggar.se\/om\/bok\" rel=\"tag\">bok<\/a>, <a href=\"http:\/\/bloggar.se\/om\/film\" rel=\"tag\">film<\/a>, <a href=\"http:\/\/bloggar.se\/om\/filmkritik\" rel=\"tag\">filmkritik<\/a>, <a href=\"http:\/\/bloggar.se\/om\/Nils+Petter+Sundgren\" rel=\"tag\">Nils Petter Sundgren<\/a><\/p>\n","protected":false},"excerpt":{"rendered":"<p>Nils Petter: Inte bara bio Filmjournalisten och filmexperten Nils Petter Sundgren, k\u00e4nd bland annat fr\u00e5n SVT:s Filmkr\u00f6nikan och TV4:s filmprogram, \u00e4r v\u00e4l om n\u00e5gon svensk filmkritiks fr\u00e4mste f\u00f6rgrundsgestalt. L\u00e5ng, smal och elegant med v\u00e4nligt leende med framf\u00f6r allt kunnig och bel\u00e4st. Hans biografi kom ut i slutet p\u00e5 2010. Memoarerna best\u00e5r av dryga 350 sidor [&hellip;]<\/p>\n","protected":false},"author":2,"featured_media":0,"comment_status":"open","ping_status":"open","sticky":false,"template":"","format":"standard","meta":{"_genesis_hide_title":false,"_genesis_hide_breadcrumbs":false,"_genesis_hide_singular_image":false,"_genesis_hide_footer_widgets":false,"_genesis_custom_body_class":"","_genesis_custom_post_class":"","_genesis_layout":"","footnotes":""},"categories":[43,3,16],"tags":[12280,1728,3987,12286],"class_list":{"0":"post-29058","1":"post","2":"type-post","3":"status-publish","4":"format-standard","6":"category-bokrecension","7":"category-litteratur","8":"category-recension","9":"tag-litteratur","10":"tag-filmkritik","11":"tag-nils-petter-sundgren","12":"tag-film","13":"entry"},"_links":{"self":[{"href":"https:\/\/kulturbloggen.com\/index.php?rest_route=\/wp\/v2\/posts\/29058","targetHints":{"allow":["GET"]}}],"collection":[{"href":"https:\/\/kulturbloggen.com\/index.php?rest_route=\/wp\/v2\/posts"}],"about":[{"href":"https:\/\/kulturbloggen.com\/index.php?rest_route=\/wp\/v2\/types\/post"}],"author":[{"embeddable":true,"href":"https:\/\/kulturbloggen.com\/index.php?rest_route=\/wp\/v2\/users\/2"}],"replies":[{"embeddable":true,"href":"https:\/\/kulturbloggen.com\/index.php?rest_route=%2Fwp%2Fv2%2Fcomments&post=29058"}],"version-history":[{"count":0,"href":"https:\/\/kulturbloggen.com\/index.php?rest_route=\/wp\/v2\/posts\/29058\/revisions"}],"wp:attachment":[{"href":"https:\/\/kulturbloggen.com\/index.php?rest_route=%2Fwp%2Fv2%2Fmedia&parent=29058"}],"wp:term":[{"taxonomy":"category","embeddable":true,"href":"https:\/\/kulturbloggen.com\/index.php?rest_route=%2Fwp%2Fv2%2Fcategories&post=29058"},{"taxonomy":"post_tag","embeddable":true,"href":"https:\/\/kulturbloggen.com\/index.php?rest_route=%2Fwp%2Fv2%2Ftags&post=29058"}],"curies":[{"name":"wp","href":"https:\/\/api.w.org\/{rel}","templated":true}]}}