{"id":29014,"date":"2011-01-21T08:36:08","date_gmt":"2011-01-21T07:36:08","guid":{"rendered":"http:\/\/kulturbloggen.com\/?p=29014"},"modified":"2011-01-21T08:36:08","modified_gmt":"2011-01-21T07:36:08","slug":"bildt-och-billstrom-talar-med-dubbla-tungor","status":"publish","type":"post","link":"https:\/\/kulturbloggen.com\/?p=29014","title":{"rendered":"Bildt och Billstr\u00f6m talar med dubbla tungor"},"content":{"rendered":"<p>Carl Bildt och Tobias Billstr\u00f6m ville begr\u00e4nsa antalet irakier i Sverige.<br \/>\nI samband med ett m\u00f6te med USA:s ambassad\u00f6r 2007 ska de ha gjort s\u00e5dana uttalanden.<br \/>\nBildt ska bland annat ha tagit upp svenskarnas krav p\u00e5 en h\u00e5rdare invandringspolitik, uppger amerikansk ambassadpersonal i nya Wikileaks\u00addokument.<br \/>\n<a href=\"http:\/\/www.aftonbladet.se\/nyheter\/article8443074.ab\">K\u00e4lla Aftonbladet.<\/a><\/p>\n<p>Detta \u00e4r en av de mest ombloggade nyheterna i svenska bloggv\u00e4rlden fredag 21 januari.<br \/>\nJo, det \u00e4r intressant. Men inte s\u00e4rskilt f\u00f6rv\u00e5nande. Jag menar b\u00e5de att det \u00e4r den mest ombloggade nyheten och sj\u00e4lva nyheten.<br \/>\nBloggv\u00e4rlden i Sverige, allts\u00e5 den som syns p\u00e5 <a href=\"http:\/\/knuff.se\/\">Knuff<\/a> och Intressant, \u00e4r i princip de bloggar som bloggar om politik.<br \/>\nAnnat syns knappt d\u00e4r, oavsett om det \u00e4r m\u00e5nga, m\u00e5nga bloggare som tar upp annat.<\/p>\n<p>Att politiker k\u00f6r falkspel eller dubbelspel \u00e4r tyv\u00e4rr inte ovanligt. Vissa politiker menar nog till och med att det ligger i deras roll, att de inte ska s\u00e4ga \u00f6ppet vad de t\u00e4nker och tycker. De har v\u00e4l n\u00e5gon slags f\u00f6rvriden uppfattning om att vanligt folk inte begriper saker lika bra som de sj\u00e4lva g\u00f6ra.<\/p>\n<p>Att s\u00e4ga \u00f6ppet att de vill minska antalet invandrare \u00e4r inte direkt politiskt korrekt. Det h\u00e4r \u00e4r ett stort problem, att politiker inte s\u00e4ger vad de verkligen tycker i olika fr\u00e5gor- Vad \u00e4r det som g\u00f6r att de inte vill s\u00e4ga vad de tycker i fr\u00e5gan? \u00c4r de r\u00e4dda att inte bli omvandla, att in f\u00e5 forts\u00e4tta p\u00e5 sin v\u00e4lbetalda post? \u00c4r de r\u00e4dda att uppfattas som Sverigedemokrater?<\/p>\n<p>V\u00e4rlden och Sverige m\u00e5r inte bra av halvsanningar, l\u00f6gner och dolda agendor.<\/p>\n<p>Ur Aftonbladet:<\/p>\n<blockquote><p>Bildt har \u00e4n s\u00e5 l\u00e4nge valt att inte kommentera dokumenten.<br \/>\n\u2013 Carl Bildt har inga kommentarer eftersom det \u00e4r Wikileaksdokument och uppgifter fr\u00e5n tredje part, s\u00e4ger Carl Bildts pressekreterare Anna Charlotta Johansson till Aftonbladet.<br \/>\nSamma svar ger Billstr\u00f6ms pressekreterare.<br \/>\n\u2013 Nej, vi har inga kommentarer eftersom det \u00e4r Wikileaksdokument och tredjehandsinformation, s\u00e4ger Linda Norberg, pressekreterare hos Tobias Billstr\u00f6m, till Aftonbladet.<\/p><\/blockquote>\n<p>De kommer allts\u00e5 att f\u00f6rsvara sig med att h\u00e4vda att det inte \u00e4r sant.<\/p>\n<p>Relatert: <a href=\"http:\/\/www.alliansfrittsverige.nu\/2011\/01\/wikileaksavslojande-och-kuanmalan-om.html\">Alliansfritt Sverige<\/a> och <a href=\"http:\/\/www.svd.se\/nyheter\/inrikes\/ministrar-ville-stoppa-vag-av-irakier_5881645.svd\">Svenska Dagbladet<\/a> och hos <a href=\"http:\/\/rodaberget.wordpress.com\/2011\/01\/21\/dagens-bloggtips-peter-andersson-om-tomelilla\/\">R\u00f6da Berget<\/a> och h<a href=\"http:\/\/www.zaramis.nu\/blog\/2011\/01\/21\/lognarna-bildt-och-billstrom\/\">os Svensson<\/a>.<\/p>\n<p>L\u00e4s \u00e4ven andra bloggares \u00e5sikter om <a href=\"http:\/\/bloggar.se\/om\/Bildt\" rel=\"tag\">Bildt<\/a>, <a href=\"http:\/\/bloggar.se\/om\/Billstr%F6m\" rel=\"tag\">Billstr\u00f6m<\/a>, <a href=\"http:\/\/bloggar.se\/om\/politik\" rel=\"tag\">politik<\/a>, <a href=\"http:\/\/bloggar.se\/om\/Irak\" rel=\"tag\">Irak<\/a>, <a href=\"http:\/\/bloggar.se\/om\/invandring\" rel=\"tag\">invandring<\/a><\/p>\n","protected":false},"excerpt":{"rendered":"<p>Carl Bildt och Tobias Billstr\u00f6m ville begr\u00e4nsa antalet irakier i Sverige. I samband med ett m\u00f6te med USA:s ambassad\u00f6r 2007 ska de ha gjort s\u00e5dana uttalanden. Bildt ska bland annat ha tagit upp svenskarnas krav p\u00e5 en h\u00e5rdare invandringspolitik, uppger amerikansk ambassadpersonal i nya Wikileaks\u00addokument. K\u00e4lla Aftonbladet. Detta \u00e4r en av de mest ombloggade nyheterna [&hellip;]<\/p>\n","protected":false},"author":2,"featured_media":0,"comment_status":"open","ping_status":"open","sticky":false,"template":"","format":"standard","meta":{"_genesis_hide_title":false,"_genesis_hide_breadcrumbs":false,"_genesis_hide_singular_image":false,"_genesis_hide_footer_widgets":false,"_genesis_custom_body_class":"","_genesis_custom_post_class":"","_genesis_layout":"","footnotes":""},"categories":[44],"tags":[638,651,2525,2553,12284],"class_list":{"0":"post-29014","1":"post","2":"type-post","3":"status-publish","4":"format-standard","6":"category-chadie","7":"tag-bildt","8":"tag-billstrom","9":"tag-invandring","10":"tag-irak","11":"tag-politik","12":"entry"},"_links":{"self":[{"href":"https:\/\/kulturbloggen.com\/index.php?rest_route=\/wp\/v2\/posts\/29014","targetHints":{"allow":["GET"]}}],"collection":[{"href":"https:\/\/kulturbloggen.com\/index.php?rest_route=\/wp\/v2\/posts"}],"about":[{"href":"https:\/\/kulturbloggen.com\/index.php?rest_route=\/wp\/v2\/types\/post"}],"author":[{"embeddable":true,"href":"https:\/\/kulturbloggen.com\/index.php?rest_route=\/wp\/v2\/users\/2"}],"replies":[{"embeddable":true,"href":"https:\/\/kulturbloggen.com\/index.php?rest_route=%2Fwp%2Fv2%2Fcomments&post=29014"}],"version-history":[{"count":0,"href":"https:\/\/kulturbloggen.com\/index.php?rest_route=\/wp\/v2\/posts\/29014\/revisions"}],"wp:attachment":[{"href":"https:\/\/kulturbloggen.com\/index.php?rest_route=%2Fwp%2Fv2%2Fmedia&parent=29014"}],"wp:term":[{"taxonomy":"category","embeddable":true,"href":"https:\/\/kulturbloggen.com\/index.php?rest_route=%2Fwp%2Fv2%2Fcategories&post=29014"},{"taxonomy":"post_tag","embeddable":true,"href":"https:\/\/kulturbloggen.com\/index.php?rest_route=%2Fwp%2Fv2%2Ftags&post=29014"}],"curies":[{"name":"wp","href":"https:\/\/api.w.org\/{rel}","templated":true}]}}