{"id":29004,"date":"2011-01-21T08:48:15","date_gmt":"2011-01-21T07:48:15","guid":{"rendered":"http:\/\/kulturbloggen.com\/?p=29004"},"modified":"2011-01-21T08:48:15","modified_gmt":"2011-01-21T07:48:15","slug":"boktips-rod-skymning-fran-nystartade-fantasyforlaget-ascentoria","status":"publish","type":"post","link":"https:\/\/kulturbloggen.com\/?p=29004","title":{"rendered":"Boktips: R\u00f6d Skymning fr\u00e5n nystartade fantasyf\u00f6rlaget Ascentoria"},"content":{"rendered":"<p><a href=\"http:\/\/kulturbloggen.com\/wp-content\/uploads\/2011\/01\/rodskymning.jpg\"><img loading=\"lazy\" decoding=\"async\" src=\"http:\/\/kulturbloggen.com\/wp-content\/uploads\/2011\/01\/rodskymning-300x183.jpg\" alt=\"\" title=\"rodskymning\" width=\"300\" height=\"183\" class=\"aligncenter size-medium wp-image-29005\" \/><\/a><\/p>\n<p>R\u00f6d skymning \u00e4r den f\u00f6rsta boken i en fantasyserie om h\u00e4ndelser i en fantasyv\u00e4rld. Men det \u00e4r dessutom den f\u00f6rsta boken som ges ut av det nystartade fantasyf\u00f6rlaget Ascentoria. <\/p>\n<p>Fredrik Lindblom fr\u00e5n bokf\u00f6rlaget och som ocks\u00e5 \u00e4r f\u00f6rfattare till boken presenterar f\u00f6rlaget i ett mail:<br \/>\n<em>Vi \u00e4r ett litet f\u00f6rlag som satsar stort p\u00e5 h\u00f6gkvalitativa utgivningar. Under tre \u00e5rs tid har vi jobbat intensivt med ett projekt som g\u00e5r under titeln &#8221;R\u00f6d skymning&#8221;. Denna bok kommer att lanseras i alla st\u00f6rre internetbokhandlar och m\u00e5nga fysiska bokhandlar den 17:e januari 2011.<\/em><\/p>\n<p>R\u00f6d skymning handlar om Theresa. Hon f\u00f6rlorar hela sin familj n\u00e4r f\u00f6rvildade soldater br\u00e4nner ner byn och sk\u00f6vlar allt i sin v\u00e4g. Theresa tas om hand av den r\u00e4ttframme generalen Premanos och blir som en dotter till honom, s\u00e5 n\u00e4ra relation f\u00e5r de. Hon vill inget hellre \u00e4n att bli soldat, driven av viljan att h\u00e4mnas.<\/p>\n<p>Hon blir soldat och f\u00e5r ge sig iv\u00e4g ut i kriget d\u00e4r hon m\u00f6ter b\u00e5de falskhet, mod och feghet, ja som livet \u00e4r och som m\u00e4nniskor i krig \u00e4r. Bokf\u00f6rlaget skriver:.<em>Den behandlar ett flertal st\u00f6rre \u00e4mnen, men i fokus ligger kamratskap, \u00e4ra, sorg, k\u00e4rlek, mod och h\u00f6gmod. <\/em><\/p>\n<p>Bokens styrka \u00e4r att det \u00e4r en \u00e4ventyrsbok i fantasymilj\u00f6. Det h\u00e4nder massor och det \u00e4r sp\u00e4nnande. En f\u00f6rdel \u00e4r ocks\u00e5 att till skillnad fr\u00e5n s\u00e5 m\u00e5nga andra b\u00f6cker inom fantasyv\u00e4rlden \u00e4r kvinnor delaktiga i kamp och strid. Inte s\u00e5 att det \u00e4r j\u00e4mst\u00e4llt, men det \u00e4r r\u00e4tt likt som det faktiskt \u00e4r i v\u00e5r vanliga v\u00e4rld under 2000-talet. En annan kvalitet med boken \u00e4r att den \u00e4r i mycket bra tryck, med m\u00e5nga fina illustrationer.<\/p>\n<p>D\u00e4remot tycker jag att dialogerna \u00e4r lite krystade, stela. En hel del i det som s\u00e4gs i dialogerna borde lyfts in i beskrivningarna ist\u00e4llet. Det \u00e4r som i Liza Marklunds deckare om kv\u00e4llstidningsreportern Annika Bengtzon d\u00e4r personerna \u00e5tminstone i de senaste b\u00f6ckerna talar som om de st\u00e4ndigt l\u00e4ste upp en rapport. M\u00e4nniskor pratar inte som om de l\u00e4ser upp en faktabok, varken poliser eller fantasykarakt\u00e4rer.<\/p>\n<p>R\u00f6d skymning<br \/>\nF\u00f6rfattare: Fredrik Lindblom<br \/>\nISBN: 9789197930901<br \/>\nF\u00f6rlag: <a href=\"http:\/\/www.ascentoria.se\/\">Ascentoria<\/a><\/p>\n<p>L\u00e4s \u00e4ven andra bloggares \u00e5sikter om <a href=\"http:\/\/bloggar.se\/om\/Ascentoria\" rel=\"tag\">Ascentoria<\/a>, <a href=\"http:\/\/bloggar.se\/om\/fantasy\" rel=\"tag\">fantasy<\/a>, <a href=\"http:\/\/bloggar.se\/om\/b%F6cker\" rel=\"tag\">b\u00f6cker<\/a>, <a href=\"http:\/\/bloggar.se\/om\/litteratur\" rel=\"tag\">litteratur<\/a>, <a href=\"http:\/\/bloggar.se\/om\/recension\" rel=\"tag\">recension<\/a><\/p>\n","protected":false},"excerpt":{"rendered":"<p>R\u00f6d skymning \u00e4r den f\u00f6rsta boken i en fantasyserie om h\u00e4ndelser i en fantasyv\u00e4rld. Men det \u00e4r dessutom den f\u00f6rsta boken som ges ut av det nystartade fantasyf\u00f6rlaget Ascentoria. Fredrik Lindblom fr\u00e5n bokf\u00f6rlaget och som ocks\u00e5 \u00e4r f\u00f6rfattare till boken presenterar f\u00f6rlaget i ett mail: Vi \u00e4r ett litet f\u00f6rlag som satsar stort p\u00e5 h\u00f6gkvalitativa [&hellip;]<\/p>\n","protected":false},"author":2,"featured_media":0,"comment_status":"open","ping_status":"open","sticky":false,"template":"","format":"standard","meta":{"_genesis_hide_title":false,"_genesis_hide_breadcrumbs":false,"_genesis_hide_singular_image":false,"_genesis_hide_footer_widgets":false,"_genesis_custom_body_class":"","_genesis_custom_post_class":"","_genesis_layout":"","footnotes":""},"categories":[43,3,16],"tags":[428,907,12280,1661,12285],"class_list":{"0":"post-29004","1":"post","2":"type-post","3":"status-publish","4":"format-standard","6":"category-bokrecension","7":"category-litteratur","8":"category-recension","9":"tag-ascentoria","10":"tag-bocker","11":"tag-litteratur","12":"tag-fantasy","13":"tag-recension","14":"entry"},"_links":{"self":[{"href":"https:\/\/kulturbloggen.com\/index.php?rest_route=\/wp\/v2\/posts\/29004","targetHints":{"allow":["GET"]}}],"collection":[{"href":"https:\/\/kulturbloggen.com\/index.php?rest_route=\/wp\/v2\/posts"}],"about":[{"href":"https:\/\/kulturbloggen.com\/index.php?rest_route=\/wp\/v2\/types\/post"}],"author":[{"embeddable":true,"href":"https:\/\/kulturbloggen.com\/index.php?rest_route=\/wp\/v2\/users\/2"}],"replies":[{"embeddable":true,"href":"https:\/\/kulturbloggen.com\/index.php?rest_route=%2Fwp%2Fv2%2Fcomments&post=29004"}],"version-history":[{"count":0,"href":"https:\/\/kulturbloggen.com\/index.php?rest_route=\/wp\/v2\/posts\/29004\/revisions"}],"wp:attachment":[{"href":"https:\/\/kulturbloggen.com\/index.php?rest_route=%2Fwp%2Fv2%2Fmedia&parent=29004"}],"wp:term":[{"taxonomy":"category","embeddable":true,"href":"https:\/\/kulturbloggen.com\/index.php?rest_route=%2Fwp%2Fv2%2Fcategories&post=29004"},{"taxonomy":"post_tag","embeddable":true,"href":"https:\/\/kulturbloggen.com\/index.php?rest_route=%2Fwp%2Fv2%2Ftags&post=29004"}],"curies":[{"name":"wp","href":"https:\/\/api.w.org\/{rel}","templated":true}]}}