{"id":28945,"date":"2011-01-20T00:33:46","date_gmt":"2011-01-19T23:33:46","guid":{"rendered":"http:\/\/kulturbloggen.com\/?p=28945"},"modified":"2011-01-20T00:33:46","modified_gmt":"2011-01-19T23:33:46","slug":"acer-ersatter-sina-netbooks-med-pekplattor","status":"publish","type":"post","link":"https:\/\/kulturbloggen.com\/?p=28945","title":{"rendered":"Acer ers\u00e4tter sina Netbooks med pekplattor"},"content":{"rendered":"<figure id=\"attachment_26985\" aria-describedby=\"caption-attachment-26985\" style=\"width: 225px\" class=\"wp-caption aligncenter\"><a href=\"http:\/\/kulturbloggen.com\/wp-content\/uploads\/2010\/11\/ipadipad.jpg\"><img loading=\"lazy\" decoding=\"async\" class=\"size-medium wp-image-26985 \" style=\"border: 0pt none;\" title=\"ipadipad\" src=\"http:\/\/kulturbloggen.com\/wp-content\/uploads\/2010\/11\/ipadipad-225x300.jpg\" alt=\"\" width=\"225\" height=\"300\" \/><\/a><figcaption id=\"caption-attachment-26985\" class=\"wp-caption-text\">Apple var f\u00f6rst ut med en pekplatta som slog<\/figcaption><\/figure>\n<p>Nu b\u00f6rjar pekplattorna sl\u00e5 igenom p\u00e5 allvar. <a href=\"http:\/\/www.idg.se\/2.1085\/1.363861\/acer-ersatter-minibarbara-med-pekplattor?utm_source=feedburner&amp;utm_medium=feed&amp;utm_campaign=Feed%3A+idg%2Fvzzs+%28IDG.se%3A+Hetaste+IT-nyheterna+fr%C3%A5n+IDG.se%29&amp;utm_content=Google+Reader\">Acer g\u00e5r s\u00e5 l\u00e5ngt att det stryker minib\u00e4rbara fr\u00e5n repertoaren<\/a>. Tyv\u00e4rr hittar jag uinga bilder p\u00e5 Acerplattorna men numera vet vi ju hur en s\u00e5dan ser ut. Jag har haft stor gl\u00e4dje av mina <a href=\"http:\/\/usa.asus.com\/ProductGroup1.aspx?PG_ID=7dDelmkESu9DXgVB\">2 Asus EeePC<\/a>.<\/p>\n<p>Jag \u00e4r s\u00e5 f\u00f6rtjust i denna formfaktor att jag har sv\u00e5rt att tro att den kommer att f\u00f6rsvinna. Visst \u00f6verlappar pekplattan med minib\u00e4rbara p\u00e5 vissa omr\u00e5den med jag tror inte den ena ers\u00e4tter den andra. Hellre d\u00e5 en av varje. S\u00e5 ser i alla fall mina behov ut. Mobilen fungerar utm\u00e4rkt att blogga med men \u00e4r inte s\u00e4rskilt bekv\u00e4m och jag k\u00e4nner mig begr\u00e4nsad. Helst skulle jag se att Netbook blir en standard och hoppas att de kommer att finnas kvar.<\/p>\n<p>De nya pekplattorna anv\u00e4nder Android som operativsystem ist\u00e4llet f\u00f6r Windows. Det skall g\u00f6ra dem snabbare.<\/p>\n<p><a href=\"http:\/\/intressant.se\/intressant\">Intressant?<\/a> L\u00e4s \u00e4ven andra bloggares \u00e5sikter om <a rel=\"tag\" href=\"http:\/\/bloggar.se\/om\/Pekplatta\">Pekplatta<\/a>, <a rel=\"tag\" href=\"http:\/\/bloggar.se\/om\/Apple\">Apple<\/a>, <a rel=\"tag\" href=\"http:\/\/bloggar.se\/om\/Netbook\">Netbook<\/a>, <a rel=\"tag\" href=\"http:\/\/bloggar.se\/om\/B%E4rbart\">B\u00e4rbart<\/a>, <a rel=\"tag\" href=\"http:\/\/bloggar.se\/om\/mobilt\">mobilt<\/a>, <a rel=\"tag\" href=\"http:\/\/bloggar.se\/om\/Android\">Android<\/a><\/p>\n<div class=\"zemanta-pixie\"><img decoding=\"async\" class=\"zemanta-pixie-img\" src=\"http:\/\/img.zemanta.com\/pixy.gif?x-id=aa580a9e-1327-85dd-b926-c8a561e378f5\" alt=\"\" \/><\/div>\n","protected":false},"excerpt":{"rendered":"<p>Nu b\u00f6rjar pekplattorna sl\u00e5 igenom p\u00e5 allvar. Acer g\u00e5r s\u00e5 l\u00e5ngt att det stryker minib\u00e4rbara fr\u00e5n repertoaren. Tyv\u00e4rr hittar jag uinga bilder p\u00e5 Acerplattorna men numera vet vi ju hur en s\u00e5dan ser ut. Jag har haft stor gl\u00e4dje av mina 2 Asus EeePC. Jag \u00e4r s\u00e5 f\u00f6rtjust i denna formfaktor att jag har sv\u00e5rt [&hellip;]<\/p>\n","protected":false},"author":13,"featured_media":0,"comment_status":"open","ping_status":"open","sticky":false,"template":"","format":"standard","meta":{"_genesis_hide_title":false,"_genesis_hide_breadcrumbs":false,"_genesis_hide_singular_image":false,"_genesis_hide_footer_widgets":false,"_genesis_custom_body_class":"","_genesis_custom_post_class":"","_genesis_layout":"","footnotes":""},"categories":[20],"tags":[274,362,905,64,3949,4297],"class_list":{"0":"post-28945","1":"post","2":"type-post","3":"status-publish","4":"format-standard","6":"category-film","7":"tag-android","8":"tag-apple","9":"tag-barbart","10":"tag-mobilt","11":"tag-netbook","12":"tag-pekplatta","13":"entry"},"_links":{"self":[{"href":"https:\/\/kulturbloggen.com\/index.php?rest_route=\/wp\/v2\/posts\/28945","targetHints":{"allow":["GET"]}}],"collection":[{"href":"https:\/\/kulturbloggen.com\/index.php?rest_route=\/wp\/v2\/posts"}],"about":[{"href":"https:\/\/kulturbloggen.com\/index.php?rest_route=\/wp\/v2\/types\/post"}],"author":[{"embeddable":true,"href":"https:\/\/kulturbloggen.com\/index.php?rest_route=\/wp\/v2\/users\/13"}],"replies":[{"embeddable":true,"href":"https:\/\/kulturbloggen.com\/index.php?rest_route=%2Fwp%2Fv2%2Fcomments&post=28945"}],"version-history":[{"count":0,"href":"https:\/\/kulturbloggen.com\/index.php?rest_route=\/wp\/v2\/posts\/28945\/revisions"}],"wp:attachment":[{"href":"https:\/\/kulturbloggen.com\/index.php?rest_route=%2Fwp%2Fv2%2Fmedia&parent=28945"}],"wp:term":[{"taxonomy":"category","embeddable":true,"href":"https:\/\/kulturbloggen.com\/index.php?rest_route=%2Fwp%2Fv2%2Fcategories&post=28945"},{"taxonomy":"post_tag","embeddable":true,"href":"https:\/\/kulturbloggen.com\/index.php?rest_route=%2Fwp%2Fv2%2Ftags&post=28945"}],"curies":[{"name":"wp","href":"https:\/\/api.w.org\/{rel}","templated":true}]}}