{"id":28708,"date":"2011-01-14T09:43:18","date_gmt":"2011-01-14T08:43:18","guid":{"rendered":"http:\/\/kulturbloggen.com\/?p=28708"},"modified":"2011-01-14T09:43:18","modified_gmt":"2011-01-14T08:43:18","slug":"stodgala-for-haiti-sondag-30-januari-pa-sodra-teatern","status":"publish","type":"post","link":"https:\/\/kulturbloggen.com\/?p=28708","title":{"rendered":"St\u00f6dgala f\u00f6r Haiti s\u00f6ndag 30 januari p\u00e5 S\u00f6dra Teatern"},"content":{"rendered":"<p><a href=\"http:\/\/kulturbloggen.com\/wp-content\/uploads\/2011\/01\/husetlogga_329.jpg\"><img loading=\"lazy\" decoding=\"async\" src=\"http:\/\/kulturbloggen.com\/wp-content\/uploads\/2011\/01\/husetlogga_329-300x233.jpg\" alt=\"\" title=\"husetlogga_329\" width=\"300\" height=\"233\" class=\"aligncenter size-medium wp-image-28709\" \/><\/a><br \/>\nI dagarna \u00e4r det 1 \u00e5r sedan Haiti drabbades av en jordb\u00e4vning, en av de kraftigaste i omr\u00e5det p\u00e5 l\u00e4nge. Som rapporterna i media har visat s\u00e5 \u00e4r behovet av hj\u00e4lp fortfarande stort. P\u00e5 <a href=\"http:\/\/www.sodrateatern.com\/default.aspx\">S\u00f6dra Teatern<\/a> g\u00f6r elever fr\u00e5n S\u00f6dra Latin f\u00f6r andra \u00e5ret i rad en st\u00f6dgala, det blir b\u00e5de musik, monologer och dansuppvisningar.<\/p>\n<p>H\u00e4r ber\u00e4ttar S\u00f6dra Teatern mer:<br \/>\nSkalvet som drabbade Haiti den 12 januari 2010 hade magnituden 7,0 och var d\u00e4rmed ett av de kraftigaste i omr\u00e5det p\u00e5 \u00f6ver 200 \u00e5r. I sitt tal p\u00e5 \u00e5rsdagen sa landets premi\u00e4rminister Jean-Max Bellerive, att minst 316.000 m\u00e4nniskor omkommit p\u00e5 grund av katastrofen. Enligt SVT:s Aktuellt bor idag 810 000 personer i t\u00e4ltl\u00e4ger som f\u00f6ljd av den. Sjukdomar som koleran sk\u00f6rdar hela tiden nya offer, m\u00e5nga barn blev f\u00f6r\u00e4ldral\u00f6sa. Engagemanget hos S\u00f6dra Latins elever att vilja g\u00f6ra n\u00e5got f\u00f6r de drabbade var och \u00e4r stort. De k\u00e4nde att om man inte har pengar f\u00e5r man st\u00e4lla upp p\u00e5 andra s\u00e4tt. S\u00e5 f\u00f6ddes id\u00e9n om en st\u00f6dgala och samarbetet med S\u00f6dra Teatern p\u00e5b\u00f6rjades.<br \/>\n-Det k\u00e4nns oerh\u00f6rt fantastiskt att f\u00e5 anv\u00e4nda sin kreativitet och beg\u00e5vning till ett projekt som g\u00e5r direkt till de beh\u00f6vande. Det \u00e4r grymt att v\u00e5ra int\u00e4kter g\u00e5r direkt till \u00e4ndam\u00e5let, utan mellanh\u00e4nder, det \u00e4r nog ganska unikt idag, s\u00e4ger Rebecca Petersson, elev p\u00e5 S\u00f6dra Latins yrkesmusikerlinje med s\u00e5ng som huvudinstrument.<br \/>\nRebecca Peterson var med redan f\u00f6rra \u00e5ret. \u00c5rets Haiti-gala blir en ca 2 timmar l\u00e5ng f\u00f6rest\u00e4llning med henne och andra elever fr\u00e5n S\u00f6dra Latins gymnasium. Det blir dansuppvisningar, monologer, s\u00e5ngframtr\u00e4danden till instrumentala ensembler, kammark\u00f6r och symfoniorkester. Eleverna sk\u00f6ter allt fr\u00e5n att st\u00e5 p\u00e5 scen till att s\u00e4lja biljetter, st\u00e5 i garderoben och hj\u00e4lper till med att rigga ljud och ljus Alla biljettint\u00e4kter g\u00e5r till L\u00e4karmissionens arbete f\u00f6r Haitis uppbyggnad.<br \/>\nTanken \u00e4r att st\u00f6det ska vara l\u00e5ngsiktigt liksom samarbetet mellan S\u00f6dra Teatern och S\u00f6dra Latin. Victor Hels\u00e9n, till vardags floor manager p\u00e5 S\u00f6dra Teatern ansvarar d\u00e4rifr\u00e5n.<br \/>\n&#8211; Att f\u00e5 jobba med de h\u00e4r fantastiska ungdomarna som tog initiativ till galan och sliter hund, och hur vi sydde ihop en helt fantastisk dag med bara en veckas varsel var bara helt otroligt. Min vision \u00e4r att samarbetet ska forts\u00e4tta, \u00e4ven om vi som just nu h\u00e5ller i det skulle f\u00f6rsvinna ur bilden. Att vi n\u00e5gon g\u00e5ng i framtiden ska kunna driva en kulturinstitution f\u00f6r ungdomar p\u00e5 Haiti med de pengar vi drar in p\u00e5 Galan. Jag ser framf\u00f6r mig hur vi fr\u00e5n S\u00f6dra Teatern och S\u00f6dra Latin \u00e5ker \u00f6ver och h\u00e4lsar p\u00e5 och hur vi f\u00e5r elever d\u00e4rifr\u00e5n som kommer hit och spelar, s\u00e4ger Victor Hels\u00e9n.<\/p>\n<p>St\u00f6dgala f\u00f6r Haiti, s\u00f6ndag 30 januari kl 15:00, S\u00f6dra Teatern, Stockholm<br \/>\nGalan p\u00e5g\u00e5r ca 2 timmar inkl paus.<br \/>\nAlla biljettint\u00e4kter g\u00e5r till L\u00e4karmissionens arbete f\u00f6r Haitis uppbyggnad.<\/p>\n<p>L\u00e4s \u00e4ven andra bloggares \u00e5sikter om <a href=\"http:\/\/bloggar.se\/om\/Haiti\" rel=\"tag\">Haiti<\/a>, <a href=\"http:\/\/bloggar.se\/om\/S%F6dra+teatern\" rel=\"tag\">S\u00f6dra teatern<\/a><\/p>\n","protected":false},"excerpt":{"rendered":"<p>I dagarna \u00e4r det 1 \u00e5r sedan Haiti drabbades av en jordb\u00e4vning, en av de kraftigaste i omr\u00e5det p\u00e5 l\u00e4nge. Som rapporterna i media har visat s\u00e5 \u00e4r behovet av hj\u00e4lp fortfarande stort. P\u00e5 S\u00f6dra Teatern g\u00f6r elever fr\u00e5n S\u00f6dra Latin f\u00f6r andra \u00e5ret i rad en st\u00f6dgala, det blir b\u00e5de musik, monologer och dansuppvisningar. [&hellip;]<\/p>\n","protected":false},"author":13,"featured_media":0,"comment_status":"open","ping_status":"open","sticky":false,"template":"","format":"standard","meta":{"_genesis_hide_title":false,"_genesis_hide_breadcrumbs":false,"_genesis_hide_singular_image":false,"_genesis_hide_footer_widgets":false,"_genesis_custom_body_class":"","_genesis_custom_post_class":"","_genesis_layout":"","footnotes":""},"categories":[20],"tags":[2176,5598],"class_list":{"0":"post-28708","1":"post","2":"type-post","3":"status-publish","4":"format-standard","6":"category-film","7":"tag-haiti","8":"tag-sodra-teatern","9":"entry"},"_links":{"self":[{"href":"https:\/\/kulturbloggen.com\/index.php?rest_route=\/wp\/v2\/posts\/28708","targetHints":{"allow":["GET"]}}],"collection":[{"href":"https:\/\/kulturbloggen.com\/index.php?rest_route=\/wp\/v2\/posts"}],"about":[{"href":"https:\/\/kulturbloggen.com\/index.php?rest_route=\/wp\/v2\/types\/post"}],"author":[{"embeddable":true,"href":"https:\/\/kulturbloggen.com\/index.php?rest_route=\/wp\/v2\/users\/13"}],"replies":[{"embeddable":true,"href":"https:\/\/kulturbloggen.com\/index.php?rest_route=%2Fwp%2Fv2%2Fcomments&post=28708"}],"version-history":[{"count":0,"href":"https:\/\/kulturbloggen.com\/index.php?rest_route=\/wp\/v2\/posts\/28708\/revisions"}],"wp:attachment":[{"href":"https:\/\/kulturbloggen.com\/index.php?rest_route=%2Fwp%2Fv2%2Fmedia&parent=28708"}],"wp:term":[{"taxonomy":"category","embeddable":true,"href":"https:\/\/kulturbloggen.com\/index.php?rest_route=%2Fwp%2Fv2%2Fcategories&post=28708"},{"taxonomy":"post_tag","embeddable":true,"href":"https:\/\/kulturbloggen.com\/index.php?rest_route=%2Fwp%2Fv2%2Ftags&post=28708"}],"curies":[{"name":"wp","href":"https:\/\/api.w.org\/{rel}","templated":true}]}}