{"id":28643,"date":"2011-01-13T08:52:56","date_gmt":"2011-01-13T07:52:56","guid":{"rendered":"http:\/\/kulturbloggen.com\/?p=28643"},"modified":"2011-01-13T08:52:56","modified_gmt":"2011-01-13T07:52:56","slug":"expressen-jag-ar-utarbetad-sager-ulf-lundell-till-aftonbladet","status":"publish","type":"post","link":"https:\/\/kulturbloggen.com\/?p=28643","title":{"rendered":"Expressen:  Jag \u00e4r utarbetad, s\u00e4ger Ulf Lundell till Aftonbladet"},"content":{"rendered":"<p><a href=\"http:\/\/kulturbloggen.com\/wp-content\/uploads\/2010\/12\/ulflundell_vinter.jpg\"><img loading=\"lazy\" decoding=\"async\" src=\"http:\/\/kulturbloggen.com\/wp-content\/uploads\/2010\/12\/ulflundell_vinter.jpg\" alt=\"\" title=\"ulflundell_vinter\" width=\"251\" height=\"278\" class=\"aligncenter size-full wp-image-27097\" \/><\/a><br \/>\nBeskedet att Ulf Lundell st\u00e4ller in hela sin turn\u00e9 med 23 spelningar och h\u00e4nvisar till sjukdom slog ned som bomb.<br \/>\nM\u00e5nga har skickat h\u00e4lsningar till Ulf Lundell, b\u00e5de via Aftonbladet och <a href=\"http:\/\/www.alltomuffe.nu\/blogg\/manga-krya-pa-dig-halsningar-till-ulf-lundell-pa-alltomuffe\/\">fanbloggen Alltomuffe<\/a> och <a href=\"http:\/\/www.facebook.com\/pages\/alltomuffe\/124892468028\">fansidan p\u00e5 Facebook<\/a>.<\/p>\n<p>Men vad har drabbat Ulf Lundell? M\u00e5nga \u00e4r oroliga och n\u00e5got s\u00e4kert svar har inte kommit \u00e4n. Expressen skriver att Ulf Lundell sagt till Aftonbladet att han \u00e4r utarbetad. Men det finns inte p\u00e5 webben \u00e4n. Kanske \u00e4r det i papperstidningen som Aftonbladet skrivit att han \u00e4r utarbetad? Det f\u00f6rv\u00e5nar mig \u00e4nd\u00e5, f\u00f6r med det krig som r\u00e5der mellan <a href=\"http:\/\/www.dagensmedia.se\/nyheter\/print\/article3065119.ece\">Expressen och Aftonbladet d\u00e4r b\u00e5da nu h\u00e4vdar att de \u00e4r st\u00f6rst,<\/a> d\u00e5 \u00e4r v\u00e4l m\u00e5nga klick p\u00e5 webben ocks\u00e5 v\u00e4rd n\u00e5got? En sak \u00e4r s\u00e4ker: intresset f\u00f6r Ulf Lundell \u00e4r stort och det \u00e4r m\u00e5nga som vill veta vad som h\u00e4nt. En artikel med f\u00f6rklaring om vad som h\u00e4nt Ulf Lundell kommer att ge m\u00e5nga l\u00e4sare. Vi \u00e4r m\u00e5nga som vill veta.<\/p>\n<p>Jag kan t\u00e4nka mig att det \u00e4r retsamt f\u00f6r Expressen att beh\u00f6va h\u00e4nvisa till Aftonbladet och inte sj\u00e4lv ha f\u00e5tt tala med Ulf Lundell.<\/p>\n<p><a href=\"http:\/\/www.expressen.se\/noje\/1.2288727\/darfor-staller-ulf-lundell-in-sin-turne\">Expressen skriver s\u00e5 h\u00e4r:<\/a><\/p>\n<blockquote><p>Men nu ber\u00e4ttar artisten f\u00f6r f\u00f6rsta g\u00e5ngen om hur han m\u00e5r fr\u00e5n sitt hus p\u00e5 \u00d6sterlen i Sk\u00e5ne d\u00e4r han befinner sig.<br \/>\nP\u00e5 v\u00e4g till sjukhus<br \/>\n&#8211; Jag \u00e4r utarbetad och p\u00e5 v\u00e4g till sjukhuset nu, s\u00e4ger Ulf Lundell till Aftonbladet.<br \/>\nI \u00f6vrigt \u00e4r han f\u00f6rtegen och vill inte ge n\u00e5gra detaljer kring hur han m\u00e5r.<br \/>\n&#8211; Jag vill inte ha min sjukjournal offentliggjord i pressen. Jag har mitt liv att leva, s\u00e4ger Lundell till Aftonbladet.<\/p><\/blockquote>\n<p>Ulf Lundell har sj\u00e4lvklart r\u00e4tt till personlig integritet, men samtidigt \u00e4r han stor och har s\u00e5 m\u00e5nga, m\u00e5nga fans att det nog inte g\u00e5r att undvika att de vill veta vad som h\u00e4nt. <\/p>\n<p>Att vara utarbetad \u00e4r inte att leka med. De som drabbas blir bra, men det kan ta l\u00e5ng tid. Jag har v\u00e4nner som det tog \u00e5ratal innan de kom ig\u00e5ng igen med full kraft.<\/p>\n<p>Relaterat: <a href=\"http:\/\/eriklaakso.voltaire.se\/?p=881\">Erik Laaksos blogg<\/a>, <a href=\"http:\/\/www.aftonbladet.se\/nojesbladet\/musik\/article8397848.ab\">Aftonbladet 1<\/a> och <a href=\"http:\/\/www.aftonbladet.se\/nojesbladet\/kronikorer\/markuslarsson\/article8397852.ab\">Aftonbladet 2<\/a>.<\/p>\n<p>L\u00e4s \u00e4ven andra bloggares \u00e5sikter om <a href=\"http:\/\/bloggar.se\/om\/Ulf+Lundell\" rel=\"tag\">Ulf Lundell<\/a>, <a href=\"http:\/\/bloggar.se\/om\/medier\" rel=\"tag\">medier<\/a>, <a href=\"http:\/\/bloggar.se\/om\/Aftonbladet\" rel=\"tag\">Aftonbladet<\/a>, <a href=\"http:\/\/bloggar.se\/om\/Expressen\" rel=\"tag\">Expressen<\/a><\/p>\n","protected":false},"excerpt":{"rendered":"<p>Beskedet att Ulf Lundell st\u00e4ller in hela sin turn\u00e9 med 23 spelningar och h\u00e4nvisar till sjukdom slog ned som bomb. M\u00e5nga har skickat h\u00e4lsningar till Ulf Lundell, b\u00e5de via Aftonbladet och fanbloggen Alltomuffe och fansidan p\u00e5 Facebook. Men vad har drabbat Ulf Lundell? M\u00e5nga \u00e4r oroliga och n\u00e5got s\u00e4kert svar har inte kommit \u00e4n. Expressen [&hellip;]<\/p>\n","protected":false},"author":13,"featured_media":0,"comment_status":"open","ping_status":"open","sticky":false,"template":"","format":"standard","meta":{"_genesis_hide_title":false,"_genesis_hide_breadcrumbs":false,"_genesis_hide_singular_image":false,"_genesis_hide_footer_widgets":false,"_genesis_custom_body_class":"","_genesis_custom_post_class":"","_genesis_layout":"","footnotes":""},"categories":[20],"tags":[158,1620,3582,6067],"class_list":{"0":"post-28643","1":"post","2":"type-post","3":"status-publish","4":"format-standard","6":"category-film","7":"tag-aftonbladet","8":"tag-expressen","9":"tag-medier","10":"tag-ulf-lundell","11":"entry"},"_links":{"self":[{"href":"https:\/\/kulturbloggen.com\/index.php?rest_route=\/wp\/v2\/posts\/28643","targetHints":{"allow":["GET"]}}],"collection":[{"href":"https:\/\/kulturbloggen.com\/index.php?rest_route=\/wp\/v2\/posts"}],"about":[{"href":"https:\/\/kulturbloggen.com\/index.php?rest_route=\/wp\/v2\/types\/post"}],"author":[{"embeddable":true,"href":"https:\/\/kulturbloggen.com\/index.php?rest_route=\/wp\/v2\/users\/13"}],"replies":[{"embeddable":true,"href":"https:\/\/kulturbloggen.com\/index.php?rest_route=%2Fwp%2Fv2%2Fcomments&post=28643"}],"version-history":[{"count":0,"href":"https:\/\/kulturbloggen.com\/index.php?rest_route=\/wp\/v2\/posts\/28643\/revisions"}],"wp:attachment":[{"href":"https:\/\/kulturbloggen.com\/index.php?rest_route=%2Fwp%2Fv2%2Fmedia&parent=28643"}],"wp:term":[{"taxonomy":"category","embeddable":true,"href":"https:\/\/kulturbloggen.com\/index.php?rest_route=%2Fwp%2Fv2%2Fcategories&post=28643"},{"taxonomy":"post_tag","embeddable":true,"href":"https:\/\/kulturbloggen.com\/index.php?rest_route=%2Fwp%2Fv2%2Ftags&post=28643"}],"curies":[{"name":"wp","href":"https:\/\/api.w.org\/{rel}","templated":true}]}}