{"id":28607,"date":"2011-01-12T18:50:54","date_gmt":"2011-01-12T17:50:54","guid":{"rendered":"http:\/\/kulturbloggen.com\/?p=28607"},"modified":"2011-01-12T18:50:54","modified_gmt":"2011-01-12T17:50:54","slug":"skivrecension-anna-calvi-med-anna-calvi","status":"publish","type":"post","link":"https:\/\/kulturbloggen.com\/?p=28607","title":{"rendered":"Skivrecension: Anna Calvi med Anna Calvi"},"content":{"rendered":"<p><a href=\"http:\/\/kulturbloggen.com\/wp-content\/uploads\/2011\/01\/Anna-Calvi.jpg\"><img loading=\"lazy\" decoding=\"async\" src=\"http:\/\/kulturbloggen.com\/wp-content\/uploads\/2011\/01\/Anna-Calvi-300x199.jpg\" alt=\"\" title=\"Anna-Calvi\" width=\"300\" height=\"199\" class=\"aligncenter size-medium wp-image-28609\" \/><\/a><br \/>\nSkivrecension: Anna Calvi<\/p>\n<p>Enligt Anna Calvis hemsida l\u00e5nar hon inspiration fr\u00e5n allt fr\u00e5n Debussy till Nina Simone och Maria Callas. N\u00e4r jag \u00e4r det mer som att surfrockaren Dick Dale och Nico f\u00e5tt en o\u00e4kting ihop. Att producent Rob Ellis \u00e4ven \u00e4r k\u00e4nd som PJ Harveys producent l\u00e4mnar visserligen sina sp\u00e5r, men Calvis s\u00e4regenhet \u00e4r \u00e4nd\u00e5 distinkt. Ibland blir det riktigt tungsint psykedeliskt, som i l\u00e5ten \u201dThe Devil\u201d. Andra l\u00e5tar \u00e4r betydligt popigare, som \u201dDesire\u201d och \u201dBlackout\u201d.<\/p>\n<p>Den h\u00e4r plattan l\u00e5ter som kletig maskara, r\u00f6kig lokal, anemiska flickor och st\u00e4ndigt rus n\u00e4r den \u00e4r som b\u00e4st. BBC har utsett Anna Calvi till en av 2011 \u00e5rs mest lovande artister. Jag m\u00e5ste inst\u00e4mma att denna artist \u00e4r v\u00e4rd att h\u00e5lla \u00f6ronen \u00f6ppna f\u00f6r.<\/p>\n<p>Den sj\u00e4lvbetitlade debutplattan sl\u00e4pps 17 januari.<\/p>\n<p>Recensenten Loretto Linusson<br \/>\n<a href=\"http:\/\/kaffekopp.wordpress.com\/\">Bloggar ocks\u00e5 p\u00e5 Kaffekopp och cigarettr\u00f6k<\/a><\/p>\n<p><object width=\"640\" height=\"385\"><param name=\"movie\" value=\"http:\/\/www.youtube.com\/v\/SxDmCTV0YrY?fs=1&amp;hl=sv_SE\"><\/param><param name=\"allowFullScreen\" value=\"true\"><\/param><param name=\"allowscriptaccess\" value=\"always\"><\/param><embed src=\"http:\/\/www.youtube.com\/v\/SxDmCTV0YrY?fs=1&amp;hl=sv_SE\" type=\"application\/x-shockwave-flash\" allowscriptaccess=\"always\" allowfullscreen=\"true\" width=\"640\" height=\"385\"><\/embed><\/object><\/p>\n<p>L\u00e4s \u00e4ven andra bloggares \u00e5sikter om <a href=\"http:\/\/bloggar.se\/om\/Anna+Calvi\" rel=\"tag\">Anna Calvi<\/a>, <a href=\"http:\/\/bloggar.se\/om\/musik\" rel=\"tag\">musik<\/a>, <a href=\"http:\/\/bloggar.se\/om\/recension\" rel=\"tag\">recension<\/a>, <a href=\"http:\/\/bloggar.se\/om\/skivnytt\" rel=\"tag\">skivnytt<\/a><\/p>\n","protected":false},"excerpt":{"rendered":"<p>Skivrecension: Anna Calvi Enligt Anna Calvis hemsida l\u00e5nar hon inspiration fr\u00e5n allt fr\u00e5n Debussy till Nina Simone och Maria Callas. N\u00e4r jag \u00e4r det mer som att surfrockaren Dick Dale och Nico f\u00e5tt en o\u00e4kting ihop. Att producent Rob Ellis \u00e4ven \u00e4r k\u00e4nd som PJ Harveys producent l\u00e4mnar visserligen sina sp\u00e5r, men Calvis s\u00e4regenhet \u00e4r [&hellip;]<\/p>\n","protected":false},"author":13,"featured_media":0,"comment_status":"open","ping_status":"open","sticky":false,"template":"","format":"standard","meta":{"_genesis_hide_title":false,"_genesis_hide_breadcrumbs":false,"_genesis_hide_singular_image":false,"_genesis_hide_footer_widgets":false,"_genesis_custom_body_class":"","_genesis_custom_post_class":"","_genesis_layout":"","footnotes":""},"categories":[16,22],"tags":[305,12282,12285,5121],"class_list":{"0":"post-28607","1":"post","2":"type-post","3":"status-publish","4":"format-standard","6":"category-recension","7":"category-skivor","8":"tag-anna-calvi","9":"tag-musik","10":"tag-recension","11":"tag-skivnytt","12":"entry"},"_links":{"self":[{"href":"https:\/\/kulturbloggen.com\/index.php?rest_route=\/wp\/v2\/posts\/28607","targetHints":{"allow":["GET"]}}],"collection":[{"href":"https:\/\/kulturbloggen.com\/index.php?rest_route=\/wp\/v2\/posts"}],"about":[{"href":"https:\/\/kulturbloggen.com\/index.php?rest_route=\/wp\/v2\/types\/post"}],"author":[{"embeddable":true,"href":"https:\/\/kulturbloggen.com\/index.php?rest_route=\/wp\/v2\/users\/13"}],"replies":[{"embeddable":true,"href":"https:\/\/kulturbloggen.com\/index.php?rest_route=%2Fwp%2Fv2%2Fcomments&post=28607"}],"version-history":[{"count":0,"href":"https:\/\/kulturbloggen.com\/index.php?rest_route=\/wp\/v2\/posts\/28607\/revisions"}],"wp:attachment":[{"href":"https:\/\/kulturbloggen.com\/index.php?rest_route=%2Fwp%2Fv2%2Fmedia&parent=28607"}],"wp:term":[{"taxonomy":"category","embeddable":true,"href":"https:\/\/kulturbloggen.com\/index.php?rest_route=%2Fwp%2Fv2%2Fcategories&post=28607"},{"taxonomy":"post_tag","embeddable":true,"href":"https:\/\/kulturbloggen.com\/index.php?rest_route=%2Fwp%2Fv2%2Ftags&post=28607"}],"curies":[{"name":"wp","href":"https:\/\/api.w.org\/{rel}","templated":true}]}}