{"id":2829,"date":"2008-10-18T16:46:43","date_gmt":"2008-10-18T14:46:43","guid":{"rendered":"http:\/\/kulturbloggen.com\/?p=2829"},"modified":"2008-10-18T16:46:43","modified_gmt":"2008-10-18T14:46:43","slug":"sf-later-konkurrenterna-fa-repiga-kopior-av-filmerna","status":"publish","type":"post","link":"https:\/\/kulturbloggen.com\/?p=2829","title":{"rendered":"SF l\u00e5ter konkurrenterna f\u00e5 repiga kopior av filmerna"},"content":{"rendered":"<p><a href=\"http:\/\/sodergren.com\/kulturbloggen\/wp-content\/uploads\/2008\/10\/sf125.jpg\"><img loading=\"lazy\" decoding=\"async\" src=\"http:\/\/sodergren.com\/kulturbloggen\/wp-content\/uploads\/2008\/10\/sf125.jpg\" alt=\"\" title=\"sf125\" width=\"125\" height=\"250\" class=\"alignright size-full wp-image-2836\" \/><\/a>Folkets Hus har mer \u00e4n 200 biografer runt om i landet. Men de f\u00e5r inte vissa filmer premi\u00e4rdagarna, utan f\u00e5r v\u00e4nta tills SF haft filmerna och filmerna blivit repiga.<br \/>\n<a href=\"http:\/\/www.dn.se\/DNet\/jsp\/polopoly.jsp?d=2204&#038;a=841460\"><br \/>\nUr en artikel i DN<\/a> d\u00e4r kulturchefen f\u00f6r Folkets Hus och parker, Gunno Sandahl, s\u00e4ger:<\/p>\n<blockquote><p>&#8211; Det \u00e4r klart, vi \u00e4r ju inget kommersiellt g\u00e5ngbart alternativ, s\u00e5 varf\u00f6r skulle de f\u00f6rhandla med oss. Men som det nu \u00e4r f\u00e5r vi repiga kopior n\u00e4r SF spelat f\u00e4rdigt filmerna p\u00e5 sina biografer, tre fyra veckor efter premi\u00e4rerna.<\/p><\/blockquote>\n<p><a href=\"http:\/\/www.danielaberg.se\/?p=1923\"><br \/>\nDaniel \u00c5berg <\/a>har ocks\u00e5 bloggat om det och pekar p\u00e5 ett roligt citat d\u00e4r Thomas Runfors, informationschef p\u00e5 SF s\u00e4ger, ang\u00e5ende SF Bio och kvalitetsfilm:<\/p>\n<blockquote><p>SF Bio f\u00f6rnekar kategoriskt att de skulle motarbeta kvalitetsfilm.<\/p>\n<p>&#8211; Tv\u00e4rtom, ungef\u00e4r en femtedel av v\u00e5r repertoar \u00e4r kvalitetsfilm. Vi har \u00e5tagit oss att visa all svensk film som f\u00e5r st\u00f6d av SFI, d\u00e4r k\u00e4nner vi v\u00e5rt ansvar, s\u00e4ger Thomas Runfors, informationschef p\u00e5 SF Bio.<\/p><\/blockquote>\n<p>Med andra ord \u00e4r fyra femtedelar inte kvalitetsfilmer &#8230;<\/p>\n<p><a href=\"http:\/\/sodergren.com\/kulturbloggen\/wp-content\/uploads\/2008\/10\/sf260.jpg\"><img loading=\"lazy\" decoding=\"async\" src=\"http:\/\/sodergren.com\/kulturbloggen\/wp-content\/uploads\/2008\/10\/sf260.jpg\" alt=\"\" title=\"sf260\" width=\"260\" height=\"150\" class=\"alignnone size-medium wp-image-2840\" \/><\/a><\/p>\n<p>Andra bloggar om: <a href=\"http:\/\/bloggar.se\/om\/Folkets+Hus\" rel=\"tag\">Folkets Hus<\/a>, <a href=\"http:\/\/bloggar.se\/om\/SF+Bio\" rel=\"tag\">SF Bio<\/a>, <a href=\"http:\/\/bloggar.se\/om\/biografer\" rel=\"tag\">biografer<\/a><\/p>\n","protected":false},"excerpt":{"rendered":"<p>Folkets Hus har mer \u00e4n 200 biografer runt om i landet. Men de f\u00e5r inte vissa filmer premi\u00e4rdagarna, utan f\u00e5r v\u00e4nta tills SF haft filmerna och filmerna blivit repiga. Ur en artikel i DN d\u00e4r kulturchefen f\u00f6r Folkets Hus och parker, Gunno Sandahl, s\u00e4ger: &#8211; Det \u00e4r klart, vi \u00e4r ju inget kommersiellt g\u00e5ngbart alternativ, [&hellip;]<\/p>\n","protected":false},"author":2,"featured_media":0,"comment_status":"open","ping_status":"open","sticky":false,"template":"","format":"standard","meta":{"_genesis_hide_title":false,"_genesis_hide_breadcrumbs":false,"_genesis_hide_singular_image":false,"_genesis_hide_footer_widgets":false,"_genesis_custom_body_class":"","_genesis_custom_post_class":"","_genesis_layout":"","footnotes":""},"categories":[20],"tags":[666,1795,5026],"class_list":{"0":"post-2829","1":"post","2":"type-post","3":"status-publish","4":"format-standard","6":"category-film","7":"tag-biografer","8":"tag-folkets-hus","9":"tag-sf-bio","10":"entry"},"_links":{"self":[{"href":"https:\/\/kulturbloggen.com\/index.php?rest_route=\/wp\/v2\/posts\/2829","targetHints":{"allow":["GET"]}}],"collection":[{"href":"https:\/\/kulturbloggen.com\/index.php?rest_route=\/wp\/v2\/posts"}],"about":[{"href":"https:\/\/kulturbloggen.com\/index.php?rest_route=\/wp\/v2\/types\/post"}],"author":[{"embeddable":true,"href":"https:\/\/kulturbloggen.com\/index.php?rest_route=\/wp\/v2\/users\/2"}],"replies":[{"embeddable":true,"href":"https:\/\/kulturbloggen.com\/index.php?rest_route=%2Fwp%2Fv2%2Fcomments&post=2829"}],"version-history":[{"count":0,"href":"https:\/\/kulturbloggen.com\/index.php?rest_route=\/wp\/v2\/posts\/2829\/revisions"}],"wp:attachment":[{"href":"https:\/\/kulturbloggen.com\/index.php?rest_route=%2Fwp%2Fv2%2Fmedia&parent=2829"}],"wp:term":[{"taxonomy":"category","embeddable":true,"href":"https:\/\/kulturbloggen.com\/index.php?rest_route=%2Fwp%2Fv2%2Fcategories&post=2829"},{"taxonomy":"post_tag","embeddable":true,"href":"https:\/\/kulturbloggen.com\/index.php?rest_route=%2Fwp%2Fv2%2Ftags&post=2829"}],"curies":[{"name":"wp","href":"https:\/\/api.w.org\/{rel}","templated":true}]}}