{"id":28198,"date":"2011-01-02T11:17:22","date_gmt":"2011-01-02T10:17:22","guid":{"rendered":"http:\/\/kulturbloggen.com\/?p=28198"},"modified":"2011-01-02T11:17:22","modified_gmt":"2011-01-02T10:17:22","slug":"kanns-osmakligt-att-medierna-inte-kan-vanta-med-minnestexter-om-per-oscarsson-tills-det-ar-bekraftat","status":"publish","type":"post","link":"https:\/\/kulturbloggen.com\/?p=28198","title":{"rendered":"K\u00e4nns osmakligt att medierna inte kan v\u00e4nta med minnestexter om Per Oscarsson tills det \u00e4r bekr\u00e4ftat"},"content":{"rendered":"<p><a href=\"http:\/\/kulturbloggen.com\/wp-content\/uploads\/2011\/01\/PerOscarsson.jpg\"><img loading=\"lazy\" decoding=\"async\" src=\"http:\/\/kulturbloggen.com\/wp-content\/uploads\/2011\/01\/PerOscarsson.jpg\" alt=\"\" title=\"PerOscarsson\" width=\"165\" height=\"220\" class=\"aligncenter size-full wp-image-28200\" \/><\/a><br \/>\nK\u00e4nns osmakligt att medierna inte kan v\u00e4nta med minnestexterna om Per Oscarsson tills det \u00e4r bekr\u00e4ftat.<br \/>\nJa knappast n\u00e5gon har missat att det hus d\u00e4r den stora svenska sk\u00e5despelaren Per Oscarsson bodde tillsammans med sin fru brann ned till grunden natten till ny\u00e5rsafton.<br \/>\nHuset ligger ensligt, i den lilla orten Bj\u00e4rka L\u00e5ng\u00f6na utanf\u00f6r Skara. Det var en anh\u00f6rig som uppt\u00e4ckte att hela huset brunnit ned p\u00e5 ny\u00e5rsaftonens morgon. Bara skorstenen st\u00e5r kvar, enligt medier.<\/p>\n<p>Det \u00e4r en tragedi. Medier rapporterar att anh\u00f6riga inte f\u00e5tt tag p\u00e5 Per Oscarsson och hans fru Kia \u00d6stling efter branden och att enligt deras uppgifter skulle de ha planerat att tillbringa ny\u00e5rshelgen i huset.<\/p>\n<p>Per Oscarsson var 83 \u00e5r och en av de mest k\u00e4nda och st\u00f6rsta svenska sk\u00e5despelarna och en av de med h\u00f6g personlighet.<\/p>\n<p>Men jag m\u00e4rker att det h\u00e4nt en hel del inom konkurrens mellan medier sedan jag l\u00e4mnade nyhetsjournalistiken och b\u00f6rjade jobba inom informationsv\u00e4rlden och webbutveckling. D\u00e5, f\u00f6r tio-femton \u00e5r sedan, var medier noga med att inte d\u00f6df\u00f6rklara n\u00e5gon innan det var bekr\u00e4ftat. Nu blir det speciellt i en situation som den h\u00e4r. Att Per Oscarssons hus brunnit ned till grunden och att han troligen var d\u00e4r, har stort nyhetsv\u00e4rde. Det \u00e4r n\u00e5got medierna m\u00e5ste ber\u00e4tta om.<\/p>\n<p>Men kunde de inte v\u00e4nta med minnestexterna tills det \u00e4r bekr\u00e4ftat att han verkligen avlidit?<br \/>\nAtt nyheten m\u00e5ste ut, det \u00e4r sj\u00e4lvklart. Men minnestexterna? Det k\u00e4nns som om det \u00e4r s\u00e5dan konkurrens att s\u00e4lja tidningar, eller att f\u00e5 klick p\u00e5 webbplatserna, att redaktionerna ocks\u00e5 m\u00e5ste konkurrera om minnestexterna \u00f6ver Per Oscarsson. <\/p>\n<p>Relaterat:<br \/>\n<a href=\"http:\/\/www.aftonbladet.se\/nyheter\/article8357102.ab\">Aftonbladet 1 <\/a>, <a href=\"http:\/\/www.aftonbladet.se\/nyheter\/article8354595.ab\">Aftonbladet 2<\/a>, <a href=\"http:\/\/www.aftonbladet.se\/nyheter\/article8354557.ab\">Aftonbladet 3<\/a>, <a href=\"http:\/\/www.aftonbladet.se\/nyheter\/article8354555.ab\">Aftonbladet 4<\/a>, <a href=\"http:\/\/www.expressen.se\/nyheter\/1.2274999\/oscarssons-son-kunde-inte-halla-tillbaka-tararna\">Expressen 1<\/a>, <a href=\"http:\/\/www.expressen.se\/nyheter\/1.2275024\/oscarsson-njot-av-det-stillsamma-livet\">Expressen 2<\/a>, <a href=\"http:\/\/www.expressen.se\/kultur\/1.2275026\/hjartats-omhet\">Expressen 3<\/a>, <a href=\"http:\/\/www.svd.se\/nyheter\/inrikes\/sa-minns-vannerna-per-oscarsson_5841095.svd\">Svenska Dagbladet<\/a>.<\/p>\n<p>L\u00e4s \u00e4ven andra bloggares \u00e5sikter om <a href=\"http:\/\/bloggar.se\/om\/Per+Oscarsson\" rel=\"tag\">Per Oscarsson<\/a>, <a href=\"http:\/\/bloggar.se\/om\/journalistik\" rel=\"tag\">journalistik<\/a>, <a href=\"http:\/\/bloggar.se\/om\/medier\" rel=\"tag\">medier<\/a><\/p>\n","protected":false},"excerpt":{"rendered":"<p>K\u00e4nns osmakligt att medierna inte kan v\u00e4nta med minnestexterna om Per Oscarsson tills det \u00e4r bekr\u00e4ftat. Ja knappast n\u00e5gon har missat att det hus d\u00e4r den stora svenska sk\u00e5despelaren Per Oscarsson bodde tillsammans med sin fru brann ned till grunden natten till ny\u00e5rsafton. Huset ligger ensligt, i den lilla orten Bj\u00e4rka L\u00e5ng\u00f6na utanf\u00f6r Skara. Det [&hellip;]<\/p>\n","protected":false},"author":2,"featured_media":0,"comment_status":"open","ping_status":"open","sticky":false,"template":"","format":"standard","meta":{"_genesis_hide_title":false,"_genesis_hide_breadcrumbs":false,"_genesis_hide_singular_image":false,"_genesis_hide_footer_widgets":false,"_genesis_custom_body_class":"","_genesis_custom_post_class":"","_genesis_layout":"","footnotes":""},"categories":[62],"tags":[2765,3582,4310],"class_list":{"0":"post-28198","1":"post","2":"type-post","3":"status-publish","4":"format-standard","6":"category-medie-och-kulturpolitik","7":"tag-journalistik","8":"tag-medier","9":"tag-per-oscarsson","10":"entry"},"_links":{"self":[{"href":"https:\/\/kulturbloggen.com\/index.php?rest_route=\/wp\/v2\/posts\/28198","targetHints":{"allow":["GET"]}}],"collection":[{"href":"https:\/\/kulturbloggen.com\/index.php?rest_route=\/wp\/v2\/posts"}],"about":[{"href":"https:\/\/kulturbloggen.com\/index.php?rest_route=\/wp\/v2\/types\/post"}],"author":[{"embeddable":true,"href":"https:\/\/kulturbloggen.com\/index.php?rest_route=\/wp\/v2\/users\/2"}],"replies":[{"embeddable":true,"href":"https:\/\/kulturbloggen.com\/index.php?rest_route=%2Fwp%2Fv2%2Fcomments&post=28198"}],"version-history":[{"count":0,"href":"https:\/\/kulturbloggen.com\/index.php?rest_route=\/wp\/v2\/posts\/28198\/revisions"}],"wp:attachment":[{"href":"https:\/\/kulturbloggen.com\/index.php?rest_route=%2Fwp%2Fv2%2Fmedia&parent=28198"}],"wp:term":[{"taxonomy":"category","embeddable":true,"href":"https:\/\/kulturbloggen.com\/index.php?rest_route=%2Fwp%2Fv2%2Fcategories&post=28198"},{"taxonomy":"post_tag","embeddable":true,"href":"https:\/\/kulturbloggen.com\/index.php?rest_route=%2Fwp%2Fv2%2Ftags&post=28198"}],"curies":[{"name":"wp","href":"https:\/\/api.w.org\/{rel}","templated":true}]}}