{"id":2818,"date":"2008-10-18T15:33:31","date_gmt":"2008-10-18T13:33:31","guid":{"rendered":"http:\/\/kulturbloggen.com\/?p=2818"},"modified":"2008-10-18T15:33:31","modified_gmt":"2008-10-18T13:33:31","slug":"pa-mandag-faller-dom-om-papa-dee-misshandlat-sin-fru-eller-inte-och-nu-trader-han-fram-i-aftonbladet","status":"publish","type":"post","link":"https:\/\/kulturbloggen.com\/?p=2818","title":{"rendered":"P\u00e5 m\u00e5ndag faller dom om Papa Dee misshandlat sin fru eller inte och nu tr\u00e4der han fram i Aftonbladet"},"content":{"rendered":"<p><a href=\"http:\/\/sodergren.com\/kulturbloggen\/wp-content\/uploads\/2008\/10\/papadee260.jpg\"><img loading=\"lazy\" decoding=\"async\" src=\"http:\/\/sodergren.com\/kulturbloggen\/wp-content\/uploads\/2008\/10\/papadee260.jpg\" alt=\"\" title=\"papadee260\" width=\"260\" height=\"150\" class=\"alignright size-full wp-image-2820\" \/><\/a><\/p>\n<p>Papa Dee \u00e4r \u00e5talade f\u00f6r att ha misshandlat sin fru. B\u00e5de han sj\u00e4lv och hans fru f\u00f6rnekar att det \u00e4r fallet.<br \/>\n<a href=\"http:\/\/www.aftonbladet.se\/nyheter\/article3562791.ab\">Nu tr\u00e4der han fram i Aftonbladet<\/a>:<\/p>\n<blockquote><p>Han har anklagats f\u00f6r att ha misshandlat sin fru.<\/p>\n<p>Nu ber\u00e4ttar Daniel \u201dPapa Dee\u201d Wahlgren om frustrationen i h\u00e4ktet.<\/p>\n<p>\u2013?Jag \u00e4r oskyldig. Det h\u00e4r \u00e4r en sinnessjuk h\u00e4xprocess, s\u00e4ger han.\n<\/p><\/blockquote>\n<p>Om han blir f\u00e4lld p\u00e5 m\u00e5ndag eller inte, f\u00e5r vi se.<\/p>\n<p>Men alla de s\u00e5 kallade fria nyheter som h\u00e5vat in tiotusentals bes\u00f6kare p\u00e5 att namnge den ber\u00f6mda artisten har nu f\u00f6rlorat ett av sina triumfkort f\u00f6r att dra bes\u00f6kare. Det \u00e4r ju bra.<\/p>\n<p>Fast samtidigt: vart b\u00e4r det iv\u00e4g n\u00e4r om dessa sajter f\u00f6r att kv\u00e4llstidningar mer och mer publicerar namn? Fast i det h\u00e4r fallet \u00e4r det ju artisten, Papa Dee, som sj\u00e4lv tr\u00e4der fram.<\/p>\n<p>Men fr\u00e5gan \u00e4r viktig att diskutera: vad vill vi ha f\u00f6r niv\u00e5 p\u00e5 hur mycket vi ska namnge brottsmisst\u00e4nkta?<\/p>\n<p>Andra bloggar om: <a href=\"http:\/\/bloggar.se\/om\/namngivning\" rel=\"tag\">namngivning<\/a>, <a href=\"http:\/\/bloggar.se\/om\/medier\" rel=\"tag\">medier<\/a>, <a href=\"http:\/\/bloggar.se\/om\/mediepolitik\" rel=\"tag\">mediepolitik<\/a>, <a href=\"http:\/\/bloggar.se\/om\/Papa+Dee\" rel=\"tag\">Papa Dee<\/a>, <a href=\"http:\/\/bloggar.se\/om\/brott\" rel=\"tag\">brott<\/a>, <a href=\"http:\/\/bloggar.se\/om\/%E5tal\" rel=\"tag\">\u00e5tal<\/a>, <a href=\"http:\/\/bloggar.se\/om\/r%E4tteg%E5ng\" rel=\"tag\">r\u00e4tteg\u00e5ng<\/a>, <a href=\"http:\/\/bloggar.se\/om\/hustrumisshandel\" rel=\"tag\">hustrumisshandel<\/a>, <a href=\"http:\/\/bloggar.se\/om\/Aftonbladet\" rel=\"tag\">Aftonbladet<\/a>, <a href=\"http:\/\/bloggar.se\/om\/kv%E4llstidningar\" rel=\"tag\">kv\u00e4llstidningar<\/a><\/p>\n","protected":false},"excerpt":{"rendered":"<p>Papa Dee \u00e4r \u00e5talade f\u00f6r att ha misshandlat sin fru. B\u00e5de han sj\u00e4lv och hans fru f\u00f6rnekar att det \u00e4r fallet. Nu tr\u00e4der han fram i Aftonbladet: Han har anklagats f\u00f6r att ha misshandlat sin fru. Nu ber\u00e4ttar Daniel \u201dPapa Dee\u201d Wahlgren om frustrationen i h\u00e4ktet. \u2013?Jag \u00e4r oskyldig. Det h\u00e4r \u00e4r en sinnessjuk h\u00e4xprocess, [&hellip;]<\/p>\n","protected":false},"author":2,"featured_media":0,"comment_status":"open","ping_status":"open","sticky":false,"template":"","format":"standard","meta":{"_genesis_hide_title":false,"_genesis_hide_breadcrumbs":false,"_genesis_hide_singular_image":false,"_genesis_hide_footer_widgets":false,"_genesis_custom_body_class":"","_genesis_custom_post_class":"","_genesis_layout":"","footnotes":""},"categories":[62],"tags":[3581,3582,3914],"class_list":{"0":"post-2818","1":"post","2":"type-post","3":"status-publish","4":"format-standard","6":"category-medie-och-kulturpolitik","7":"tag-mediepolitik","8":"tag-medier","9":"tag-namngivning","10":"entry"},"_links":{"self":[{"href":"https:\/\/kulturbloggen.com\/index.php?rest_route=\/wp\/v2\/posts\/2818","targetHints":{"allow":["GET"]}}],"collection":[{"href":"https:\/\/kulturbloggen.com\/index.php?rest_route=\/wp\/v2\/posts"}],"about":[{"href":"https:\/\/kulturbloggen.com\/index.php?rest_route=\/wp\/v2\/types\/post"}],"author":[{"embeddable":true,"href":"https:\/\/kulturbloggen.com\/index.php?rest_route=\/wp\/v2\/users\/2"}],"replies":[{"embeddable":true,"href":"https:\/\/kulturbloggen.com\/index.php?rest_route=%2Fwp%2Fv2%2Fcomments&post=2818"}],"version-history":[{"count":0,"href":"https:\/\/kulturbloggen.com\/index.php?rest_route=\/wp\/v2\/posts\/2818\/revisions"}],"wp:attachment":[{"href":"https:\/\/kulturbloggen.com\/index.php?rest_route=%2Fwp%2Fv2%2Fmedia&parent=2818"}],"wp:term":[{"taxonomy":"category","embeddable":true,"href":"https:\/\/kulturbloggen.com\/index.php?rest_route=%2Fwp%2Fv2%2Fcategories&post=2818"},{"taxonomy":"post_tag","embeddable":true,"href":"https:\/\/kulturbloggen.com\/index.php?rest_route=%2Fwp%2Fv2%2Ftags&post=2818"}],"curies":[{"name":"wp","href":"https:\/\/api.w.org\/{rel}","templated":true}]}}