{"id":28058,"date":"2010-12-27T09:53:54","date_gmt":"2010-12-27T08:53:54","guid":{"rendered":"http:\/\/kulturbloggen.com\/?p=28058"},"modified":"2012-01-02T09:32:56","modified_gmt":"2012-01-02T08:32:56","slug":"ar-ylva-johansson-korken-som-drogs-ur-ketchupflaskan","status":"publish","type":"post","link":"https:\/\/kulturbloggen.com\/?p=28058","title":{"rendered":"\u00c4r Ylva Johansson korken som drogs ur ketchupflaskan?"},"content":{"rendered":"<p>Att det g\u00e5tt utf\u00f6r i opinionsunders\u00f6kningar f\u00f6r Socialdemokraterna sedan valf\u00f6rlusten \u00e4r inte konstigt. Sedan Mona Sahlin meddelade att hon hoppar av som partiledare har det varit ett parti som farit runt i stormen utan n\u00e5gon kapten som styr och med bes\u00e4ttningsm\u00e4n som rusat kring som yra h\u00f6ns.<br \/>\nDet har troligen varit en n\u00f6dv\u00e4ndigt process. Lock har lyfts och unkenhet har v\u00e4drats ut eller \u00e5tminstone blivit synligare, som att ett antal ledande s-politiker lyft l\u00f6n fr\u00e5n uppdrag fr\u00e5n Svenskt N\u00e4ringsliv f\u00f6r att de ska p\u00e5verka Socialdemokratins kurs mot h\u00f6ger.<\/p>\n<p>I helgen kom d\u00e5 ett utspel som kan vara en v\u00e4ndning. Ylva Johansson talade och sade att hon kan t\u00e4nka sig vara med i Socialdemokraternas ledning.<br \/>\n\u00c4ntligen n\u00e5gon som v\u00e5gar st\u00e5 upp och vara tydlig.<\/p>\n<p><a href=\"http:\/\/magnus.ljungkvist.nu\/blogg\/2010\/12\/27\/sa-reste-sig-till-slut-den-forste\/\">Magnus Tankar skriver:<\/a><\/p>\n<blockquote><p>Den f\u00f6rste av socialdemokratins koryf\u00e9er med ansvar f\u00f6r de senaste \u00e5rens politik har s\u00e5\u00a0<a href=\"http:\/\/www.dn.se\/nyheter\/sverige\/ylva-johansson-vill-leda-s-i-ny-tid\">till slut<\/a> rest sig upp och f\u00f6rklarat att\u00a0<a href=\"http:\/\/www.svd.se\/ego\/mainColumn_s185\/http:\/\/www.svd.se\/nyheter\/inrikes\/ylva-johansson-vill-leda-s-i-ny-tid_5830323.svd\">hon \u00e4r beredd<\/a> att leda socialdemokratin in i framtiden. Det \u00e4r ett v\u00e4lkommet besked fr\u00e5n\u00a0<a href=\"http:\/\/www.ylvajohansson.se\/\">Ylva Johansson<\/a>.<\/p><\/blockquote>\n<p>Fast s\u00e5 klart, det r\u00e4cker inte med att som person deklarera att man \u00e4r intresserad. N\u00e5gon form av programf\u00f6rklaring efterlyses, som Magnus skriver:<\/p>\n<blockquote><p>Men det r\u00e4cker inte med att s\u00e4ga att man vill leda. Det kr\u00e4vs ett politiskt program ocks\u00e5. \u00c5t vilket h\u00e5ll vill Ylva Johansson leda partiet? V\u00e5gar Johansson ta n\u00e4sta steg och faktiskt l\u00e5ta medlemmarna ta st\u00e4llning till henne baserat p\u00e5 inneh\u00e5ll och inte bara sj\u00e4lva hennes kandidatur.<\/p><\/blockquote>\n<p>Ylva Johansson \u00e4r en av de b\u00e4ttre som varit med i S-ledningen under l\u00e4ngre tid, enligt min \u00e5sikt.<br \/>\nJag gillar inte hennes kl\u00e4dstil, den \u00e4r f\u00f6r mycket dam och tant f\u00f6r min smak. Jag \u00e4r mycket mer \u00e5t att det ska vara bekv\u00e4mt och rockigt och g\u00e4rna en del svarta kl\u00e4der.<\/p>\n<p>Nu \u00e4r det inte kl\u00e4derna som avg\u00f6r. F\u00f6r \u00f6vrigt g\u00e5r hennes kl\u00e4dstil s\u00e4kert hem mycket b\u00e4ttre i m\u00e5nga av de sammanhang som personer i en partiledning f\u00f6rekommer i.<\/p>\n<p>Det som r\u00e4knas och \u00e4r viktigt \u00e4r inneh\u00e5llet i en m\u00e4nniskans politik. Vart vill hon g\u00e5 och vad har hon f\u00f6r vision om samh\u00e4llet?<br \/>\nDe g\u00e5nger jag h\u00f6rt Ylva Johansson debattera live har hon imponerat p\u00e5 mig.<br \/>\nJag har framf\u00f6r allt h\u00f6rt henne i n\u00e5gra debatter kring sjukv\u00e5rd.<\/p>\n<p>Hon har varit kunnig och tydlig i dessa debatter.<\/p>\n<p>Peter Andersson\u00a0<a href=\"http:\/\/peterlandersson.blogspot.com\/2010\/12\/efter-nej-kommer-ja-ocksa-fran-s.html\">har ocks\u00e5 skrivit om saken<\/a>.<\/p>\n<p>Jag hoppas nu att Ylva Johansson ska vara som en kork som dras ur en ketchupflaskan. Jag hoppas att fler ska v\u00e5ga tr\u00e4da fram och sluta vara fega. De som vill vara med i ledningen f\u00f6r Socialdemokratin beh\u00f6ver vara modiga personer: tr\u00e4d fram och tala om att ni finns och ber\u00e4tta vad ni vill med S.<\/p>\n<p>L\u00e4s \u00e4ven andra bloggares \u00e5sikter om <a href=\"http:\/\/bloggar.se\/om\/Ylva+Johansson\" rel=\"tag\">Ylva Johansson<\/a>, <a href=\"http:\/\/bloggar.se\/om\/Socialdemokraterna\" rel=\"tag\">Socialdemokraterna<\/a>, <a href=\"http:\/\/bloggar.se\/om\/samh%E4lle\" rel=\"tag\">samh\u00e4lle<\/a>, <a href=\"http:\/\/bloggar.se\/om\/politik\" rel=\"tag\">politik<\/a><\/p>\n","protected":false},"excerpt":{"rendered":"<p>Att det g\u00e5tt utf\u00f6r i opinionsunders\u00f6kningar f\u00f6r Socialdemokraterna sedan valf\u00f6rlusten \u00e4r inte konstigt. Sedan Mona Sahlin meddelade att hon hoppar av som partiledare har det varit ett parti som farit runt i stormen utan n\u00e5gon kapten som styr och med bes\u00e4ttningsm\u00e4n som rusat kring som yra h\u00f6ns. Det har troligen varit en n\u00f6dv\u00e4ndigt process. Lock [&hellip;]<\/p>\n","protected":false},"author":2,"featured_media":46188,"comment_status":"open","ping_status":"open","sticky":false,"template":"","format":"standard","meta":{"_genesis_hide_title":false,"_genesis_hide_breadcrumbs":false,"_genesis_hide_singular_image":false,"_genesis_hide_footer_widgets":false,"_genesis_custom_body_class":"","_genesis_custom_post_class":"","_genesis_layout":"","footnotes":""},"categories":[44],"tags":[12284,4917,5229,6465],"class_list":{"0":"post-28058","1":"post","2":"type-post","3":"status-publish","4":"format-standard","5":"has-post-thumbnail","7":"category-chadie","8":"tag-politik","9":"tag-samhalle","10":"tag-socialdemokraterna","11":"tag-ylva-johansson","12":"entry"},"_links":{"self":[{"href":"https:\/\/kulturbloggen.com\/index.php?rest_route=\/wp\/v2\/posts\/28058","targetHints":{"allow":["GET"]}}],"collection":[{"href":"https:\/\/kulturbloggen.com\/index.php?rest_route=\/wp\/v2\/posts"}],"about":[{"href":"https:\/\/kulturbloggen.com\/index.php?rest_route=\/wp\/v2\/types\/post"}],"author":[{"embeddable":true,"href":"https:\/\/kulturbloggen.com\/index.php?rest_route=\/wp\/v2\/users\/2"}],"replies":[{"embeddable":true,"href":"https:\/\/kulturbloggen.com\/index.php?rest_route=%2Fwp%2Fv2%2Fcomments&post=28058"}],"version-history":[{"count":2,"href":"https:\/\/kulturbloggen.com\/index.php?rest_route=\/wp\/v2\/posts\/28058\/revisions"}],"predecessor-version":[{"id":46190,"href":"https:\/\/kulturbloggen.com\/index.php?rest_route=\/wp\/v2\/posts\/28058\/revisions\/46190"}],"wp:featuredmedia":[{"embeddable":true,"href":"https:\/\/kulturbloggen.com\/index.php?rest_route=\/wp\/v2\/media\/46188"}],"wp:attachment":[{"href":"https:\/\/kulturbloggen.com\/index.php?rest_route=%2Fwp%2Fv2%2Fmedia&parent=28058"}],"wp:term":[{"taxonomy":"category","embeddable":true,"href":"https:\/\/kulturbloggen.com\/index.php?rest_route=%2Fwp%2Fv2%2Fcategories&post=28058"},{"taxonomy":"post_tag","embeddable":true,"href":"https:\/\/kulturbloggen.com\/index.php?rest_route=%2Fwp%2Fv2%2Ftags&post=28058"}],"curies":[{"name":"wp","href":"https:\/\/api.w.org\/{rel}","templated":true}]}}