{"id":28041,"date":"2010-12-26T16:50:11","date_gmt":"2010-12-26T15:50:11","guid":{"rendered":"http:\/\/kulturbloggen.com\/?p=28041"},"modified":"2010-12-26T16:50:11","modified_gmt":"2010-12-26T15:50:11","slug":"mediamarkt-bluffen-readatorn-fanns-inte","status":"publish","type":"post","link":"https:\/\/kulturbloggen.com\/?p=28041","title":{"rendered":"MediaMarkt-bluffen: readatorn fanns inte"},"content":{"rendered":"<p><a href=\"http:\/\/kulturbloggen.com\/wp-content\/uploads\/2010\/12\/mac-book-pro.jpg\"><img loading=\"lazy\" decoding=\"async\" src=\"http:\/\/kulturbloggen.com\/wp-content\/uploads\/2010\/12\/mac-book-pro-300x225.jpg\" alt=\"\" title=\"mac-book-pro\" width=\"300\" height=\"225\" class=\"aligncenter size-medium wp-image-28043\" \/><\/a><br \/>\nN\u00e4r en b\u00e4rbar Mac s\u00e4ljs f\u00f6r under ink\u00f6pspriset, d\u00e5 \u00e4r det dags att misst\u00e4nka fusk. Helt klart.<\/p>\n<p>F\u00f6r ett tag sedan s\u00e5g jag att Onoff hade annons d\u00e4r de s\u00e5lde Mac Book Pro f\u00f6r priser som \u00e4r l\u00e4gre \u00e4n vad de k\u00f6per in dem f\u00f6r. Jag vet, f\u00f6r jag kollade med personer som har butiker d\u00e4r de s\u00e4ljer Mac-datorer.<br \/>\nJag undrar om det verkligen fanns n\u00e5gon dator i butiken som verkligen s\u00e5ldes till det l\u00e5ga annonspriset?<br \/>\nJag har h\u00f6rt om m\u00e4nniskor som k\u00f6ar och n\u00e4r de kommer in finns det bara ett exemplar till det l\u00e5ga priset.<br \/>\nTaktiken fr\u00e5n butiken \u00e4r solklar: de har lurat dit k\u00f6psugna kunder \u00e4r det r\u00e4tt l\u00e4tt att f\u00e5 dem att k\u00f6pa n\u00e5got annat ist\u00e4llet \u00e4n annonsvaran, som tagit slut.<br \/>\nDet st\u00e5r ju s\u00e5 tydligt i annonserna: begr\u00e4nsat antal. Begr\u00e4nsat antal kan betyda ett exemplar. Vilket jag \u00e4r \u00f6vertygad om att det ofta betyder.<\/p>\n<p>Nu ber\u00e4ttar Aftonbladet om en 18-\u00e5rig ung man som k\u00f6ade utanf\u00f6r MediaMarkt som hade annonser d\u00e4r de lovade j\u00e4ttel\u00e5ga priset. Han var garanterat f\u00f6rst i k\u00f6n &#8211; och siktet var inst\u00e4llt p\u00e5 en b\u00e4rbar Mac.<br \/>\nMen n\u00e4r han kom en fanns inte ens ett enda exemplar.<\/p>\n<p><a href=\"http:\/\/www.aftonbladet.se\/nyheter\/article8331490.ab\">Ur Aftonbladet:<\/a><\/p>\n<blockquote><p>&#8221;Moms-chock&#8221;, kallar Media Markt sin egen mellandagsrea som startade redan klockan 8.00 p\u00e5 juldagsmorgonen. Allt i hela sortimentet reas ut.<br \/>\nMen n\u00e4r mellandagsrean \u00f6ppnade p\u00e5 juldagen var det flera missn\u00f6jda kunder som fick l\u00e4mna butikerna. En av dem var Pal Flensby som sett ut en Mac Book Air i butiken i Lund.<br \/>\n\u2013 Vi k\u00f6ade fr\u00e5n klockan sex p\u00e5 morgonen. Jag hade skidkl\u00e4der p\u00e5 mig f\u00f6r att klara kylan. Vi var helt klart f\u00f6rst i k\u00f6n. \u00c4nd\u00e5 var datorn slut, s\u00e4ger kompisen Jonathan Almstr\u00f6m.<\/p><\/blockquote>\n<p>Det skulle vara v\u00e4ldigt intressant och genomf\u00f6ra ett st\u00f6rre konsumenttest och k\u00f6a regelbundet till liknande erbjudanden och se hur mycket bluff det \u00e4r. Hur ofta finns de annonserade urbilliga varorna verkligen till f\u00f6rs\u00e4ljning?<\/p>\n<p>L\u00e4s \u00e4ven andra bloggares \u00e5sikter om <a href=\"http:\/\/bloggar.se\/om\/MediaMarkt\" rel=\"tag\">MediaMarkt<\/a>, <a href=\"http:\/\/bloggar.se\/om\/bluff\" rel=\"tag\">bluff<\/a>, <a href=\"http:\/\/bloggar.se\/om\/rea\" rel=\"tag\">rea<\/a>, <a href=\"http:\/\/bloggar.se\/om\/Mac\" rel=\"tag\">Mac<\/a><\/p>\n","protected":false},"excerpt":{"rendered":"<p>N\u00e4r en b\u00e4rbar Mac s\u00e4ljs f\u00f6r under ink\u00f6pspriset, d\u00e5 \u00e4r det dags att misst\u00e4nka fusk. Helt klart. F\u00f6r ett tag sedan s\u00e5g jag att Onoff hade annons d\u00e4r de s\u00e5lde Mac Book Pro f\u00f6r priser som \u00e4r l\u00e4gre \u00e4n vad de k\u00f6per in dem f\u00f6r. Jag vet, f\u00f6r jag kollade med personer som har butiker [&hellip;]<\/p>\n","protected":false},"author":2,"featured_media":0,"comment_status":"open","ping_status":"open","sticky":false,"template":"","format":"standard","meta":{"_genesis_hide_title":false,"_genesis_hide_breadcrumbs":false,"_genesis_hide_singular_image":false,"_genesis_hide_footer_widgets":false,"_genesis_custom_body_class":"","_genesis_custom_post_class":"","_genesis_layout":"","footnotes":""},"categories":[20],"tags":[754,3427,3576,4658],"class_list":{"0":"post-28041","1":"post","2":"type-post","3":"status-publish","4":"format-standard","6":"category-film","7":"tag-bluff","8":"tag-mac","9":"tag-mediamarkt","10":"tag-rea","11":"entry"},"_links":{"self":[{"href":"https:\/\/kulturbloggen.com\/index.php?rest_route=\/wp\/v2\/posts\/28041","targetHints":{"allow":["GET"]}}],"collection":[{"href":"https:\/\/kulturbloggen.com\/index.php?rest_route=\/wp\/v2\/posts"}],"about":[{"href":"https:\/\/kulturbloggen.com\/index.php?rest_route=\/wp\/v2\/types\/post"}],"author":[{"embeddable":true,"href":"https:\/\/kulturbloggen.com\/index.php?rest_route=\/wp\/v2\/users\/2"}],"replies":[{"embeddable":true,"href":"https:\/\/kulturbloggen.com\/index.php?rest_route=%2Fwp%2Fv2%2Fcomments&post=28041"}],"version-history":[{"count":0,"href":"https:\/\/kulturbloggen.com\/index.php?rest_route=\/wp\/v2\/posts\/28041\/revisions"}],"wp:attachment":[{"href":"https:\/\/kulturbloggen.com\/index.php?rest_route=%2Fwp%2Fv2%2Fmedia&parent=28041"}],"wp:term":[{"taxonomy":"category","embeddable":true,"href":"https:\/\/kulturbloggen.com\/index.php?rest_route=%2Fwp%2Fv2%2Fcategories&post=28041"},{"taxonomy":"post_tag","embeddable":true,"href":"https:\/\/kulturbloggen.com\/index.php?rest_route=%2Fwp%2Fv2%2Ftags&post=28041"}],"curies":[{"name":"wp","href":"https:\/\/api.w.org\/{rel}","templated":true}]}}