{"id":27991,"date":"2010-12-25T13:10:47","date_gmt":"2010-12-25T12:10:47","guid":{"rendered":"http:\/\/kulturbloggen.com\/?p=27991"},"modified":"2010-12-25T13:10:47","modified_gmt":"2010-12-25T12:10:47","slug":"en-av-arets-basta-album-eldkvarn-med-karlekens-vag","status":"publish","type":"post","link":"https:\/\/kulturbloggen.com\/?p=27991","title":{"rendered":"Ett av \u00e5rets b\u00e4sta album: Eldkvarn med K\u00e4rlekens v\u00e4g"},"content":{"rendered":"<p><a href=\"http:\/\/kulturbloggen.com\/wp-content\/uploads\/2010\/12\/eldkvarn-karlekens_vag.jpg\"><img loading=\"lazy\" decoding=\"async\" src=\"http:\/\/kulturbloggen.com\/wp-content\/uploads\/2010\/12\/eldkvarn-karlekens_vag-300x268.jpg\" alt=\"\" title=\"eldkvarn-karlekens_vag\" width=\"300\" height=\"268\" class=\"aligncenter size-medium wp-image-28006\" \/><\/a><\/p>\n<p><a href=\"http:\/\/flattr.com\/thing\/106557\/Ett-av-arets-basta-album-Eldkvarn-med-Karlekens-vag\" target=\"_blank\"><br \/>\n<img decoding=\"async\" src=\"http:\/\/api.flattr.com\/button\/flattr-badge-large.png\" alt=\"Flattr this\" title=\"Flattr this\" border=\"0\" \/><\/a><\/p>\n<p>K\u00e4rlekens v\u00e4g \u00e4r det tredje albumet fr\u00e5n de spelningar Eldkvarn gjort i Annedalskyrkan i G\u00f6teborg.<\/p>\n<p>Spelningarna \u00e4r inte som vanliga konserter, de m\u00f6ter delvis kyrkans liturgi, del blir som Plura s\u00e4ger:<br \/>\n&#8211; M\u00e4ssan K\u00e4rlekens v\u00e4g \u00e4r varken en konsert eller en regelr\u00e4tt gudstj\u00e4nst, utan n\u00e5got som g\u00e5r hand i hand.<\/p>\n<p>I &#8221;K\u00e4rlekens v\u00e4g&#8221; m\u00f6ts det rockigt, lite skrovliga och kyrkans tro p\u00e5 k\u00e4rlekens kraft. Jag \u00e4r verkligen ledsen att jag missat alla dessa spelningar med Eldkvarn i kyrkan. Jag var p\u00e5 v\u00e4g en g\u00e5ng, men kom lite sent och d\u00e5 var det helt fullsatt. Jag f\u00f6rst\u00e5r det s\u00e5 v\u00e4l. F\u00f6r n\u00e4r en rockband som Eldkvarn g\u00f6r s\u00e5dana h\u00e4r spelningar blir det ett intressant m\u00f6te. B\u00e5de den som \u00e4r kyrkligt engagerad och den som bara \u00e4r ett fans till Eldkvarn f\u00e5r ut massor och l\u00e4r sig s\u00e4kert n\u00e5got nytt i detta m\u00f6te.<\/p>\n<p>M\u00e4ssan K\u00e4rlekens v\u00e4g firades en kall vinterkv\u00e4ll under Gudstj\u00e4nstefestivalen den 12 mars 2010 i Annedalskyrkan och filmades och s\u00e4ndes av SVT samt \u00e4ven i P1 under v\u00e5ren. CD:n \u00e4r bandad i, precis som livet, en enda l\u00e5ng tagning.<\/p>\n<p>K\u00e4rleken \u00e4r julens budskap &#8211; och p\u00e5 s\u00e5 s\u00e4tt \u00e4r det h\u00e4r albumet den optimala julskivan. Fast det ett budskap som v\u00e4rmer \u00e5ret om och l\u00e5tarna f\u00f6rmedlar m\u00e5nga k\u00e4nslor och fina gitarrsp\u00e5r. F\u00f6r mig har albumet varit en k\u00e4r v\u00e4n hela denna kalla h\u00f6st och iskyliga vinter.<\/p>\n<p>Jag \u00e4r l\u00e5ngt ifr\u00e5n ensam om att \u00e4lska detta album. <a href=\"http:\/\/www.aftonbladet.se\/nojesbladet\/musik\/recensioner\/article7999042.ab\">Markus Larsson i Aftonbladet gav betyg 4<\/a>:<\/p>\n<blockquote><p>Serien inneh\u00e5ller n\u00e5gra av de vackraste \u00f6gonblicken i Eldkvarns karri\u00e4r, som nattvarden i &#8221;N\u00e5nting m\u00e5ste g\u00e5 s\u00f6nder&#8221; fr\u00e5n &#8221;K\u00e4rlekens t\u00f6rst&#8221;. Vemodet och v\u00e4rmen i Pluras b\u00e4sta l\u00e5tar p\u00e5minner alltid om psalmer.<br \/>\nD\u00e4rf\u00f6r k\u00e4nns det som att musiken hittar hem efter att ha tagit en l\u00e5ng omv\u00e4g p\u00e5 studioalbum och konsertscener. Den tolv minuter l\u00e5nga versionen av &#8221;27&#8221; \u00e4r exempelvis helt andl\u00f6s.<\/p><\/blockquote>\n<p>Fler recensioner som \u00e4r lyriska eller \u00e5tminstone mycket positiva:<br \/>\n<a href=\"http:\/\/arbetarbladet.se\/noje\/recensioner\/paskiva\/1.2447933-eldkvarn\">Arbetarbladet<\/a>, <a href=\"http:\/\/www.expressen.se\/noje\/recensioner\/skivor\/1.2186467\/eldkvarn-karlekens-vag\">Expressen<\/a>, <a href=\"http:\/\/www.gp.se\/kulturnoje\/musik\/1.477250-eldkvarn-via-amore-karlekens-vag\">G\u00f6teborgsposten<\/a>, <a href=\"http:\/\/hd.se\/noje\/skivor\/2010\/10\/29\/eldkvarn-karlekens-vag-en-massa\/?from=rss\">Helsingborgs Dagblad<\/a> och <a href=\"http:\/\/www.smp.se\/noje_o_kultur\/skivor\/veckans-skivor-101027%282162264%29.gm\">Sm\u00e5landsposten<\/a>.<\/p>\n<p>L\u00e4s \u00e4ven andra bloggares \u00e5sikter om <a href=\"http:\/\/bloggar.se\/om\/Eldkvarn\" rel=\"tag\">Eldkvarn<\/a>, <a href=\"http:\/\/bloggar.se\/om\/gitarrspel\" rel=\"tag\">gitarrspel<\/a>, <a href=\"http:\/\/bloggar.se\/om\/julskivor\" rel=\"tag\">julskivor<\/a>, <a href=\"http:\/\/bloggar.se\/om\/Annedalskyrkan\" rel=\"tag\">Annedalskyrkan<\/a>, <a href=\"http:\/\/bloggar.se\/om\/K%E4rlekens+v%E4g\" rel=\"tag\">K\u00e4rlekens v\u00e4g<\/a>, <a href=\"http:\/\/bloggar.se\/om\/recension\" rel=\"tag\">recension<\/a><\/p>\n","protected":false},"excerpt":{"rendered":"<p>K\u00e4rlekens v\u00e4g \u00e4r det tredje albumet fr\u00e5n de spelningar Eldkvarn gjort i Annedalskyrkan i G\u00f6teborg. Spelningarna \u00e4r inte som vanliga konserter, de m\u00f6ter delvis kyrkans liturgi, del blir som Plura s\u00e4ger: &#8211; M\u00e4ssan K\u00e4rlekens v\u00e4g \u00e4r varken en konsert eller en regelr\u00e4tt gudstj\u00e4nst, utan n\u00e5got som g\u00e5r hand i hand. I &#8221;K\u00e4rlekens v\u00e4g&#8221; m\u00f6ts det [&hellip;]<\/p>\n","protected":false},"author":2,"featured_media":0,"comment_status":"open","ping_status":"open","sticky":false,"template":"","format":"standard","meta":{"_genesis_hide_title":false,"_genesis_hide_breadcrumbs":false,"_genesis_hide_singular_image":false,"_genesis_hide_footer_widgets":false,"_genesis_custom_body_class":"","_genesis_custom_post_class":"","_genesis_layout":"","footnotes":""},"categories":[16,22],"tags":[321,1469,2006,2804,3176,12285],"class_list":{"0":"post-27991","1":"post","2":"type-post","3":"status-publish","4":"format-standard","6":"category-recension","7":"category-skivor","8":"tag-annedalskyrkan","9":"tag-eldkvarn","10":"tag-gitarrspel","11":"tag-julskivor","12":"tag-karlekens-vag","13":"tag-recension","14":"entry"},"_links":{"self":[{"href":"https:\/\/kulturbloggen.com\/index.php?rest_route=\/wp\/v2\/posts\/27991","targetHints":{"allow":["GET"]}}],"collection":[{"href":"https:\/\/kulturbloggen.com\/index.php?rest_route=\/wp\/v2\/posts"}],"about":[{"href":"https:\/\/kulturbloggen.com\/index.php?rest_route=\/wp\/v2\/types\/post"}],"author":[{"embeddable":true,"href":"https:\/\/kulturbloggen.com\/index.php?rest_route=\/wp\/v2\/users\/2"}],"replies":[{"embeddable":true,"href":"https:\/\/kulturbloggen.com\/index.php?rest_route=%2Fwp%2Fv2%2Fcomments&post=27991"}],"version-history":[{"count":0,"href":"https:\/\/kulturbloggen.com\/index.php?rest_route=\/wp\/v2\/posts\/27991\/revisions"}],"wp:attachment":[{"href":"https:\/\/kulturbloggen.com\/index.php?rest_route=%2Fwp%2Fv2%2Fmedia&parent=27991"}],"wp:term":[{"taxonomy":"category","embeddable":true,"href":"https:\/\/kulturbloggen.com\/index.php?rest_route=%2Fwp%2Fv2%2Fcategories&post=27991"},{"taxonomy":"post_tag","embeddable":true,"href":"https:\/\/kulturbloggen.com\/index.php?rest_route=%2Fwp%2Fv2%2Ftags&post=27991"}],"curies":[{"name":"wp","href":"https:\/\/api.w.org\/{rel}","templated":true}]}}