{"id":27967,"date":"2010-12-24T02:32:31","date_gmt":"2010-12-24T01:32:31","guid":{"rendered":"http:\/\/kulturbloggen.com\/?p=27967"},"modified":"2010-12-24T02:32:31","modified_gmt":"2010-12-24T01:32:31","slug":"sjs-behandling-av-oss-resenarer-ar-det-samsta-jag-varit-med-om","status":"publish","type":"post","link":"https:\/\/kulturbloggen.com\/?p=27967","title":{"rendered":"SJs behandling av oss resen\u00e4rer \u00e4r det s\u00e4msta jag varit med om"},"content":{"rendered":"<p><strong>&#8221;Visa lite barmh\u00e4rtighet&#8221;<\/strong><\/p>\n<p>Sv\u00e4r inte n\u00e4r du skriver fick jag l\u00e4ra mig. Men: Fan ta SJ! 30 resen\u00e4rer som skulle vidare fr\u00e5n G\u00f6teborg till orter efter v\u00e4stkusten blev dumpade, mitt i natten i svinkylan. Vi var lovade bussar , men inga kom.<\/p>\n<p>Efter en timme (sedan jag kom till platsen, de flesta hade st\u00e5tt l\u00e4ngre)\u00a0 meddelade en h\u00f6gtalare att bussen skulle komma om en halvtimme. D\u00e5 gick vi alla tillbaka till bussterminalen f\u00f6r att v\u00e4rma oss. Efter en stund i v\u00e4rmen kom en vakt och sa att nu bussterminalen skulle st\u00e4ngas och alla m\u00e5ste g\u00e5 ut. Flera resen\u00e4rer protesterade. Vakten sa att han inte hade ansvar f\u00f6r barn och djur. Jass\u00e5, undrade jag. \u00c4r inte du ordningsvakt? Med vaktf\u00f6rordnande? &#8221;Visa lite barmh\u00e4rtighet&#8221; b\u00f6nade en \u00e4ldre kvinna! Det hj\u00e4lpte inte, best\u00e4mmelserna skulle f\u00f6ljas. En \u00e4ldre man f\u00f6reslog att &#8221;vi ringer polisen&#8221;. En ovanlig julklapp fr\u00e5n SJ.<\/p>\n<p>Klockan halv tv\u00e5 kom bussen och jag hade st\u00e5tt i kylan sedan midnatt. De flesta hade st\u00e5tt och frusit mycket l\u00e4ngre.<\/p>\n<p><a href=\"http:\/\/kulturbloggen.com\/wp-content\/uploads\/2010\/12\/20101224124.jpg\"><img decoding=\"async\" class=\"alignnone size-full wp-image-6\" src=\"http:\/\/kulturbloggen.com\/wp-content\/uploads\/2010\/12\/20101224124.jpg\" alt=\"\" \/><\/a><\/p>\n<p><a href=\"http:\/\/kulturbloggen.com\/wp-content\/uploads\/2010\/12\/20101224126.jpg\"><img decoding=\"async\" class=\"alignnone size-full wp-image-6\" src=\"http:\/\/kulturbloggen.com\/wp-content\/uploads\/2010\/12\/20101224126.jpg\" alt=\"\" \/><\/a><\/p>\n<p>Relaterat:<br \/>\n<a href=\"http:\/\/www.dn.se\/nyheter\/sverige\/farre-problem-i-trafiken-att-vanta\">Dagens Nyheter 1<\/a>, <a href=\"http:\/\/www.dn.se\/nyheter\/sverige\/rekordresande-med-tag-pa-julafton\">Dagens Nyheter 2<\/a>, <a href=\"http:\/\/www.dn.se\/nyheter\/sverige\/ministern-nojd-med-sjs-hantering\">Dagens Nyheter 3<\/a>, <a href=\"http:\/\/www.svd.se\/nyheter\/inrikes\/ljusning-i-skanska-vadermorkret_5829359.svd\">Svenska Dagbladet<\/a>, <a href=\"http:\/\/www.aftonbladet.se\/nyheter\/article8327370.ab\">Aftonbladet<\/a> och <a href=\"http:\/\/www.expressen.se\/nyheter\/1.2266627\/trafiklaget-i-kalmar-ar-akut\">Expressen<\/a>.<\/p>\n","protected":false},"excerpt":{"rendered":"<p>&#8221;Visa lite barmh\u00e4rtighet&#8221; Sv\u00e4r inte n\u00e4r du skriver fick jag l\u00e4ra mig. Men: Fan ta SJ! 30 resen\u00e4rer som skulle vidare fr\u00e5n G\u00f6teborg till orter efter v\u00e4stkusten blev dumpade, mitt i natten i svinkylan. Vi var lovade bussar , men inga kom. Efter en timme (sedan jag kom till platsen, de flesta hade st\u00e5tt l\u00e4ngre)\u00a0 [&hellip;]<\/p>\n","protected":false},"author":13,"featured_media":0,"comment_status":"open","ping_status":"open","sticky":false,"template":"","format":"standard","meta":{"_genesis_hide_title":false,"_genesis_hide_breadcrumbs":false,"_genesis_hide_singular_image":false,"_genesis_hide_footer_widgets":false,"_genesis_custom_body_class":"","_genesis_custom_post_class":"","_genesis_layout":"","footnotes":""},"categories":[20],"tags":[],"class_list":{"0":"post-27967","1":"post","2":"type-post","3":"status-publish","4":"format-standard","6":"category-film","7":"entry"},"_links":{"self":[{"href":"https:\/\/kulturbloggen.com\/index.php?rest_route=\/wp\/v2\/posts\/27967","targetHints":{"allow":["GET"]}}],"collection":[{"href":"https:\/\/kulturbloggen.com\/index.php?rest_route=\/wp\/v2\/posts"}],"about":[{"href":"https:\/\/kulturbloggen.com\/index.php?rest_route=\/wp\/v2\/types\/post"}],"author":[{"embeddable":true,"href":"https:\/\/kulturbloggen.com\/index.php?rest_route=\/wp\/v2\/users\/13"}],"replies":[{"embeddable":true,"href":"https:\/\/kulturbloggen.com\/index.php?rest_route=%2Fwp%2Fv2%2Fcomments&post=27967"}],"version-history":[{"count":0,"href":"https:\/\/kulturbloggen.com\/index.php?rest_route=\/wp\/v2\/posts\/27967\/revisions"}],"wp:attachment":[{"href":"https:\/\/kulturbloggen.com\/index.php?rest_route=%2Fwp%2Fv2%2Fmedia&parent=27967"}],"wp:term":[{"taxonomy":"category","embeddable":true,"href":"https:\/\/kulturbloggen.com\/index.php?rest_route=%2Fwp%2Fv2%2Fcategories&post=27967"},{"taxonomy":"post_tag","embeddable":true,"href":"https:\/\/kulturbloggen.com\/index.php?rest_route=%2Fwp%2Fv2%2Ftags&post=27967"}],"curies":[{"name":"wp","href":"https:\/\/api.w.org\/{rel}","templated":true}]}}