{"id":27739,"date":"2010-12-15T08:48:47","date_gmt":"2010-12-15T07:48:47","guid":{"rendered":"http:\/\/kulturbloggen.com\/?p=27739"},"modified":"2010-12-15T08:48:47","modified_gmt":"2010-12-15T07:48:47","slug":"etc-slanger-ut-bloggar-och-twingly-mycket-av-det-dar-multimediala-ar-ratt-meningslost-egentligen","status":"publish","type":"post","link":"https:\/\/kulturbloggen.com\/?p=27739","title":{"rendered":"ETC sl\u00e4nger ut bloggar och Twingly: Mycket av det d\u00e4r multimediala \u00e4r r\u00e4tt meningsl\u00f6st egentligen"},"content":{"rendered":"<p>ETC var en av de f\u00f6rsta tidningarna som h\u00e4ngde p\u00e5 med Twingly och l\u00e4t bloggar synas bredvid det redaktionella inneh\u00e5llet. Nu verkar ETC och dess utgivare Johan Ehrenberg vara f\u00f6rst ut med att l\u00e4mna Twingly och bloggar.<\/p>\n<p><a href=\"http:\/\/www.dagensmedia.se\/nyheter\/dig\/article3040178.ece\">Till Dagens Media s\u00e4ger Johan Ehrenberg<\/a>:<br \/>\n&#8211; Mycket av det d\u00e4r multimediala \u00e4r r\u00e4tt meningsl\u00f6st egentligen.<\/p>\n<p>ETC:s webbplats har f\u00e5tt en rej\u00e4l omdaning som lanserades denna veckan. Ist\u00e4llet f\u00f6r att ge plats f\u00f6r bloggar har webbplatsen satsat p\u00e5 att \u00f6ppna upp f\u00f6r att l\u00e4sarna ska kunna vara mer aktiva p\u00e5 sajten. Bland annat har man fler kommentar- och ins\u00e4ndarm\u00f6jligheter.<\/p>\n<p>ETC och Johan Ehrenberg har ofta en tidig k\u00e4nsla f\u00f6r vart vinden bl\u00e5ser. Undrar om det h\u00e4r \u00e4r ett tecken p\u00e5 att flera redaktioner kommer att dra ned p\u00e5 samverkan med bloggv\u00e4rlden?<\/p>\n<p>L\u00e4s \u00e4ven andra bloggares \u00e5sikter om <a href=\"http:\/\/bloggar.se\/om\/ETC\" rel=\"tag\">ETC<\/a>, <a href=\"http:\/\/bloggar.se\/om\/Twingly\" rel=\"tag\">Twingly<\/a>, <a href=\"http:\/\/bloggar.se\/om\/medier\" rel=\"tag\">medier<\/a><\/p>\n","protected":false},"excerpt":{"rendered":"<p>ETC var en av de f\u00f6rsta tidningarna som h\u00e4ngde p\u00e5 med Twingly och l\u00e4t bloggar synas bredvid det redaktionella inneh\u00e5llet. Nu verkar ETC och dess utgivare Johan Ehrenberg vara f\u00f6rst ut med att l\u00e4mna Twingly och bloggar. Till Dagens Media s\u00e4ger Johan Ehrenberg: &#8211; Mycket av det d\u00e4r multimediala \u00e4r r\u00e4tt meningsl\u00f6st egentligen. ETC:s webbplats [&hellip;]<\/p>\n","protected":false},"author":13,"featured_media":0,"comment_status":"open","ping_status":"open","sticky":false,"template":"","format":"standard","meta":{"_genesis_hide_title":false,"_genesis_hide_breadcrumbs":false,"_genesis_hide_singular_image":false,"_genesis_hide_footer_widgets":false,"_genesis_custom_body_class":"","_genesis_custom_post_class":"","_genesis_layout":"","footnotes":""},"categories":[62],"tags":[1575,3582,6042],"class_list":{"0":"post-27739","1":"post","2":"type-post","3":"status-publish","4":"format-standard","6":"category-medie-och-kulturpolitik","7":"tag-etc","8":"tag-medier","9":"tag-twingly","10":"entry"},"_links":{"self":[{"href":"https:\/\/kulturbloggen.com\/index.php?rest_route=\/wp\/v2\/posts\/27739","targetHints":{"allow":["GET"]}}],"collection":[{"href":"https:\/\/kulturbloggen.com\/index.php?rest_route=\/wp\/v2\/posts"}],"about":[{"href":"https:\/\/kulturbloggen.com\/index.php?rest_route=\/wp\/v2\/types\/post"}],"author":[{"embeddable":true,"href":"https:\/\/kulturbloggen.com\/index.php?rest_route=\/wp\/v2\/users\/13"}],"replies":[{"embeddable":true,"href":"https:\/\/kulturbloggen.com\/index.php?rest_route=%2Fwp%2Fv2%2Fcomments&post=27739"}],"version-history":[{"count":0,"href":"https:\/\/kulturbloggen.com\/index.php?rest_route=\/wp\/v2\/posts\/27739\/revisions"}],"wp:attachment":[{"href":"https:\/\/kulturbloggen.com\/index.php?rest_route=%2Fwp%2Fv2%2Fmedia&parent=27739"}],"wp:term":[{"taxonomy":"category","embeddable":true,"href":"https:\/\/kulturbloggen.com\/index.php?rest_route=%2Fwp%2Fv2%2Fcategories&post=27739"},{"taxonomy":"post_tag","embeddable":true,"href":"https:\/\/kulturbloggen.com\/index.php?rest_route=%2Fwp%2Fv2%2Ftags&post=27739"}],"curies":[{"name":"wp","href":"https:\/\/api.w.org\/{rel}","templated":true}]}}