{"id":27723,"date":"2010-12-14T18:42:33","date_gmt":"2010-12-14T17:42:33","guid":{"rendered":"http:\/\/kulturbloggen.com\/?p=27723"},"modified":"2010-12-14T18:42:33","modified_gmt":"2010-12-14T17:42:33","slug":"dvd-tips-infor-julen-tomtetass-och-jakten-pa-julen","status":"publish","type":"post","link":"https:\/\/kulturbloggen.com\/?p=27723","title":{"rendered":"DVD-tips inf\u00f6r julen: Tomtetass och jakten p\u00e5 julen"},"content":{"rendered":"<p><a href=\"http:\/\/kulturbloggen.com\/wp-content\/uploads\/2010\/12\/tomtetass.jpg\"><img loading=\"lazy\" decoding=\"async\" src=\"http:\/\/kulturbloggen.com\/wp-content\/uploads\/2010\/12\/tomtetass-212x300.jpg\" alt=\"\" title=\"tomtetass\" width=\"212\" height=\"300\" class=\"aligncenter size-medium wp-image-27733\" \/><\/a><\/p>\n<p>Tomtetass och jakten p\u00e5 julen \u00e4r nog en av de s\u00f6taste och gulligaste filmerna om julen och dess magi som sl\u00e4ppts p\u00e5 dvd och blu-ray inf\u00f6r julen.<br \/>\nOkey, n\u00e4r fem minuter av filmen g\u00e5tt och vi tr\u00e4ffat filmens huvudkarakt\u00e4rer visste jag hur filmen skulle sluta. Fast \u00e5 andra sidan \u00e4r jag inte filmens fr\u00e4msta m\u00e5lgrupp.<br \/>\nDet \u00e4r en s\u00f6t film om julens magi och om att inte sluta tro p\u00e5 att ocks\u00e5 olyckliga omst\u00e4ndigheter kan f\u00f6r\u00e4ndras.<br \/>\nDen \u00e4r dubbad till svenska och det blir alltid lite klumpigt, l\u00e4pparnas r\u00f6relser st\u00e4mmer aldrig med orden.<\/p>\n<p>Men m\u00e5lgruppen f\u00f6r filmen \u00e4r de minsta och bland julens alla filmsl\u00e4pp \u00e4r det h\u00e4r en historia som inte skr\u00e4mmer de sm\u00e5.<\/p>\n<p>Handlingen fr\u00e5n filmens pressutskick:<\/p>\n<blockquote><p>Valpg\u00e4nget \u00e4r tillbaka i en helt ny och egen film! N\u00e4r jultomten och hans nya b\u00e4sta v\u00e4n Tass uppt\u00e4cker att barnen runt om i v\u00e4rlden inte bryr sig s\u00e4rskilt mycket om julen l\u00e4ngre, \u00e5ker de till New York f\u00f6r att se vad de kan g\u00f6ra \u00e5t saken. Men d\u00e5 tomten tappar minnet blir det upp till Tass att r\u00e4dda b\u00e5de jul och jultomte, och samtidigt visa v\u00e4rlden vad julen verkligen handlar om. Till sin hj\u00e4lp har han den heml\u00f6sa flickan Quinn, hennes kompis Will och ett roligt g\u00e4ng talande hundar.<\/p><\/blockquote>\n<p>EXTRA<br \/>\n\u2022 Bonusfilm: En hj\u00e4lte<br \/>\n\u2022 Sing-Along<br \/>\n\u2022 Musikvideo<br \/>\n\u2022 Bortklippta scener<\/p>\n<p><!-- START: FILMTRAILER.COM FLASH PLAYER version 3.4 --><br \/>\n<object width=\"475\" height=\"290\" classid=\"clsid:D27CDB6E-AE6D-11cf-96B8-444553540000\"><param name=\"movie\" value=\"http:\/\/www.player.filmtrailer.com\/v3.4\/player.swf?display_title=none&#038;default_quality=xlarge&#038;autostart=true&#038;share=1&#038;logo=0&#038;backcolor=241D16&#038;frontcolor=7F7F7F&#038;freemium=1&#038;motd=1 \"\/><param name=\"FlashVars\" value=\"file=http:\/\/se.player-feed.previewnetworks.com\/v3.1\/dvd\/5958\/4601100000-1\/\" \/><param name=\"allowfullscreen\" value=\"true\" \/><param name=\"allowscriptaccess\" value=\"always\" \/><embed type=\"application\/x-shockwave-flash\" src=\"http:\/\/www.player.filmtrailer.com\/v3.4\/player.swf?display_title=none&#038;default_quality=xlarge&#038;autostart=true&#038;share=1&#038;logo=0&#038;backcolor=241D16&#038;frontcolor=7F7F7F&#038;freemium=1&#038;motd=1\" FlashVars=\"file=http:\/\/se.player-feed.previewnetworks.com\/v3.1\/dvd\/5958\/4601100000-1\/\" allowfullscreen=\"true\" allowscriptaccess=\"always\" width=\"475\" height=\"290\"><\/embed><\/object><br \/>\n<br \/> <a style=\"font-family: verdana; color:cccccc; font-size: 8pt; text-decoration:none\" alt=\"filmtrailer.com\" target=\"_blank\" href=\"http:\/\/se.filmtrailer.com\/\">I samarbete med Filmtrailer.se<\/a><br \/>\n<!-- END: FILMTRAILER.COM FLASH PLAYER version 3.4 --><\/p>\n<p><a href=\"http:\/\/www.svd.se\/kulturnoje\/film\/dvd\/film-tomtetass-och-jakten-pa-julen_5685581.svd\">SVD har ocks\u00e5 skrivit om filmen.<\/a><\/p>\n<p>L\u00e4s \u00e4ven andra bloggares \u00e5sikter om <a href=\"http:\/\/bloggar.se\/om\/jul\" rel=\"tag\">jul<\/a>, <a href=\"http:\/\/bloggar.se\/om\/julfilmer\" rel=\"tag\">julfilmer<\/a>, <a href=\"http:\/\/bloggar.se\/om\/recension\" rel=\"tag\">recension<\/a>, <a href=\"http:\/\/bloggar.se\/om\/filmtips\" rel=\"tag\">filmtips<\/a>, <a href=\"http:\/\/bloggar.se\/om\/dvd\" rel=\"tag\">dvd<\/a>, <a href=\"http:\/\/bloggar.se\/om\/Tomtetass\" rel=\"tag\">Tomtetass<\/a><\/p>\n","protected":false},"excerpt":{"rendered":"<p>Tomtetass och jakten p\u00e5 julen \u00e4r nog en av de s\u00f6taste och gulligaste filmerna om julen och dess magi som sl\u00e4ppts p\u00e5 dvd och blu-ray inf\u00f6r julen. Okey, n\u00e4r fem minuter av filmen g\u00e5tt och vi tr\u00e4ffat filmens huvudkarakt\u00e4rer visste jag hur filmen skulle sluta. Fast \u00e5 andra sidan \u00e4r jag inte filmens fr\u00e4msta m\u00e5lgrupp. [&hellip;]<\/p>\n","protected":false},"author":13,"featured_media":0,"comment_status":"open","ping_status":"open","sticky":false,"template":"","format":"standard","meta":{"_genesis_hide_title":false,"_genesis_hide_breadcrumbs":false,"_genesis_hide_singular_image":false,"_genesis_hide_footer_widgets":false,"_genesis_custom_body_class":"","_genesis_custom_post_class":"","_genesis_layout":"","footnotes":""},"categories":[50],"tags":[1416,1744,2780,2785,12285,5905],"class_list":{"0":"post-27723","1":"post","2":"type-post","3":"status-publish","4":"format-standard","6":"category-filmfilm","7":"tag-dvd","8":"tag-filmtips","9":"tag-jul","10":"tag-julfilmer","11":"tag-recension","12":"tag-tomtetass","13":"entry"},"_links":{"self":[{"href":"https:\/\/kulturbloggen.com\/index.php?rest_route=\/wp\/v2\/posts\/27723","targetHints":{"allow":["GET"]}}],"collection":[{"href":"https:\/\/kulturbloggen.com\/index.php?rest_route=\/wp\/v2\/posts"}],"about":[{"href":"https:\/\/kulturbloggen.com\/index.php?rest_route=\/wp\/v2\/types\/post"}],"author":[{"embeddable":true,"href":"https:\/\/kulturbloggen.com\/index.php?rest_route=\/wp\/v2\/users\/13"}],"replies":[{"embeddable":true,"href":"https:\/\/kulturbloggen.com\/index.php?rest_route=%2Fwp%2Fv2%2Fcomments&post=27723"}],"version-history":[{"count":0,"href":"https:\/\/kulturbloggen.com\/index.php?rest_route=\/wp\/v2\/posts\/27723\/revisions"}],"wp:attachment":[{"href":"https:\/\/kulturbloggen.com\/index.php?rest_route=%2Fwp%2Fv2%2Fmedia&parent=27723"}],"wp:term":[{"taxonomy":"category","embeddable":true,"href":"https:\/\/kulturbloggen.com\/index.php?rest_route=%2Fwp%2Fv2%2Fcategories&post=27723"},{"taxonomy":"post_tag","embeddable":true,"href":"https:\/\/kulturbloggen.com\/index.php?rest_route=%2Fwp%2Fv2%2Ftags&post=27723"}],"curies":[{"name":"wp","href":"https:\/\/api.w.org\/{rel}","templated":true}]}}