{"id":27610,"date":"2010-12-11T23:32:04","date_gmt":"2010-12-11T22:32:04","guid":{"rendered":"http:\/\/kulturbloggen.com\/?p=27610"},"modified":"2010-12-11T23:32:04","modified_gmt":"2010-12-11T22:32:04","slug":"fran-premiaren-pa-maria-callas-med-rikard-wolff","status":"publish","type":"post","link":"https:\/\/kulturbloggen.com\/?p=27610","title":{"rendered":"Fr\u00e5n premi\u00e4ren p\u00e5 Maria Callas med Rikard Wolff"},"content":{"rendered":"<p><a href=\"http:\/\/kulturbloggen.com\/wp-content\/uploads\/2010\/12\/mariacallas1.jpg\"><img loading=\"lazy\" decoding=\"async\" class=\"aligncenter size-medium wp-image-27613\" title=\"mariacallas1\" src=\"http:\/\/kulturbloggen.com\/wp-content\/uploads\/2010\/12\/mariacallas1-300x199.jpg\" alt=\"\" width=\"300\" height=\"199\" \/><\/a><br \/>\nRikard Wolff spelar Maria Callas. Det \u00e4r en f\u00f6rest\u00e4llning som det inte g\u00e5r att motst\u00e5, den bara m\u00e5ste ses. Lucas Svensson har specialskrivit pj\u00e4sen f\u00f6r Rikard Wolff.<\/p>\n<p>F\u00f6rest\u00e4llningen b\u00f6rjar med Rikard Wolff ikl\u00e4dd svart kl\u00e4nning i ett elegant vitt rum, med vita f\u00e5t\u00f6ljer och vit soffa med vit bekl\u00e4dnad p\u00e5 vit fluffig matta. Rummet \u00e4r elegant, som det anst\u00e5r Maria Callas. Det \u00e4r en sen kv\u00e4ll i Paris och Maria Callas ber\u00e4ttar delar ur sitt liv f\u00f6r oss.<\/p>\n<p>F\u00f6rest\u00e4llningen \u00e4r en monolog \u00e4ven om det finns en sk\u00e5despelare till p\u00e5 scenen, Maria Callas uppasserska Bruna, spelad av Eva Stenson. Bruna \u00e4r underd\u00e5nig och passar upp och yttrar inte ett ord, hon tar inte ens en sekund av ljudutrymmet fr\u00e5n Maria Callas.<\/p>\n<p>Operas\u00e5ngerskan Maria Callas \u00e4r en av 1900-talets mest mytomspunna kvinnor. Hon f\u00f6ddes i USA, men kom till i Grekland. N\u00e4r hennes f\u00f6r\u00e4ldrar och storasyster l\u00e4mnade Grekland f\u00f6r USA l\u00e5g hon i sin mammas mage. Hennes f\u00f6r\u00e4ldrar hade \u00f6nskat sig en son.<\/p>\n<p>Tjock, med glas\u00f6gon och ful, i alla fall inte lika vacker som sin syster Jackie, det \u00e4r den bild Maria Callas har av sig sj\u00e4lv som liten. Men hennes mamma spelar skivor och Maria uppt\u00e4cker att hon kan sjunga.<\/p>\n<p>Hon var medveten om att hon var den st\u00f6rsta operas\u00e5ngerskan och hon l\u00e4mnade sin man f\u00f6r en av v\u00e4rldens rikaste m\u00e4n, Ari Onassis som senare l\u00e4mnade henne f\u00f6r den amerikanske presidentens \u00e4nka Jackie.<\/p>\n<p>Rikard Wolff gestaltar denna diva med k\u00e4rlek och respekt. Hon \u00e4r divan men ocks\u00e5 sorgsen. Han \u00e4r enast\u00e5ende, d\u00e5 han kan spela kvinna utan att dt blir t\u00f6ntigt, vilket ju alltid \u00e4r en risk n\u00e4r m\u00e4n spelar kvinnoroller. Hans r\u00f6st \u00e4r speciell och inte s\u00e4rskilt kvinnlig. Ber\u00e4ttelsen var s\u00e5 levande, med text s\u00e5 m\u00e5lande och f\u00e4ngslande att jag efter en stund gl\u00f6mde av att det var Wolff knarriga r\u00f6st.<\/p>\n<p>Regiss\u00f6ren Lukas Svensson ber\u00e4ttar i ett pressutskick om sina tankar med f\u00f6rest\u00e4llningen:<\/p>\n<blockquote><p>&#8211; Callas liv kretsar mellan tv\u00e5 poler, livet och konsten och hon \u00e4r beroende av b\u00e5da, men hon f\u00e5r dem aldrig att fungera tillsammans. N\u00e4r hon f\u00f6rs\u00f6ker att v\u00e4lja bort det ena f\u00f6r det andra blir resultatet tragiskt och kvar finns bara ensamhet och l\u00e4ngtan. Callas var en person som drev sitt liv till extremer och ytterligheter och aldrig kompromissade.<\/p><\/blockquote>\n<blockquote><p>&#8211; Den h\u00e4r pj\u00e4sen utspelar sig under hennes sista timmar, n\u00e4r allt \u00e4r f\u00f6rbi, n\u00e4r livet reducerats till fr\u00e5gan om man ska g\u00e5 ut eller stanna inne. Det som existerar \u00e4r minnet, allt som \u00e4r f\u00f6rlorat, allt som inte kan f\u00e5s tillbaka, s\u00e4ger Lucas Svensson.<\/p><\/blockquote>\n<p>Pressmaterialet ber\u00e4ttar:<\/p>\n<blockquote><p>Maria Callas &#8211; La Divina &#8211; var en av 1900-talets stora fixstj\u00e4rnor. N\u00e4r hon stod p\u00e5 toppen av sin karri\u00e4r \u00e4lskades hon av en hel v\u00e4rld. Men hennes k\u00e4rleksliv var allt annat \u00e4n en framg\u00e5ngssaga. Hennes hj\u00e4rtesorg skulle till slut bli s\u00e5 stor att hon f\u00f6rlorade sin r\u00f6st. Mot slutet av sitt liv isolerade hon sig allt mer. Hon dog ensam endast 53 \u00e5r gammal i Paris.<\/p><\/blockquote>\n<p>Det handlar inte bara om Maria Callas &#8211; det hon har att s\u00e4ga ber\u00f6r oss alla och v\u00e5ra existentiella villkor.<\/p>\n<p>Som den dikt hon citerar fr\u00e5n Pasolinins &#8221;Gr\u00e4vskopornas gr\u00e5t&#8221; i slutet:<\/p>\n<blockquote><p>Endast att \u00e4lska, endast att k\u00e4nna<br \/>\nr\u00e4knas, inte att ha \u00e4lskar,<br \/>\ninte att ha k\u00e4nt. Att leva av<\/p>\n<p>en f\u00f6rbrunnen k\u00e4rlek inget \u00e5ngest.<br \/>\nSj\u00e4len v\u00e4xer inte mer.<br \/>\nV\u00e4rmen sprider sin f\u00f6rtrollning<\/p>\n<p>och natten h\u00e4ver sig m\u00e4ttad h\u00e4rnere<br \/>\nmellan flodens slingrande band<br \/>\noch d\u00e4mpade sken fr\u00e5n stadens utspridda<\/p>\n<p>ljus. Tusen liv ekar \u00e4nnu h\u00e4rnere.<\/p><\/blockquote>\n<p>Publiken p\u00e5 premi\u00e4ren gav f\u00f6rest\u00e4llningen st\u00e5ende ovationer, b\u00e5de \u00e5t sk\u00e5despelarna och regiss\u00f6ren och de som medverkat till de fantastiska dr\u00e4kterna och den stilenliga dekoren.<\/p>\n<p>Vilka satt d\u00e5 i publiken? Som p\u00e5 de flesta premi\u00e4rer en hel del k\u00e4ndisar. Helena Bergstr\u00f6m s\u00e5g jag i pausen, inte ov\u00e4ntat, filmen \u00c4nglag\u00e5rd 3 d\u00e4r hon spelar mot Rikard Wolff har snart premi\u00e4r p\u00e5 svenska biodukar.<br \/>\nOlle W\u00e4stberg, tidigare chefredakt\u00f6r p\u00e5 DN, s\u00e5g jag. Han syns ofta p\u00e5 teaterpremi\u00e4rer, liksom tidigare ministern Laila Freivalds, som satt bredvid mig och min teaterkompis. Dramatensk\u00e5despelaren Magnus Roosman s\u00e5g jag ocks\u00e5.<\/p>\n<p><a href=\"http:\/\/www.stadsteatern.stockholm.se\/pjaser\/mariacallas-extra.asp\">H\u00e4r en intervju med Rikard Wolff om Maria Callas.<\/a><\/p>\n<p><a href=\"http:\/\/www.rikardwolff.se\/\">H\u00e4r \u00e4r Rikard Wolffs hemsida.<\/a><\/p>\n<p>Relaterade artiklar:<br \/>\n<a href=\"http:\/\/www.dn.se\/kultur-noje\/scen\/har-forvandlas-wolff-till-divan-callas-1.1225211\">Dagens Nyheter<\/a>, <a href=\"http:\/\/www.svd.se\/kulturnoje\/nyheter\/wolff-i-maria-callas-sarkofag_5794263.svd\">Svenska Dagbladet<\/a> och <a href=\"http:\/\/www.unt.se\/kultur\/wolff-i-maria-callas-sarkofag-1152603.aspx\">Upsala Nya Tidning<\/a>.<\/p>\n<p><a href=\"http:\/\/www.svd.se\/kulturnoje\/nyheter\/man-forstar-bara-inte-varfor_5803979.svd\">Recension i SvD.<\/a><\/p>\n<p>Fotograf\tMats B\u00e4cker<br \/>\nBildtext\tRikard Wolff i Maria Callas &#8211; obesvarat liv. Urpremi\u00e4r p\u00e5 Lilla scenen 11 december 2010.<br \/>\n<a href=\"http:\/\/kulturbloggen.com\/wp-content\/uploads\/2010\/12\/mariacallas2.jpg\"><img loading=\"lazy\" decoding=\"async\" src=\"http:\/\/kulturbloggen.com\/wp-content\/uploads\/2010\/12\/mariacallas2-199x300.jpg\" alt=\"\" title=\"mariacallas2\" width=\"199\" height=\"300\" class=\"aligncenter size-medium wp-image-27615\" \/><\/a><br \/>\n<a href=\"http:\/\/kulturbloggen.com\/wp-content\/uploads\/2010\/12\/mariacallas3.jpg\"><img loading=\"lazy\" decoding=\"async\" src=\"http:\/\/kulturbloggen.com\/wp-content\/uploads\/2010\/12\/mariacallas3-300x199.jpg\" alt=\"\" title=\"mariacallas3\" width=\"300\" height=\"199\" class=\"aligncenter size-medium wp-image-27616\" \/><\/a><br \/>\n<a href=\"http:\/\/kulturbloggen.com\/wp-content\/uploads\/2010\/12\/mariacallas4.jpg\"><img loading=\"lazy\" decoding=\"async\" src=\"http:\/\/kulturbloggen.com\/wp-content\/uploads\/2010\/12\/mariacallas4-199x300.jpg\" alt=\"\" title=\"mariacallas4\" width=\"199\" height=\"300\" class=\"aligncenter size-medium wp-image-27617\" \/><\/a><br \/>\n<a href=\"http:\/\/kulturbloggen.com\/wp-content\/uploads\/2010\/12\/mariacallas5.jpg\"><img loading=\"lazy\" decoding=\"async\" src=\"http:\/\/kulturbloggen.com\/wp-content\/uploads\/2010\/12\/mariacallas5-199x300.jpg\" alt=\"\" title=\"mariacallas5\" width=\"199\" height=\"300\" class=\"aligncenter size-medium wp-image-27618\" \/><\/a><\/p>\n","protected":false},"excerpt":{"rendered":"<p>Rikard Wolff spelar Maria Callas. Det \u00e4r en f\u00f6rest\u00e4llning som det inte g\u00e5r att motst\u00e5, den bara m\u00e5ste ses. Lucas Svensson har specialskrivit pj\u00e4sen f\u00f6r Rikard Wolff. F\u00f6rest\u00e4llningen b\u00f6rjar med Rikard Wolff ikl\u00e4dd svart kl\u00e4nning i ett elegant vitt rum, med vita f\u00e5t\u00f6ljer och vit soffa med vit bekl\u00e4dnad p\u00e5 vit fluffig matta. Rummet \u00e4r [&hellip;]<\/p>\n","protected":false},"author":2,"featured_media":0,"comment_status":"open","ping_status":"open","sticky":false,"template":"","format":"standard","meta":{"_genesis_hide_title":false,"_genesis_hide_breadcrumbs":false,"_genesis_hide_singular_image":false,"_genesis_hide_footer_widgets":false,"_genesis_custom_body_class":"","_genesis_custom_post_class":"","_genesis_layout":"","footnotes":""},"categories":[16,20,30,31],"tags":[12285,5340,12288],"class_list":{"0":"post-27610","1":"post","2":"type-post","3":"status-publish","4":"format-standard","6":"category-recension","7":"category-film","8":"category-teater","9":"category-teaterrecension","10":"tag-recension","11":"tag-stadsteatern","12":"tag-teater","13":"entry"},"_links":{"self":[{"href":"https:\/\/kulturbloggen.com\/index.php?rest_route=\/wp\/v2\/posts\/27610","targetHints":{"allow":["GET"]}}],"collection":[{"href":"https:\/\/kulturbloggen.com\/index.php?rest_route=\/wp\/v2\/posts"}],"about":[{"href":"https:\/\/kulturbloggen.com\/index.php?rest_route=\/wp\/v2\/types\/post"}],"author":[{"embeddable":true,"href":"https:\/\/kulturbloggen.com\/index.php?rest_route=\/wp\/v2\/users\/2"}],"replies":[{"embeddable":true,"href":"https:\/\/kulturbloggen.com\/index.php?rest_route=%2Fwp%2Fv2%2Fcomments&post=27610"}],"version-history":[{"count":0,"href":"https:\/\/kulturbloggen.com\/index.php?rest_route=\/wp\/v2\/posts\/27610\/revisions"}],"wp:attachment":[{"href":"https:\/\/kulturbloggen.com\/index.php?rest_route=%2Fwp%2Fv2%2Fmedia&parent=27610"}],"wp:term":[{"taxonomy":"category","embeddable":true,"href":"https:\/\/kulturbloggen.com\/index.php?rest_route=%2Fwp%2Fv2%2Fcategories&post=27610"},{"taxonomy":"post_tag","embeddable":true,"href":"https:\/\/kulturbloggen.com\/index.php?rest_route=%2Fwp%2Fv2%2Ftags&post=27610"}],"curies":[{"name":"wp","href":"https:\/\/api.w.org\/{rel}","templated":true}]}}