{"id":27513,"date":"2010-12-09T21:11:16","date_gmt":"2010-12-09T20:11:16","guid":{"rendered":"http:\/\/kulturbloggen.com\/?p=27513"},"modified":"2010-12-09T21:11:16","modified_gmt":"2010-12-09T20:11:16","slug":"daniel-adams-ray-om-spelningen-pa-debaser-och-att-vara-nominerad-i-p3-guld","status":"publish","type":"post","link":"https:\/\/kulturbloggen.com\/?p=27513","title":{"rendered":"Daniel Adams-Ray om spelningen p\u00e5 Debaser och att vara nominerad i P3 Guld"},"content":{"rendered":"<p><a href=\"http:\/\/kulturbloggen.com\/wp-content\/uploads\/2010\/12\/bild-1.jpg\"><img loading=\"lazy\" decoding=\"async\" src=\"http:\/\/kulturbloggen.com\/wp-content\/uploads\/2010\/12\/bild-1-e1291925374473-224x300.jpg\" alt=\"\" title=\"bild-1\" width=\"224\" height=\"300\" class=\"aligncenter size-medium wp-image-27514\" \/><\/a><\/p>\n<p><a href=\"http:\/\/flattr.com\/thing\/97338\/Daniel-Adams-Ray-om-spelningen-pa-Debaser-och-att-vara-nominerad-i-P3-Guld\" target=\"_blank\"><br \/>\n<img decoding=\"async\" src=\"http:\/\/api.flattr.com\/button\/flattr-badge-large.png\" alt=\"Flattr this\" title=\"Flattr this\" border=\"0\" \/><\/a><\/p>\n<p>Hans solodebut <em>Svart, vitt och allt d\u00e4remellan<\/em> tog tv\u00e5 \u00e5r att g\u00f6ra men nu \u00e4r han nominerad till tv\u00e5 priser i P3 Guld och han har redan tagit Sverige med storm. P\u00e5 l\u00f6rdag spelar den ena halvan av Snook p\u00e5 Debaser Medis.<\/p>\n<p>\u201dDet \u00e4r ett viktigt gig f\u00f6r mig eftersom det \u00e4r p\u00e5 hemmaplan s\u00e5 jag ska ge allt.\u201d<\/p>\n<p>Ibland anv\u00e4nder han sig av en str\u00e5kkvartett och d\u00e5 best\u00e5r hans band av hela nio personer.<\/p>\n<p>Ytterligare ett tecken p\u00e5 Daniel Adams-Rays popularitet \u00e4r att han \u00e4r den mest bokade artisten under v\u00e5ren 2011.<\/p>\n<p><strong>Hur kommer det sig att du gick fr\u00e5n hip hopen i Snook till att g\u00f6ra ett popalbum?<\/strong><\/p>\n<p>\u201dDet var ett naturligt steg f\u00f6r jag var den som bidrog med pop i Snook redan 2002. Alla v\u00e5ra l\u00e5tar byggde p\u00e5 popiga refr\u00e4nger.<\/p>\n<p>Jag fick en nyt\u00e4ndning. Det \u00e4r n\u00f6dv\u00e4ndigt att \u00e5teruppfinna sig sj\u00e4lv. Annars blir man en plastf\u00f6rpackad maskin och det finns redan tillr\u00e4ckligt m\u00e5nga s\u00e5na i Idol.\u201d<\/p>\n<p>Under 2011 planerar han \u00e4ven att spela in en musikvideo till l\u00e5ten <em>F\u00f6rl\u00e5t att jag aldrig sagt f\u00f6rl\u00e5t<\/em> som du kan lyssna p\u00e5 h\u00e4r:<\/p>\n<p><object width=\"480\" height=\"385\"><param name=\"movie\" value=\"http:\/\/www.youtube.com\/v\/k66h72vskrY?fs=1&amp;hl=sv_SE\"><\/param><param name=\"allowFullScreen\" value=\"true\"><\/param><param name=\"allowscriptaccess\" value=\"always\"><\/param><embed src=\"http:\/\/www.youtube.com\/v\/k66h72vskrY?fs=1&amp;hl=sv_SE\" type=\"application\/x-shockwave-flash\" allowscriptaccess=\"always\" allowfullscreen=\"true\" width=\"480\" height=\"385\"><\/embed><\/object><\/p>\n","protected":false},"excerpt":{"rendered":"<p>Hans solodebut Svart, vitt och allt d\u00e4remellan tog tv\u00e5 \u00e5r att g\u00f6ra men nu \u00e4r han nominerad till tv\u00e5 priser i P3 Guld och han har redan tagit Sverige med storm. P\u00e5 l\u00f6rdag spelar den ena halvan av Snook p\u00e5 Debaser Medis. \u201dDet \u00e4r ett viktigt gig f\u00f6r mig eftersom det \u00e4r p\u00e5 hemmaplan s\u00e5 [&hellip;]<\/p>\n","protected":false},"author":3,"featured_media":0,"comment_status":"open","ping_status":"open","sticky":false,"template":"","format":"standard","meta":{"_genesis_hide_title":false,"_genesis_hide_breadcrumbs":false,"_genesis_hide_singular_image":false,"_genesis_hide_footer_widgets":false,"_genesis_custom_body_class":"","_genesis_custom_post_class":"","_genesis_layout":"","footnotes":""},"categories":[5,7],"tags":[1116,4233],"class_list":{"0":"post-27513","1":"post","2":"type-post","3":"status-publish","4":"format-standard","6":"category-intervju","7":"category-musik","8":"tag-daniel-adams-ray","9":"tag-p3-guld","10":"entry"},"_links":{"self":[{"href":"https:\/\/kulturbloggen.com\/index.php?rest_route=\/wp\/v2\/posts\/27513","targetHints":{"allow":["GET"]}}],"collection":[{"href":"https:\/\/kulturbloggen.com\/index.php?rest_route=\/wp\/v2\/posts"}],"about":[{"href":"https:\/\/kulturbloggen.com\/index.php?rest_route=\/wp\/v2\/types\/post"}],"author":[{"embeddable":true,"href":"https:\/\/kulturbloggen.com\/index.php?rest_route=\/wp\/v2\/users\/3"}],"replies":[{"embeddable":true,"href":"https:\/\/kulturbloggen.com\/index.php?rest_route=%2Fwp%2Fv2%2Fcomments&post=27513"}],"version-history":[{"count":0,"href":"https:\/\/kulturbloggen.com\/index.php?rest_route=\/wp\/v2\/posts\/27513\/revisions"}],"wp:attachment":[{"href":"https:\/\/kulturbloggen.com\/index.php?rest_route=%2Fwp%2Fv2%2Fmedia&parent=27513"}],"wp:term":[{"taxonomy":"category","embeddable":true,"href":"https:\/\/kulturbloggen.com\/index.php?rest_route=%2Fwp%2Fv2%2Fcategories&post=27513"},{"taxonomy":"post_tag","embeddable":true,"href":"https:\/\/kulturbloggen.com\/index.php?rest_route=%2Fwp%2Fv2%2Ftags&post=27513"}],"curies":[{"name":"wp","href":"https:\/\/api.w.org\/{rel}","templated":true}]}}