{"id":27502,"date":"2010-12-09T19:24:21","date_gmt":"2010-12-09T18:24:21","guid":{"rendered":"http:\/\/kulturbloggen.com\/?p=27502"},"modified":"2010-12-09T19:24:21","modified_gmt":"2010-12-09T18:24:21","slug":"nationalteatern-ger-sin-satiriska-revy-i-stockholm-ocksa-pa-tyrolen-i-februari","status":"publish","type":"post","link":"https:\/\/kulturbloggen.com\/?p=27502","title":{"rendered":"Nationalteatern ger sin satiriska revy i Stockholm ocks\u00e5 , p\u00e5 Tyrolen i februari"},"content":{"rendered":"<p><a href=\"http:\/\/kulturbloggen.com\/wp-content\/uploads\/2010\/12\/nationalteatern_tyrolen.jpg\"><img loading=\"lazy\" decoding=\"async\" src=\"http:\/\/kulturbloggen.com\/wp-content\/uploads\/2010\/12\/nationalteatern_tyrolen-300x173.jpg\" alt=\"\" title=\"nationalteatern_tyrolen\" width=\"300\" height=\"173\" class=\"aligncenter size-medium wp-image-27504\" \/><\/a><br \/>\nOm \u00e4ntligen varit ett befogat ord s\u00e5 \u00e4r det v\u00e4l nu. \u00c4ntligen. Nationalteatern l\u00e4mnar sitt G\u00f6teborg f\u00f6r att spela sin nyskrivna kabare-revy ocks\u00e5 i Stockholm.<\/p>\n<p>H\u00e4r \u00e4r pressmeddelandet som ber\u00e4ttar mer:<br \/>\nNATIONALTEATERN flyttar motvilligt till Stockholm.<br \/>\nDe passar p\u00e5 att fylla 40 \u00e5r och firar med kabarevyn, en f\u00f6rest\u00e4llning i tv\u00e5 akter.<br \/>\n\u201dVAD VAR DET VI SA!?\u201d<br \/>\nTyrol, Gr\u00f6na Lund, Stockholm<br \/>\nFredag-l\u00f6rdag, 25-26 februari 2011<br \/>\n<a href=\"http:\/\/kulturbloggen.com\/wp-content\/uploads\/2010\/12\/National_Banner.jpg\"><img loading=\"lazy\" decoding=\"async\" src=\"http:\/\/kulturbloggen.com\/wp-content\/uploads\/2010\/12\/National_Banner.jpg\" alt=\"\" title=\"National_Banner\" width=\"205\" height=\"115\" class=\"alignright size-full wp-image-27507\" \/><\/a>Nationalteatern i originalupps\u00e4ttning \u00e5teruppst\u00e5r och presenterar en nyskriven \u201dkabarevy\u201d med bitande satir samt musikaliska krumbukter. Den kultf\u00f6rklarade teatergruppen som efter \u00e5r i stillhet \u00e4ntligen tagit sig samman f\u00f6r att \u00e5ter sprida oreda i kulturkretsar samt dela ut en och annan r\u00e5sop mot etablissemanget i stort.<br \/>\nMNW och gruppen sl\u00e4pper \u00e4ven en box: L\u00e4gg av!\/Historien om Nationalteatern en ber\u00e4ttelse bokform plus 9 cd-skivor.<br \/>\nHistorien tar sin b\u00f6rjan i Lund 1968 och f\u00f6ljer sedan Nationalteaterns \u00e4ventyr och \u00f6den fr\u00e5n sjuttiotalets b\u00f6rjan fram till den stora \u00e5terf\u00f6reningen i kabarevyn p\u00e5 Tr\u00e4dg\u00e5rn i G\u00f6teborg h\u00f6sten 2010.<\/p>\n<p>L\u00e4s \u00e4ven andra bloggares \u00e5sikter om <a href=\"http:\/\/bloggar.se\/om\/Nationalteatern\" rel=\"tag\">Nationalteatern<\/a>, <a href=\"http:\/\/bloggar.se\/om\/Tyrolen\" rel=\"tag\">Tyrolen<\/a>, <a href=\"http:\/\/bloggar.se\/om\/revy\" rel=\"tag\">revy<\/a><\/p>\n","protected":false},"excerpt":{"rendered":"<p>Om \u00e4ntligen varit ett befogat ord s\u00e5 \u00e4r det v\u00e4l nu. \u00c4ntligen. Nationalteatern l\u00e4mnar sitt G\u00f6teborg f\u00f6r att spela sin nyskrivna kabare-revy ocks\u00e5 i Stockholm. H\u00e4r \u00e4r pressmeddelandet som ber\u00e4ttar mer: NATIONALTEATERN flyttar motvilligt till Stockholm. De passar p\u00e5 att fylla 40 \u00e5r och firar med kabarevyn, en f\u00f6rest\u00e4llning i tv\u00e5 akter. \u201dVAD VAR DET [&hellip;]<\/p>\n","protected":false},"author":13,"featured_media":0,"comment_status":"open","ping_status":"open","sticky":false,"template":"","format":"standard","meta":{"_genesis_hide_title":false,"_genesis_hide_breadcrumbs":false,"_genesis_hide_singular_image":false,"_genesis_hide_footer_widgets":false,"_genesis_custom_body_class":"","_genesis_custom_post_class":"","_genesis_layout":"","footnotes":""},"categories":[7],"tags":[3929],"class_list":{"0":"post-27502","1":"post","2":"type-post","3":"status-publish","4":"format-standard","6":"category-musik","7":"tag-nationalteatern","8":"entry"},"_links":{"self":[{"href":"https:\/\/kulturbloggen.com\/index.php?rest_route=\/wp\/v2\/posts\/27502","targetHints":{"allow":["GET"]}}],"collection":[{"href":"https:\/\/kulturbloggen.com\/index.php?rest_route=\/wp\/v2\/posts"}],"about":[{"href":"https:\/\/kulturbloggen.com\/index.php?rest_route=\/wp\/v2\/types\/post"}],"author":[{"embeddable":true,"href":"https:\/\/kulturbloggen.com\/index.php?rest_route=\/wp\/v2\/users\/13"}],"replies":[{"embeddable":true,"href":"https:\/\/kulturbloggen.com\/index.php?rest_route=%2Fwp%2Fv2%2Fcomments&post=27502"}],"version-history":[{"count":0,"href":"https:\/\/kulturbloggen.com\/index.php?rest_route=\/wp\/v2\/posts\/27502\/revisions"}],"wp:attachment":[{"href":"https:\/\/kulturbloggen.com\/index.php?rest_route=%2Fwp%2Fv2%2Fmedia&parent=27502"}],"wp:term":[{"taxonomy":"category","embeddable":true,"href":"https:\/\/kulturbloggen.com\/index.php?rest_route=%2Fwp%2Fv2%2Fcategories&post=27502"},{"taxonomy":"post_tag","embeddable":true,"href":"https:\/\/kulturbloggen.com\/index.php?rest_route=%2Fwp%2Fv2%2Ftags&post=27502"}],"curies":[{"name":"wp","href":"https:\/\/api.w.org\/{rel}","templated":true}]}}