{"id":27486,"date":"2010-12-09T12:34:19","date_gmt":"2010-12-09T11:34:19","guid":{"rendered":"http:\/\/kulturbloggen.com\/?p=27486"},"modified":"2012-05-04T17:05:29","modified_gmt":"2012-05-04T15:05:29","slug":"aniara-%e2%80%93-en-revy-pa-stockholms-stadsteater","status":"publish","type":"post","link":"https:\/\/kulturbloggen.com\/?p=27486","title":{"rendered":"Aniara \u2013 en revy p\u00e5 Stockholms stadsteater"},"content":{"rendered":"<p>I g\u00e5r kv\u00e4ll (8\/12-10) har jag allts\u00e5 varit p\u00e5 revy fast min personliga uppfattning \u00e4r nog att \u201dAniara\u201d \u00e4r ett sorts mellanting mellan \u201dteaterst\u00fcck mit musik\u201d och musikal, men \u00e4nd\u00e5 inte. Egentligen spelar det ju ingen roll vilken etikett vi s\u00e4tter p\u00e5 verket. Det var i alla fall bra underh\u00e5llning!<\/p>\n<p>\u201dAniara\u201d finns allts\u00e5 som opera eller r\u00e4ttare sagt, rymdopera med musik av Karl- Birger Blomdahl och med ett libretto av Erik Lindegren. Operan hade premi\u00e4r den 31 maj 1959 p\u00e5 vad som d\u00e5 hette Kungliga Teatern och numera Kungliga Operan och verket bygger p\u00e5 Harry Martinsson\u00b4s versepos \u201dAniara\u201d fr\u00e5n 1956.<\/p>\n<p>Egentligen \u00e4r jag nog f\u00f6r ung f\u00f6r att ha kunnat se \u201dAniara\u201d i verkliga livet, men det \u00e4r kanske en sanning med modifikation f\u00f6r orsaken till att jag inte s\u00e5g verket d\u00e5 har f\u00f6rmodligen mer med att jag vid den tiden inte var mer \u00e4n fjorton \u00e5r och dessutom bodde jag i Fj\u00e4r\u00e5s vid tidpunkten.<\/p>\n<p>I samband med att Erik Saed\u00e9n avled lyssnade jag p\u00e5 en inspelning av verket fr\u00e5n d\u00e5varande Kungliga Teatern, som SR P2 s\u00e4nde f\u00f6r att hedra Erik Saed\u00e9n\u00b4s  minne.<\/p>\n<p>I Lars Rudolfssons version har det allts\u00e5 blivit en revy med musik av Andreas Kleerup, och med ett tjugotal sk\u00e5despelare p\u00e5 scen.<\/p>\n<p>Det som k\u00e4nns s\u00e4rskilt bra med upps\u00e4ttningen \u00e4r som sagt det gedigna ensemblespelet, men det finns ocks\u00e5 utrymme f\u00f6r utm\u00e4rkta enskilda s\u00e5ngprestationer och dit f\u00e5r jag naturligtvis f\u00f6rst och fr\u00e4mst r\u00e4kna Helen Sj\u00f6holms insatser, men ocks\u00e5 Dan Ekborg samt ytterligare en sk\u00e5despelare som jag just nu har tappat namnet p\u00e5.<\/p>\n<p>Jag \u00e4r inte s\u00e5 van att g\u00e5 p\u00e5 vad jag kallar tal-teater, med eller utan musik, men det som \u00e4nd\u00e5 gjorde det st\u00f6rsta avtrycket p\u00e5 mig var nog \u00e4nd\u00e5 Andreas Kleerups underbart suggestiva och vackra musik i arrangemang av Carl Bagge. Musik som dessutom var utomordentligt v\u00e4l framf\u00f6rd, men visst jag var ocks\u00e5 mycket imponerad av de olika sk\u00e5despelarnas insatser, ingen n\u00e4mnd ingen gl\u00f6md.<\/p>\n<p>En annan sak som jag var djupt imponerad av handlar om den finurliga scenografin, som S\u00f6ren Brunes svarade f\u00f6r. Mer t\u00e4nker jag inte skriva om den f\u00f6r att inte f\u00f6rd\u00e4rva upplevelsen f\u00f6r dem som \u00e4nnu inte har sett f\u00f6rest\u00e4llningen.<\/p>\n<p>Avslutningsvis kan jag konstatera att det var en ovanligt lyckad teaterkv\u00e4ll, s\u00e5 h\u00e4r mitt i veckan och detta kommer sannolikt att leda till att jag \u00e4ven forts\u00e4ttningsvis kommer att f\u00f6rs\u00f6ka se en teaterf\u00f6rest\u00e4llning eller tv\u00e5 och nu n\u00e4rmast \u00e4r det nog \u201dCallas\u201d, som lockar mest.<\/p>\n<p>D\u00e5 \u00e4r jag ju dessutom halvv\u00e4gs tillbaka i min underbara operav\u00e4rld.<\/p>\n<p>Jonas om Aniara- <a href=\"http:\/\/kulturbloggen.com\/?p=25369\">fr\u00e5n genrepet<\/a><\/p>\n<p>Mer om <a href=\"http:\/\/kulturbloggen.com\/?p=25393\">Aniara<\/a><\/p>\n<p>Rosemari om <a href=\"http:\/\/kulturbloggen.com\/?p=25390\">Kleerup<\/a><\/p>\n<p>SvD <a href=\"http:\/\/www.svd.se\/kulturnoje\/scen\/undergangsresa-med-vemodig-ton_5551509.svd\">recension<\/a><\/p>\n<p>DN:s <a href=\"http:\/\/www.dn.se\/kultur-noje\/scenrecensioner\/aniara-av-harry-martinson-1.1194385\">recension <\/a><\/p>\n","protected":false},"excerpt":{"rendered":"<p>I g\u00e5r kv\u00e4ll (8\/12-10) har jag allts\u00e5 varit p\u00e5 revy fast min personliga uppfattning \u00e4r nog att \u201dAniara\u201d \u00e4r ett sorts mellanting mellan \u201dteaterst\u00fcck mit musik\u201d och musikal, men \u00e4nd\u00e5 inte. Egentligen spelar det ju ingen roll vilken etikett vi s\u00e4tter p\u00e5 verket. Det var i alla fall bra underh\u00e5llning! \u201dAniara\u201d finns allts\u00e5 som opera [&hellip;]<\/p>\n","protected":false},"author":13,"featured_media":0,"comment_status":"open","ping_status":"open","sticky":false,"template":"","format":"standard","meta":{"_genesis_hide_title":false,"_genesis_hide_breadcrumbs":false,"_genesis_hide_singular_image":false,"_genesis_hide_footer_widgets":false,"_genesis_custom_body_class":"","_genesis_custom_post_class":"","_genesis_layout":"","footnotes":""},"categories":[7,20,30],"tags":[288,2950,5420],"class_list":{"0":"post-27486","1":"post","2":"type-post","3":"status-publish","4":"format-standard","6":"category-musik","7":"category-film","8":"category-teater","9":"tag-aniara","10":"tag-kleerup","11":"tag-stockholms-stadsteater","12":"entry"},"_links":{"self":[{"href":"https:\/\/kulturbloggen.com\/index.php?rest_route=\/wp\/v2\/posts\/27486","targetHints":{"allow":["GET"]}}],"collection":[{"href":"https:\/\/kulturbloggen.com\/index.php?rest_route=\/wp\/v2\/posts"}],"about":[{"href":"https:\/\/kulturbloggen.com\/index.php?rest_route=\/wp\/v2\/types\/post"}],"author":[{"embeddable":true,"href":"https:\/\/kulturbloggen.com\/index.php?rest_route=\/wp\/v2\/users\/13"}],"replies":[{"embeddable":true,"href":"https:\/\/kulturbloggen.com\/index.php?rest_route=%2Fwp%2Fv2%2Fcomments&post=27486"}],"version-history":[{"count":1,"href":"https:\/\/kulturbloggen.com\/index.php?rest_route=\/wp\/v2\/posts\/27486\/revisions"}],"predecessor-version":[{"id":53889,"href":"https:\/\/kulturbloggen.com\/index.php?rest_route=\/wp\/v2\/posts\/27486\/revisions\/53889"}],"wp:attachment":[{"href":"https:\/\/kulturbloggen.com\/index.php?rest_route=%2Fwp%2Fv2%2Fmedia&parent=27486"}],"wp:term":[{"taxonomy":"category","embeddable":true,"href":"https:\/\/kulturbloggen.com\/index.php?rest_route=%2Fwp%2Fv2%2Fcategories&post=27486"},{"taxonomy":"post_tag","embeddable":true,"href":"https:\/\/kulturbloggen.com\/index.php?rest_route=%2Fwp%2Fv2%2Ftags&post=27486"}],"curies":[{"name":"wp","href":"https:\/\/api.w.org\/{rel}","templated":true}]}}