{"id":27382,"date":"2010-12-07T22:24:34","date_gmt":"2010-12-07T21:24:34","guid":{"rendered":"http:\/\/kulturbloggen.com\/?p=27382"},"modified":"2011-11-24T18:33:38","modified_gmt":"2011-11-24T17:33:38","slug":"nu-maste-det-bli-slut-pa-det-svenska-fjaskandet-for-usa","status":"publish","type":"post","link":"https:\/\/kulturbloggen.com\/?p=27382","title":{"rendered":"Nu m\u00e5ste det bli slut p\u00e5 det svenska fj\u00e4skandet f\u00f6r USA"},"content":{"rendered":"<p>Har tj\u00e4nstem\u00e4n n\u00e4ra ministrar regelbundet l\u00e4mnat ut uppgifter till USA om svenska medborgare s\u00e5 \u00e4r det absolut sk\u00e4l f\u00f6r att avskeda b\u00e5de tj\u00e4nstem\u00e4nnen och ministrarna. Att l\u00e4mna ut uppgifter om svenska medborgare till fr\u00e4mmande stat \u00e4r lika allvarligt som spioneri.<\/p>\n<p>Ingen som f\u00f6ljt medier de senaste dagarna l\u00e4r ha missat att tj\u00e4nstem\u00e4n hos utrikesminister Bildt och justitieministern Ask regelbundet ska ha l\u00e4mnat ut uppgifter om svenskar till USA. P\u00e5 sina h\u00e5ll h\u00f6rs argumentet att detta redan skedde under S-regeringens tid. Tj\u00e4nstem\u00e4nnen har bara fortsatt i samma sp\u00e5r?<br \/>\nOch vad\u00e5? Skulle ett brott vara mindre illa f\u00f6r att n\u00e5gon annan gjort samma usla sak?<br \/>\nDet \u00e4r v\u00e4l f\u00f6r sjutton ingen argument att ha till sitt f\u00f6rsvar?<br \/>\nDet \u00e4r hur illa som helst, oavsett vilken f\u00e4rg det \u00e4r p\u00e5 den regering som g\u00f6r n\u00e5gon s\u00e5dant.<br \/>\nNu ska Konstitutionsutskottet granska regeringens beteende n\u00e4rmare.<br \/>\n<a href=\"http:\/\/www.aftonbladet.se\/nyheter\/article8240380.ab\">Ur Aftonbladet:<\/a><\/p>\n<blockquote><p>Efter Aftonbladets avsl\u00f6jande om det informella s\u00e4kerhetssamarbetet mellan USA och Sverige st\u00e4ller nu Konstitutionsutskottet regeringen mot v\u00e4ggen.<\/p>\n<p>\u2013 Vi har nu lyft fr\u00e5gan i KU, sade Socialdemokraternas talesman Peter Hultqvist efter KU-sammantr\u00e4det i dag.<\/p><\/blockquote>\n<p>Om Asks och Bildts tj\u00e4nstem\u00e4n l\u00e4mnat dessa uppgifter regelbundet i flera \u00e5r, utan att deras ansvarige minister visste det, d\u00e5 b\u00f6r ministern avg\u00e5. S\u00e5dant ska inte f\u00e5 f\u00f6rekomma utan att ministern vet det. Och har ministern k\u00e4nt till det, ska ministern avg\u00e5.<\/p>\n<p>Det enda som kan hindra att de tvingas avg\u00e5 \u00e4r att regeringen och folket inte tycker det g\u00f6r n\u00e5got, f\u00f6r att m\u00e4nniskor inte bryr sig. Och varf\u00f6r bryr det sig inte? F\u00f6r att de g\u00e5tt p\u00e5 myten att det bara handlar om terrorister. Men b\u00f6rjar vi rucka p\u00e5 medborgarnas r\u00e4ttigheter blir det andra n\u00e4sta g\u00e5ng. F\u00f6rst \u00e4r det de med utl\u00e4ndsk h\u00e4rkomst som drabbas, sedan blir det vem som helst.<\/p>\n<p>Det ska bli oerh\u00f6rt intressant att se hur det g\u00e5r med Assange, Wikileaks grundare. Han l\u00e4r ha g\u00e5tt in p\u00e5 en polisstation i London och \u00f6verl\u00e4mnat sig sj\u00e4lv.<br \/>\nDet senaste beskedet \u00e4r att han ska stanna kvar i h\u00e4ktet fram till 14 december.<br \/>\nOm han nu blir utl\u00e4mnad till Sverige, kommer de svenska makthavarna att st\u00e5 pallen f\u00f6r det amerikanska trycket?<\/p>\n<p>USA har f\u00e5tt Paypal, Amazon, Visa och Mastercard att sprattla i tr\u00e5darna som marionetter och de har samtliga stoppat alla utbetalningar till Wikileaks.<\/p>\n<p><a href=\"http:\/\/henrikalexandersson.blogspot.com\/2010\/12\/apropa-wikileaks-ar-det-har-ironi-eller.html\">HAX tog upp det ironiska<\/a> i att USA i maj 2011 arrangerar en pressfrihetens dag:<\/p>\n<blockquote><p>The United States is pleased to announce that it will host Unesco&#8217;s World Press Freedom Day event in 2011, from 1-3 May in Washington, DC.<\/p>\n<p>    The theme for next year&#8217;s commemoration will be 21st Century Media: New Frontiers, New Barriers. The United States places technology and innovation at the forefront of its diplomatic and development efforts.<\/p>\n<p>    New media has empowered citizens around the world to report on their circumstances, express opinions on world events, and exchange information in environments sometimes hostile to such exercises of individuals&#8217; right to freedom of expression.<\/p>\n<p>    At the same time, we are concerned about the determination of some governments to censor and silence individuals, and to restrict the free flow of information.<\/p>\n<p>    We mark events such as World Press Freedom Day in the context of our enduring commitment to support and expand press freedom and the free flow of information in this digital age.<\/p><\/blockquote>\n<p>Hmm? Och samtidigt agerar USA om m\u00f6jligt \u00e4nnu vidrigare och v\u00e4rre \u00e4n Kina i fallet fredspriset. N\u00e5gon av de jag f\u00f6ljer p\u00e5 Twitter skrev tidigare idag:<br \/>\n<em>If Assange was in China doing the same thing, the West would have called him a dissident and given him a Nobel prize.<\/em><\/p>\n<p>USA beter sig som en imperialiststat av v\u00e4rsta slag n\u00e4r de p\u00e5 detta s\u00e4tt tvingar f\u00f6retag att strypa Wikileaks tillg\u00e5ngar. Vad \u00e4r det f\u00f6r frihet om m\u00e4nniskor som vill st\u00f6dja dem inte kan g\u00f6ra det?<\/p>\n<p>Om Assange har beg\u00e5tt brott i Sverige, det f\u00e5r en r\u00e4tteg\u00e5ng avg\u00f6ra. Men det g\u00f6r inte Wikileaks mindre viktigt. Det \u00e4r viktigt att s\u00e4tta fokus p\u00e5 vad stater hemligst\u00e4mplar. Kanske de hemligst\u00e4mplar f\u00f6r mycket, kanske de i skydd av hemligh\u00e5llandet beg\u00e5r m\u00e5nga krigsbrott och andra \u00f6vergrepp p\u00e5 m\u00e4nskliga r\u00e4ttigheter?<\/p>\n<p>Bara att se p\u00e5 vilket maktfullkomligt s\u00e4tt USA beter sig b\u00e5de n\u00e4r det g\u00e4ller jakt p\u00e5 fildelare och jakt p\u00e5 Wikileaks urholkar verkligen respekten och tilltron f\u00f6r det landets makthavare.<\/p>\n<p><a href=\"http:\/\/www.aftonbladet.se\/nyheter\/analys\/wolfganghansson\/article8241517.ab\">Som Aftonbladet skriver:<\/a><\/p>\n<blockquote><p>Inte sedan terrord\u00e5den den 11 september har USA startat en s\u00e5dan jakt p\u00e5 en enskild person och organisation.<br \/>\nI amerikanernas \u00f6gon verkar han vara lika farlig som Usama bin Ladin.<br \/>\nMed Assange gripen och h\u00e4ktad kommer USA att g\u00f6ra allt f\u00f6r att f\u00e5 honom utl\u00e4mnad.<\/p><\/blockquote>\n<p><a href=\"http:\/\/www.zaramis.nu\/blog\/2010\/12\/07\/assange-i-brittiskt-hakte-vill-inte-utlamnas-till-sverige\/\">Svensson har ocks\u00e5 bloggat om detta.<\/a><\/p>\n<p>Och h\u00e4r \u00e4r en hel h\u00f6g fler bloggare som tagit upp det:<\/p>\n<div>\n<div><a href=\"http:\/\/annarkia.se\/politik\/overvakningssamhallet-politik\/snaran-dras-at.htm\">Annarkia<\/a>,  <a href=\"http:\/\/minamoderatakarameller.blogspot.com\/2010\/12\/angel-eller-djavul.html\" target=\"_self\">Moderatkarameller<\/a>, <a href=\"http:\/\/rodamalmo.blogspot.com\/2010\/12\/valdtaktsman-och-terrorist.html\" target=\"_self\">R\u00f6da Malm\u00f6<\/a>, <a href=\"http:\/\/www.fjardeinternationalen.se\/blog\/2010\/12\/07\/har-skriver-assange-sjalv-om-gripandet\/\" target=\"_self\">K &amp; \u00c5<\/a>, <a href=\"http:\/\/jinge.se\/mediekritik\/assange-rattens-utslag.htm\" target=\"_self\">Jinge<\/a>,<br \/>\nL\u00e4s \u00e4ven andra bloggares \u00e5sikter om <a rel=\"tag\" href=\"http:\/\/bloggar.se\/om\/Julian+Assange\">Julian Assange<\/a>, <a rel=\"tag\" href=\"http:\/\/bloggar.se\/om\/Anna+Ardin\">Anna Ardin<\/a>, <a rel=\"tag\" href=\"http:\/\/bloggar.se\/om\/V%E5ldt%E4kt\">V\u00e5ldt\u00e4kt<\/a>, <a rel=\"tag\" href=\"http:\/\/bloggar.se\/om\/Wikileaks\">Wikileaks<\/a>, <a rel=\"tag\" href=\"http:\/\/bloggar.se\/om\/H%E4kte\">H\u00e4kte<\/a>, <a rel=\"tag\" href=\"http:\/\/bloggar.se\/om\/Brott\">Brott<\/a>, <a rel=\"tag\" href=\"http:\/\/bloggar.se\/om\/USA\">USA<\/a>, <a rel=\"tag\" href=\"http:\/\/bloggar.se\/om\/%D6vervakning\">\u00d6vervakning<\/a>, <a rel=\"tag\" href=\"http:\/\/bloggar.se\/om\/Internet\">Internet<\/a>, <a rel=\"tag\" href=\"http:\/\/bloggar.se\/om\/Storbritannien\">Storbritannien<\/a>, <a rel=\"tag\" href=\"http:\/\/bloggar.se\/om\/R%E4tteg%E5ng\">R\u00e4tteg\u00e5ng<\/a>, <a rel=\"tag\" href=\"http:\/\/bloggar.se\/om\/Domstolar\">Domstolar<\/a>, <a rel=\"tag\" href=\"http:\/\/bloggar.se\/om\/Samh%E4lle\">Samh\u00e4lle<\/a>, <a rel=\"tag\" href=\"http:\/\/bloggar.se\/om\/Politik\">Politik<\/a><\/p>\n<p>Relaterat:<br \/>\n<a href=\"http:\/\/www.svd.se\/opinion\/brannpunkt\/wikileaks-inget-digitalt-pearl-harbor_5788151.svd\">Svenska Dagbladet<\/a>, <a href=\"http:\/\/www.svd.se\/nyheter\/inrikes\/samarbete-mot-illegala-fildelare_5791645.svd\">Svenska Dagbladet 2<\/a>, <a href=\"http:\/\/www.dn.se\/nyheter\/varlden\/assange-nekas-frigivning-mot-borgen-1.1223317\">Dagens Nyheter 1<\/a>, <a href=\"http:\/\/www.dn.se\/nyheter\/varlden\/usa-gripandet-av-assange-inte-var-sak-1.1223438\">Dagens Nyheter 2<\/a>, <a href=\"http:\/\/www.dn.se\/nyheter\/sverige\/borgstrom-till-attack-mot-assange-1.1223302\">Dagens Nyheter 3<\/a>, <a href=\"http:\/\/www.dn.se\/nyheter\/sverige\/svenska-aklagaren-om-assange-gripande-1.1223380\">Dagens Nyheter 4.<\/a><\/p>\n<p>L\u00e4s \u00e4ven andra bloggares \u00e5sikter om <a href=\"http:\/\/bloggar.se\/om\/USA\" rel=\"tag\">USA<\/a>, <a href=\"http:\/\/bloggar.se\/om\/Assange\" rel=\"tag\">Assange<\/a>, <a href=\"http:\/\/bloggar.se\/om\/Bildt\" rel=\"tag\">Bildt<\/a>, <a href=\"http:\/\/bloggar.se\/om\/Ask\" rel=\"tag\">Ask<\/a>, <a href=\"http:\/\/bloggar.se\/om\/Wikileaks\" rel=\"tag\">Wikileaks<\/a><\/p>\n","protected":false},"excerpt":{"rendered":"<p>Har tj\u00e4nstem\u00e4n n\u00e4ra ministrar regelbundet l\u00e4mnat ut uppgifter till USA om svenska medborgare s\u00e5 \u00e4r det absolut sk\u00e4l f\u00f6r att avskeda b\u00e5de tj\u00e4nstem\u00e4nnen och ministrarna. Att l\u00e4mna ut uppgifter om svenska medborgare till fr\u00e4mmande stat \u00e4r lika allvarligt som spioneri. Ingen som f\u00f6ljt medier de senaste dagarna l\u00e4r ha missat att tj\u00e4nstem\u00e4n hos utrikesminister Bildt [&hellip;]<\/p>\n","protected":false},"author":2,"featured_media":44571,"comment_status":"open","ping_status":"open","sticky":false,"template":"","format":"standard","meta":{"_genesis_hide_title":false,"_genesis_hide_breadcrumbs":false,"_genesis_hide_singular_image":false,"_genesis_hide_footer_widgets":false,"_genesis_custom_body_class":"","_genesis_custom_post_class":"","_genesis_layout":"","footnotes":""},"categories":[62],"tags":[433,437,638,6129,6400],"class_list":{"0":"post-27382","1":"post","2":"type-post","3":"status-publish","4":"format-standard","5":"has-post-thumbnail","7":"category-medie-och-kulturpolitik","8":"tag-ask","9":"tag-assange","10":"tag-bildt","11":"tag-usa","12":"tag-wikileaks","13":"entry"},"_links":{"self":[{"href":"https:\/\/kulturbloggen.com\/index.php?rest_route=\/wp\/v2\/posts\/27382","targetHints":{"allow":["GET"]}}],"collection":[{"href":"https:\/\/kulturbloggen.com\/index.php?rest_route=\/wp\/v2\/posts"}],"about":[{"href":"https:\/\/kulturbloggen.com\/index.php?rest_route=\/wp\/v2\/types\/post"}],"author":[{"embeddable":true,"href":"https:\/\/kulturbloggen.com\/index.php?rest_route=\/wp\/v2\/users\/2"}],"replies":[{"embeddable":true,"href":"https:\/\/kulturbloggen.com\/index.php?rest_route=%2Fwp%2Fv2%2Fcomments&post=27382"}],"version-history":[{"count":2,"href":"https:\/\/kulturbloggen.com\/index.php?rest_route=\/wp\/v2\/posts\/27382\/revisions"}],"predecessor-version":[{"id":44573,"href":"https:\/\/kulturbloggen.com\/index.php?rest_route=\/wp\/v2\/posts\/27382\/revisions\/44573"}],"wp:featuredmedia":[{"embeddable":true,"href":"https:\/\/kulturbloggen.com\/index.php?rest_route=\/wp\/v2\/media\/44571"}],"wp:attachment":[{"href":"https:\/\/kulturbloggen.com\/index.php?rest_route=%2Fwp%2Fv2%2Fmedia&parent=27382"}],"wp:term":[{"taxonomy":"category","embeddable":true,"href":"https:\/\/kulturbloggen.com\/index.php?rest_route=%2Fwp%2Fv2%2Fcategories&post=27382"},{"taxonomy":"post_tag","embeddable":true,"href":"https:\/\/kulturbloggen.com\/index.php?rest_route=%2Fwp%2Fv2%2Ftags&post=27382"}],"curies":[{"name":"wp","href":"https:\/\/api.w.org\/{rel}","templated":true}]}}