{"id":27378,"date":"2010-12-07T20:06:50","date_gmt":"2010-12-07T19:06:50","guid":{"rendered":"http:\/\/kulturbloggen.com\/?p=27378"},"modified":"2010-12-07T20:06:50","modified_gmt":"2010-12-07T19:06:50","slug":"charlotte-perelli-och-pernilla-wahlgren-misstanks-ha-fott-betalt-for-att-blogga-om-margarin","status":"publish","type":"post","link":"https:\/\/kulturbloggen.com\/?p=27378","title":{"rendered":"Charlotte Perelli och Pernilla Wahlgren misst\u00e4nks ha f\u00e5tt betalt f\u00f6r att blogga om margarin"},"content":{"rendered":"<p><a href=\"http:\/\/kulturbloggen.com\/wp-content\/uploads\/2010\/12\/flora.jpg\"><img loading=\"lazy\" decoding=\"async\" src=\"http:\/\/kulturbloggen.com\/wp-content\/uploads\/2010\/12\/flora-300x209.jpg\" alt=\"\" title=\"flora\" width=\"300\" height=\"209\" class=\"aligncenter size-medium wp-image-27379\" \/><\/a><\/p>\n<p>B\u00e5de <a href=\"http:\/\/charlotteperrelli.chic.se\/\">Charlotte Perelli<\/a> och <a href=\"http:\/\/pernillawahlgren.se\/\">Pernilla Wahlgren<\/a> har bloggat om margarin p\u00e5 sistone. Inte om margarin i st\u00f6rsta allm\u00e4nhet utan om ett speciellt m\u00e4rke. Den ena har i sin blogg ber\u00f6mt Flora och den andra har ber\u00f6mt Milda.<br \/>\nSveriges konsumenter har anm\u00e4lt de tv\u00e5 bloggearna och k\u00e4ndisarna Charlotte Perelli och Pernilla Wahlgren till Konsumentverket f\u00f6r brott mot marknadsf\u00f6ringslagen.<\/p>\n<p><a href=\"http:\/\/www.aftonbladet.se\/nojesbladet\/article8242018.ab\">Aftonbladet ber\u00e4ttar:<\/a><\/p>\n<blockquote><p>Bengt Ingerstam, ordf\u00f6rande f\u00f6r Sveriges konsumenter i Samverkan, menar att det h\u00e4r \u00e4r dold reklam och ett brott mot marknadsf\u00f6ringslagen.<br \/>\n&#8221;De har f\u00e5tt betalt&#8221;<br \/>\n\u2013 Det \u00e4r solklart att de har gjort det h\u00e4r av kommersiella sk\u00e4l. Och jag utg\u00e5r fr\u00e5n att de har f\u00e5tt betalt, s\u00e4ger han.<br \/>\n\u2013 Det hade varit en annan sak om Pernilla skrev &#8221;fett&#8221; i sina recept men nu \u00e4r det bara Milda, Milda, Milda. Och jag kan inte t\u00e4nka mig att Perelli pl\u00f6tsligt har tid med att vara recensent \u00f6ver margarinf\u00f6rpackningar, forts\u00e4tter han. <\/p><\/blockquote>\n<p>Yngre bloggare har tidigare varit i bl\u00e5sv\u00e4der f\u00f6r att de misst\u00e4nks ha f\u00e5tt betalt f\u00f6r att blogga positivt om n\u00e5got.<br \/>\nCharlotte Perelli och Pernilla Wahlgren \u00e4r inte sm\u00e5ungar, de b\u00f6r veta vad som g\u00e4ller inom medier. Om de tagit betalt f\u00f6r att blogga positivt om ett margarin b\u00f6r de ha vetat att det inte \u00e4r OK.<br \/>\nDet ska vara tydligt utm\u00e4rkt vad som \u00e4r reklam. Det g\u00e5r att blogga om n\u00e5got och ta betalt, om bloggaren tydligt ber\u00e4ttar att han\/hon f\u00e5tt ers\u00e4ttning f\u00f6r att g\u00f6ra det.<br \/>\n<a href=\"http:\/\/www.blogvertiser.se\/\">Det finns en tj\u00e4nst<\/a> som bygger p\u00e5 att hitta f\u00f6retag som vill betala bloggare f\u00f6r att blogga om deras prylar. Vi p\u00e5 Kulturbloggen har testat det n\u00e5gra g\u00e5nger och d\u00e5 har vi varit mycket tydliga med att ber\u00e4tta att vi f\u00e5tt betalt f\u00f6r det, att vi gjort det p\u00e5 uppdrag.<br \/>\nMen nu har vi tackat nej till ett par uppdrag och hoppat av d\u00e4rifr\u00e5n. En orsak \u00e4r att vi fick ett uppdrag d\u00e4r f\u00f6retaget var tydlig med att vi inte fick ber\u00e4tta att vi fick betalt f\u00f6r det. Ett annat sk\u00e4l \u00e4r att de saker vi f\u00e5tt i uppdrag att blogga om inte varit intressanta saker, som passar in i v\u00e5r blogg. Vi tror helt enkelt inte att vi skulle kunna g\u00f6ra n\u00e5got inl\u00e4gg vi st\u00e5r f\u00f6r.<br \/>\nDet tredje \u00e4r att det varit uselt betalt, typ 500 kronor f\u00f6r en text. Det \u00e4r inte v\u00e4rt besv\u00e4ret och tiden.<br \/>\nDet fj\u00e4rde \u00e4r att det \u00e4r tr\u00e5kigt att blogga om saker p\u00e5 order, \u00e4ven om det ger betalning.<\/p>\n<p>H\u00e4r \u00e4r <a href=\"http:\/\/pernillawahlgren.se\/pernillas-blogg\/mildas-fettskola.html\">Pernilla Wahlgrens fettinl\u00e4gg<\/a> och <a href=\"http:\/\/charlotteperrelli.chic.se\/2010\/10\/antligen-design-i-matvarorna\/\">h\u00e4r fanns Charlotte Perellis inl\u00e4gg, nu borttaget<\/a>.<\/p>\n<p><a href=\"http:\/\/www.dagensmedia.se\/nyheter\/kampanjer\/article3033290.ece\">Dagens Media har ocks\u00e5 ber\u00e4ttat om anm\u00e4lan mot Charlotte Perelli och Pernilla Wahlgren<\/a>.<\/p>\n<p>L\u00e4s \u00e4ven andra bloggares \u00e5sikter om <a href=\"http:\/\/bloggar.se\/om\/Pernilla+Wahlgren\" rel=\"tag\">Pernilla Wahlgren<\/a>, <a href=\"http:\/\/bloggar.se\/om\/Charlotte+Perelli\" rel=\"tag\">Charlotte Perelli<\/a>, <a href=\"http:\/\/bloggar.se\/om\/annonser\" rel=\"tag\">annonser<\/a>, <a href=\"http:\/\/bloggar.se\/om\/konsumenter\" rel=\"tag\">konsumenter<\/a>, <a href=\"http:\/\/bloggar.se\/om\/anm%E4lan\" rel=\"tag\">anm\u00e4lan<\/a>, <a href=\"http:\/\/bloggar.se\/om\/reklam\" rel=\"tag\">reklam<\/a>, <a href=\"http:\/\/bloggar.se\/om\/marknadsf%F6ringslagen\" rel=\"tag\">marknadsf\u00f6ringslagen<\/a><\/p>\n","protected":false},"excerpt":{"rendered":"<p>B\u00e5de Charlotte Perelli och Pernilla Wahlgren har bloggat om margarin p\u00e5 sistone. Inte om margarin i st\u00f6rsta allm\u00e4nhet utan om ett speciellt m\u00e4rke. Den ena har i sin blogg ber\u00f6mt Flora och den andra har ber\u00f6mt Milda. Sveriges konsumenter har anm\u00e4lt de tv\u00e5 bloggearna och k\u00e4ndisarna Charlotte Perelli och Pernilla Wahlgren till Konsumentverket f\u00f6r brott [&hellip;]<\/p>\n","protected":false},"author":2,"featured_media":0,"comment_status":"open","ping_status":"open","sticky":false,"template":"","format":"standard","meta":{"_genesis_hide_title":false,"_genesis_hide_breadcrumbs":false,"_genesis_hide_singular_image":false,"_genesis_hide_footer_widgets":false,"_genesis_custom_body_class":"","_genesis_custom_post_class":"","_genesis_layout":"","footnotes":""},"categories":[20],"tags":[299,327,973,3017,3524,4317,4696],"class_list":{"0":"post-27378","1":"post","2":"type-post","3":"status-publish","4":"format-standard","6":"category-film","7":"tag-anmalan","8":"tag-annonser","9":"tag-charlotte-perelli","10":"tag-konsumenter","11":"tag-marknadsforingslagen","12":"tag-pernilla-wahlgren","13":"tag-reklam","14":"entry"},"_links":{"self":[{"href":"https:\/\/kulturbloggen.com\/index.php?rest_route=\/wp\/v2\/posts\/27378","targetHints":{"allow":["GET"]}}],"collection":[{"href":"https:\/\/kulturbloggen.com\/index.php?rest_route=\/wp\/v2\/posts"}],"about":[{"href":"https:\/\/kulturbloggen.com\/index.php?rest_route=\/wp\/v2\/types\/post"}],"author":[{"embeddable":true,"href":"https:\/\/kulturbloggen.com\/index.php?rest_route=\/wp\/v2\/users\/2"}],"replies":[{"embeddable":true,"href":"https:\/\/kulturbloggen.com\/index.php?rest_route=%2Fwp%2Fv2%2Fcomments&post=27378"}],"version-history":[{"count":0,"href":"https:\/\/kulturbloggen.com\/index.php?rest_route=\/wp\/v2\/posts\/27378\/revisions"}],"wp:attachment":[{"href":"https:\/\/kulturbloggen.com\/index.php?rest_route=%2Fwp%2Fv2%2Fmedia&parent=27378"}],"wp:term":[{"taxonomy":"category","embeddable":true,"href":"https:\/\/kulturbloggen.com\/index.php?rest_route=%2Fwp%2Fv2%2Fcategories&post=27378"},{"taxonomy":"post_tag","embeddable":true,"href":"https:\/\/kulturbloggen.com\/index.php?rest_route=%2Fwp%2Fv2%2Ftags&post=27378"}],"curies":[{"name":"wp","href":"https:\/\/api.w.org\/{rel}","templated":true}]}}