{"id":27360,"date":"2010-12-07T13:56:35","date_gmt":"2010-12-07T12:56:35","guid":{"rendered":"http:\/\/kulturbloggen.com\/?p=27360"},"modified":"2010-12-07T13:56:35","modified_gmt":"2010-12-07T12:56:35","slug":"wikileaks-julian-assange-har-overlamnat-sig-till-polisen-i-england","status":"publish","type":"post","link":"https:\/\/kulturbloggen.com\/?p=27360","title":{"rendered":"Wikileaks Julian Assange har \u00f6verl\u00e4mnat sig till polisen i England"},"content":{"rendered":"<p><a href=\"http:\/\/kulturbloggen.com\/wp-content\/uploads\/2010\/07\/Wikileaks_-logo.jpg\"><img loading=\"lazy\" decoding=\"async\" class=\"aligncenter size-medium wp-image-22276\" title=\"Wikileaks_-logo\" src=\"http:\/\/kulturbloggen.com\/wp-content\/uploads\/2010\/07\/Wikileaks_-logo-199x300.jpg\" alt=\"\" width=\"199\" height=\"300\" \/><\/a><\/p>\n<p><a href=\"http:\/\/www.huffingtonpost.com\/2010\/12\/07\/julian-assange-arrested-w_n_792956.html\">Huffington Post ber\u00e4ttar att Julian Assange<\/a> har anm\u00e4lt sig hos polisen i England. Under tisdagen\u00a0<a href=\"http:\/\/www.expressen.se\/nyheter\/1.2244934\/julian-assange-blir-kvar-i-haktet\"> h\u00e4ktades han<\/a> och nekades borgen.\u00a0 Assange kommer att \u00f6verklaga utl\u00e4mningen till Sverige d\u00e4r han \u00e4r h\u00e4ktad i sin fr\u00e5nvaro och anklagas f\u00f6r v\u00e5ldt\u00e4kt.<\/p>\n<p>Wikileaks \u00e4r under attack och Visa och Mastercard har stoppat m\u00f6jligheten att st\u00f6dja webbplatsen via deras tj\u00e4nster. Assange sj\u00e4lv s\u00e4ger att detta inte kommer att stoppa publiceringen av dokument men det blir sv\u00e5rare f\u00f6r webbplatsen att verka. Det m\u00e4rks p\u00e5 att Twitterstr\u00f6mmen blivit m\u00e4rkbart tunnare senaste tiden.<\/p>\n<p>Det finns m\u00e5nga som inte vill att de dokument som Wikileaks publicerar skall n\u00e5 dagens ljus. Hemlig diplomati och allsk\u00f6ns skumraskaff\u00e4rer avsl\u00f6jas. De som inte vill vara medbrottslingar i dessa aff\u00e4rer har i Wikileaks f\u00e5tt en kanal d\u00e4r de kan ber\u00e4tta vad de vet. Och vill att vi skall f\u00e5 veta.<\/p>\n<p>Det \u00e4r en h\u00e5rd tid f\u00f6r Wikileaks just nu och troligtvis kommer inte deras \u00f6de att avg\u00f6ras i en domstol. De kommer bara att kunna \u00f6verleva om de kan skydda sig och sina servrar, f\u00e5 ekonomin att g\u00e5 ihop till exempel.<\/p>\n<p>Det g\u00e5r inte att ha lite \u00f6ppenhet. Gl\u00f6m inte Watergate. Brott blir inte r\u00e4tt bara f\u00f6r att det \u00e4r de som har makten som beg\u00e5r dem.<\/p>\n<p><a href=\"http:\/\/intressant.se\/intressant\">Intressant?<\/a> L\u00e4s \u00e4ven andra bloggares \u00e5sikter om <a rel=\"tag\" href=\"http:\/\/bloggar.se\/om\/Wikileaks\">Wikileaks<\/a>, <a rel=\"tag\" href=\"http:\/\/bloggar.se\/om\/Julian+Assange\">Julian Assange<\/a>, <a rel=\"tag\" href=\"http:\/\/bloggar.se\/om\/yttrandefrihet\">yttrandefrihet<\/a>, <a rel=\"tag\" href=\"http:\/\/bloggar.se\/om\/demokrati\">demokrati<\/a><\/p>\n","protected":false},"excerpt":{"rendered":"<p>Huffington Post ber\u00e4ttar att Julian Assange har anm\u00e4lt sig hos polisen i England. Under tisdagen\u00a0 h\u00e4ktades han och nekades borgen.\u00a0 Assange kommer att \u00f6verklaga utl\u00e4mningen till Sverige d\u00e4r han \u00e4r h\u00e4ktad i sin fr\u00e5nvaro och anklagas f\u00f6r v\u00e5ldt\u00e4kt. Wikileaks \u00e4r under attack och Visa och Mastercard har stoppat m\u00f6jligheten att st\u00f6dja webbplatsen via deras tj\u00e4nster. [&hellip;]<\/p>\n","protected":false},"author":13,"featured_media":0,"comment_status":"open","ping_status":"open","sticky":false,"template":"","format":"standard","meta":{"_genesis_hide_title":false,"_genesis_hide_breadcrumbs":false,"_genesis_hide_singular_image":false,"_genesis_hide_footer_widgets":false,"_genesis_custom_body_class":"","_genesis_custom_post_class":"","_genesis_layout":"","footnotes":""},"categories":[20],"tags":[1214,2790,6400],"class_list":{"0":"post-27360","1":"post","2":"type-post","3":"status-publish","4":"format-standard","6":"category-film","7":"tag-demokrati","8":"tag-julian-assange","9":"tag-wikileaks","10":"entry"},"_links":{"self":[{"href":"https:\/\/kulturbloggen.com\/index.php?rest_route=\/wp\/v2\/posts\/27360","targetHints":{"allow":["GET"]}}],"collection":[{"href":"https:\/\/kulturbloggen.com\/index.php?rest_route=\/wp\/v2\/posts"}],"about":[{"href":"https:\/\/kulturbloggen.com\/index.php?rest_route=\/wp\/v2\/types\/post"}],"author":[{"embeddable":true,"href":"https:\/\/kulturbloggen.com\/index.php?rest_route=\/wp\/v2\/users\/13"}],"replies":[{"embeddable":true,"href":"https:\/\/kulturbloggen.com\/index.php?rest_route=%2Fwp%2Fv2%2Fcomments&post=27360"}],"version-history":[{"count":0,"href":"https:\/\/kulturbloggen.com\/index.php?rest_route=\/wp\/v2\/posts\/27360\/revisions"}],"wp:attachment":[{"href":"https:\/\/kulturbloggen.com\/index.php?rest_route=%2Fwp%2Fv2%2Fmedia&parent=27360"}],"wp:term":[{"taxonomy":"category","embeddable":true,"href":"https:\/\/kulturbloggen.com\/index.php?rest_route=%2Fwp%2Fv2%2Fcategories&post=27360"},{"taxonomy":"post_tag","embeddable":true,"href":"https:\/\/kulturbloggen.com\/index.php?rest_route=%2Fwp%2Fv2%2Ftags&post=27360"}],"curies":[{"name":"wp","href":"https:\/\/api.w.org\/{rel}","templated":true}]}}