{"id":2727,"date":"2008-10-16T12:35:04","date_gmt":"2008-10-16T10:35:04","guid":{"rendered":"http:\/\/kulturbloggen.com\/?p=2727"},"modified":"2008-10-16T12:35:04","modified_gmt":"2008-10-16T10:35:04","slug":"kulturfyran-om-drommar-forvantningar-besvikelser-och-ordet-bogig","status":"publish","type":"post","link":"https:\/\/kulturbloggen.com\/?p=2727","title":{"rendered":"Kulturfyran om dr\u00f6mmar, f\u00f6rv\u00e4ntningar, besvikelser och ordet b\u00f6gig"},"content":{"rendered":"<p>Efter att ha lyssnat p\u00e5 skivor med Leonard Cohen i mer \u00e4n trettio \u00e5r s\u00e5g jag honom f\u00f6r f\u00f6rsta g\u00e5ngen live p\u00e5 en konsert i Globen ig\u00e5r. <a href=\"http:\/\/kulturbloggen.com\/?p=2711\">Konserten \u00f6vertr\u00e4ffade alla mina f\u00f6rv\u00e4ntningar<\/a>. Leonard Cohen \u00e4r en perfekt live-artist, kunde jag konstatera, som \u00e4r \u00e4nnu b\u00e4ttre live \u00e4n p\u00e5 skiva. Det \u00e4r min utg\u00e5ngspunkt f\u00f6r denna veckas kulturfyra:<\/p>\n<p>1. Har du varit med om n\u00e5got som \u00f6vertr\u00e4ffade dina f\u00f6rv\u00e4ntningar?<\/p>\n<p>2. I somras s\u00e5g jag Van Morrison p\u00e5 jazzfestivalen. Han \u00e4r en annan av mina favoriter. Fast tyv\u00e4rr tyckte jag att han var en besvikelse. F\u00f6r mig \u00e4r han b\u00e4ttre p\u00e5 skiva. Har du n\u00e5gon s\u00e5dan upplevelse, n\u00e4r n\u00e5got gjorde dig besviken?<\/p>\n<p>3. Tja, nu har jag sett flera av mina favoriter i \u00e5r. Men en jag inte sett \u00e4n \u00e4r Neil Young. Vilken artist har du inte sett, som du vill se?<\/p>\n<p><a href=\"http:\/\/sodergren.com\/kulturbloggen\/wp-content\/uploads\/2008\/10\/idolkatrin260.jpg\"><img loading=\"lazy\" decoding=\"async\" src=\"http:\/\/sodergren.com\/kulturbloggen\/wp-content\/uploads\/2008\/10\/idolkatrin260.jpg\" alt=\"\" title=\"idolkatrin260\" width=\"260\" height=\"150\" class=\"alignnone size-medium wp-image-2745\" \/><\/a>4. Kring Idol p\u00e5g\u00e5r en intensiv debatt f\u00f6r en av programledarna i TV4:s delprojekt T V400 har en programledare kallat en t\u00e4vlande f\u00f6r &#8221;b\u00f6gig&#8221; och menat att det \u00e4r negativt. <a href=\"http:\/\/www.aftonbladet.se\/nojesliv\/idol2008\/article3547903.ab\">M\u00e5nga undrar hur hon kan se sig sj\u00e4lv i spegeln, med s\u00e5dana \u00e5sikter<\/a>.  Vad tycker du? \u00c4r det en bra attityd i tv att kalla saker som \u00e4r d\u00e5liga f\u00f6r b\u00f6giga?<\/p>\n<p>Gl\u00f6m nu inte att l\u00e4mna l\u00e4nken till ditt svar h\u00e4r i en kommentar. Om du dessutom pingar nyligen hamnar ditt inl\u00e4gg i blogglistan som ligger precis \u00f6ver kommentarsf\u00e4ltet.<\/p>\n<p>Andra bloggar om: <a href=\"http:\/\/bloggar.se\/om\/homosexualitet\" rel=\"tag\">homosexualitet<\/a>, <a href=\"http:\/\/bloggar.se\/om\/konserter\" rel=\"tag\">konserter<\/a>, <a href=\"http:\/\/bloggar.se\/om\/kulturfyran\" rel=\"tag\">kulturfyran<\/a><\/p>\n<p><a href=\"http:\/\/sodergren.com\/kulturbloggen\/wp-content\/uploads\/2008\/10\/kulturfyrakatrin125.jpg\"><img loading=\"lazy\" decoding=\"async\" src=\"http:\/\/sodergren.com\/kulturbloggen\/wp-content\/uploads\/2008\/10\/kulturfyrakatrin125.jpg\" alt=\"\" title=\"kulturfyrakatrin125\" width=\"125\" height=\"250\" class=\"alignnone size-medium wp-image-2747\" \/><\/a><\/p>\n","protected":false},"excerpt":{"rendered":"<p>Efter att ha lyssnat p\u00e5 skivor med Leonard Cohen i mer \u00e4n trettio \u00e5r s\u00e5g jag honom f\u00f6r f\u00f6rsta g\u00e5ngen live p\u00e5 en konsert i Globen ig\u00e5r. Konserten \u00f6vertr\u00e4ffade alla mina f\u00f6rv\u00e4ntningar. Leonard Cohen \u00e4r en perfekt live-artist, kunde jag konstatera, som \u00e4r \u00e4nnu b\u00e4ttre live \u00e4n p\u00e5 skiva. Det \u00e4r min utg\u00e5ngspunkt f\u00f6r denna [&hellip;]<\/p>\n","protected":false},"author":2,"featured_media":0,"comment_status":"open","ping_status":"open","sticky":false,"template":"","format":"standard","meta":{"_genesis_hide_title":false,"_genesis_hide_breadcrumbs":false,"_genesis_hide_singular_image":false,"_genesis_hide_footer_widgets":false,"_genesis_custom_body_class":"","_genesis_custom_post_class":"","_genesis_layout":"","footnotes":""},"categories":[20],"tags":[2304,3004,3095],"class_list":{"0":"post-2727","1":"post","2":"type-post","3":"status-publish","4":"format-standard","6":"category-film","7":"tag-homosexualitet","8":"tag-konserter","9":"tag-kulturfyran","10":"entry"},"_links":{"self":[{"href":"https:\/\/kulturbloggen.com\/index.php?rest_route=\/wp\/v2\/posts\/2727","targetHints":{"allow":["GET"]}}],"collection":[{"href":"https:\/\/kulturbloggen.com\/index.php?rest_route=\/wp\/v2\/posts"}],"about":[{"href":"https:\/\/kulturbloggen.com\/index.php?rest_route=\/wp\/v2\/types\/post"}],"author":[{"embeddable":true,"href":"https:\/\/kulturbloggen.com\/index.php?rest_route=\/wp\/v2\/users\/2"}],"replies":[{"embeddable":true,"href":"https:\/\/kulturbloggen.com\/index.php?rest_route=%2Fwp%2Fv2%2Fcomments&post=2727"}],"version-history":[{"count":0,"href":"https:\/\/kulturbloggen.com\/index.php?rest_route=\/wp\/v2\/posts\/2727\/revisions"}],"wp:attachment":[{"href":"https:\/\/kulturbloggen.com\/index.php?rest_route=%2Fwp%2Fv2%2Fmedia&parent=2727"}],"wp:term":[{"taxonomy":"category","embeddable":true,"href":"https:\/\/kulturbloggen.com\/index.php?rest_route=%2Fwp%2Fv2%2Fcategories&post=2727"},{"taxonomy":"post_tag","embeddable":true,"href":"https:\/\/kulturbloggen.com\/index.php?rest_route=%2Fwp%2Fv2%2Ftags&post=2727"}],"curies":[{"name":"wp","href":"https:\/\/api.w.org\/{rel}","templated":true}]}}