{"id":27095,"date":"2010-12-02T21:47:18","date_gmt":"2010-12-02T20:47:18","guid":{"rendered":"http:\/\/kulturbloggen.com\/?p=27095"},"modified":"2010-12-02T21:47:18","modified_gmt":"2010-12-02T20:47:18","slug":"pirate-bays-grundare-fortsatter-aga-domanen-sverigedemokraterna-se","status":"publish","type":"post","link":"https:\/\/kulturbloggen.com\/?p=27095","title":{"rendered":"Pirate Bays grundare forts\u00e4tter \u00e4ga dom\u00e4nen sverigedemokraterna.se"},"content":{"rendered":"<p>Sverigedemokraterna f\u00e5r inte ta \u00f6ver dom\u00e4nnamnet sverigedemokrater.se.<br \/>\n<a href=\"http:\/\/www.dn.se\/nyheter\/sverige\/sd-far-inte-ta-over-sverigedemokraterse-1.1220314\">Ber\u00e4ttar Dagens Nyheter.<\/a><\/p>\n<blockquote><p>\n<det var den <a href=\"http:\/\/www.dn.se\/nyheter\/sverige\/sverigedemokrater-hangs-ut-pa-internet-1.1174296\" target=\"_blank\">20 september<\/a> som n\u00e5gon publicerade 5.740 namn p\u00e5  personer som varit i kontakt med SD eller som var medlemmar i partiet p\u00e5  sajten sverigedemokrater.se. Ett namn som liknade partiets officiella  hemsidesadress sverigedemokraterna.se.<\/p><\/blockquote>\n<p>Dom\u00e4nnamnet innehas av en av grundarna av Pirate Bay, Gottfrid Svartholm Warg och Fredrik Neij och Stiftelsen f\u00f6r internetinfrastruktur. Stiftelsen, som har hand om toppdom\u00e4nen .SE, sl\u00e5r fast att en ideell f\u00f6rening som SD inte kan skydda sitt namn genom att registrera sig hos Skatteverket.<\/p>\n<p>Eftersom det \u00e4r Sverigedemokraterna som drabbas \u00e4r det f\u00f6rst\u00e5s lite kul. Men jag funderar lite p\u00e5 om beslutet hade varit likadant om Pirate Bay k\u00f6pt dom\u00e4nen moderaterna.se eller socialdemokraterna.se.<br \/>\nSverigedemokraterna vill de flesta av oss inte ha med att g\u00f6ra, men ska inte alla vara lika inf\u00f6r lagen?<\/p>\n<p>Fast \u00e5 andra sidan anv\u00e4nder ju Pirate Bay dom\u00e4nen f\u00f6r att ber\u00e4tta vilka som \u00e4r med i Sverigedemokraterna, s\u00e5 namnet p\u00e5 dom\u00e4nen \u00e4r r\u00e4tt tr\u00e4ffande och exakt. Men \u00e5 andra sidan \u00e4r det v\u00e4l inte till\u00e5tet att publicera uppgifter om andra m\u00e4nniskors politiska tillh\u00f6righet?<br \/>\nJa, jag vet, nu \u00e4r det Sverigedemokraterna som \u00e4r drabbade och de flesta av oss gillar inte deras politik. Men om det hade varit ett annat parti som drabbats, hur hade vi d\u00e5 reagerat?<\/p>\n<p>L\u00e4s \u00e4ven andra bloggares \u00e5sikter om <a href=\"http:\/\/bloggar.se\/om\/Pirate+Bay\" rel=\"tag\">Pirate Bay<\/a>, <a href=\"http:\/\/bloggar.se\/om\/dom%E4ner\" rel=\"tag\">dom\u00e4ner<\/a>, <a href=\"http:\/\/bloggar.se\/om\/Sverigedemokraterna\" rel=\"tag\">Sverigedemokraterna<\/a><\/p>\n","protected":false},"excerpt":{"rendered":"<p>Sverigedemokraterna f\u00e5r inte ta \u00f6ver dom\u00e4nnamnet sverigedemokrater.se. Ber\u00e4ttar Dagens Nyheter.<\/p>\n","protected":false},"author":13,"featured_media":0,"comment_status":"open","ping_status":"open","sticky":false,"template":"","format":"standard","meta":{"_genesis_hide_title":false,"_genesis_hide_breadcrumbs":false,"_genesis_hide_singular_image":false,"_genesis_hide_footer_widgets":false,"_genesis_custom_body_class":"","_genesis_custom_post_class":"","_genesis_layout":"","footnotes":""},"categories":[20],"tags":[1341,4372,5534],"class_list":{"0":"post-27095","1":"post","2":"type-post","3":"status-publish","4":"format-standard","6":"category-film","7":"tag-domaner","8":"tag-pirate-bay","9":"tag-sverigedemokraterna","10":"entry"},"_links":{"self":[{"href":"https:\/\/kulturbloggen.com\/index.php?rest_route=\/wp\/v2\/posts\/27095","targetHints":{"allow":["GET"]}}],"collection":[{"href":"https:\/\/kulturbloggen.com\/index.php?rest_route=\/wp\/v2\/posts"}],"about":[{"href":"https:\/\/kulturbloggen.com\/index.php?rest_route=\/wp\/v2\/types\/post"}],"author":[{"embeddable":true,"href":"https:\/\/kulturbloggen.com\/index.php?rest_route=\/wp\/v2\/users\/13"}],"replies":[{"embeddable":true,"href":"https:\/\/kulturbloggen.com\/index.php?rest_route=%2Fwp%2Fv2%2Fcomments&post=27095"}],"version-history":[{"count":0,"href":"https:\/\/kulturbloggen.com\/index.php?rest_route=\/wp\/v2\/posts\/27095\/revisions"}],"wp:attachment":[{"href":"https:\/\/kulturbloggen.com\/index.php?rest_route=%2Fwp%2Fv2%2Fmedia&parent=27095"}],"wp:term":[{"taxonomy":"category","embeddable":true,"href":"https:\/\/kulturbloggen.com\/index.php?rest_route=%2Fwp%2Fv2%2Fcategories&post=27095"},{"taxonomy":"post_tag","embeddable":true,"href":"https:\/\/kulturbloggen.com\/index.php?rest_route=%2Fwp%2Fv2%2Ftags&post=27095"}],"curies":[{"name":"wp","href":"https:\/\/api.w.org\/{rel}","templated":true}]}}