{"id":27077,"date":"2010-12-01T23:10:11","date_gmt":"2010-12-01T22:10:11","guid":{"rendered":"http:\/\/kulturbloggen.com\/?p=27077"},"modified":"2010-12-01T23:10:11","modified_gmt":"2010-12-01T22:10:11","slug":"salome-richard-strauss-festopera","status":"publish","type":"post","link":"https:\/\/kulturbloggen.com\/?p=27077","title":{"rendered":"Salome, Richard Strauss festopera"},"content":{"rendered":"<p><a href=\"http:\/\/kulturbloggen.com\/wp-content\/uploads\/2010\/12\/operapabiosf.jpg\"><img loading=\"lazy\" decoding=\"async\" src=\"http:\/\/kulturbloggen.com\/wp-content\/uploads\/2010\/12\/operapabiosf.jpg\" alt=\"\" title=\"operapabiosf\" width=\"105\" height=\"150\" class=\"alignleft size-full wp-image-27078\" \/><\/a><br \/>\nTisdagen den 30 november var det min f\u00f6delsedag och egentligen \u00e4r det ju inget m\u00e4rkv\u00e4rdigt med att fylla \u00e5r, men nu handlade det allts\u00e5 om min 65-\u00e5rsdag, vilket ju inneb\u00e4r att jag dagen efter var pension\u00e4r p\u00e5 riktigt dvs ATP-pension\u00e4r f\u00f6r det \u00e4r v\u00e4l det som det kallas?<\/p>\n<p>Egentligen slutade jag arbeta n\u00e4r jag fyllde 62, s\u00e5 jag upplever ju att jag redan \u00e4r pension\u00e4r, men med den skillnaden att nu f\u00e5r jag lite mindre att r\u00f6ra mig med, men \u00e5 andra sidan kommer jag ju nu att bli ber\u00e4ttigade till pension\u00e4rsrabatter s\u00e5 det kanske j\u00e4mnar ut sig.<\/p>\n<p>Vad g\u00f6r man p\u00e5 sin f\u00f6delsedag om man nu gillar opera, jo man g\u00e5r naturligtvis p\u00e5 opera. Fr\u00e5n f\u00f6rsta b\u00f6rjan hade jag ju planerat att se \u201dMadama Butterfly\u201d som just nu g\u00e5r p\u00e5 Malm\u00f6 Opera, men eftersom jag s\u00e5g premi\u00e4ren i l\u00f6rdags s\u00e5 ville jag hellre g\u00e5 p\u00e5 bio och se Richard Strauss \u201dSalome\u201d som gick p\u00e5 SF:s Operabio och med v\u00e5r egen Erika Sunnerg\u00e5rdh som Salome.<\/p>\n<p>Det var en filmad liveversion fr\u00e5n Teatro di Communale i Bologna, som hade premi\u00e4r i januari 2010.<\/p>\n<p>Det \u00e4r en opera som jag har sett ett par g\u00e5nger tidigare bland annat p\u00e5 Malm\u00f6 Opera och med en fantastisk Jochanaan, Fredrik Zetterstr\u00f6m och egentligen skulle Susanna Levonen ha sjungit Salomes parti, men just den kv\u00e4llen var hon ersatt av en annan sopran.<\/p>\n<p>I denna upps\u00e4ttning sj\u00f6ngs Salome\u00b4s parti av Erika Sunnerg\u00e5rdh och det gjorde hon med \u00e4ran i beh\u00e5ll. Det \u00e4r ju ett mycket kr\u00e4vande parti \u00e4ven f\u00f6r en skicklig dramatisk sopran. Erika var sj\u00e4lvklart b\u00e4st p\u00e5 plan, men det fanns \u00e4ven andra goda prestationer och ut\u00f6ver Jochanaan, som sj\u00f6ngs av Robert S Doss och Herodes som sj\u00f6ngs av Robert Brubaker vill jag s\u00e4rskilt framh\u00e5lla Mark Milhofer som sj\u00f6ng den tj\u00e4nstvillige l\u00f6jtnanten Narraboths parti. Det var en ren fr\u00f6jd att lyssna p\u00e5 honom.<\/p>\n<p>I \u00f6vrigt har jag inget s\u00e4rskilt att anm\u00e4rka p\u00e5 och f\u00f6r en g\u00e5ngs skull kunde jag utan vidare acceptera scenografin och det \u00e4r numera inte s\u00e5 ofta det h\u00e4nder.<\/p>\n<p>Orkestern under ledning av den f\u00f6r mig helt ok\u00e4nde dirigenten, Nicola Luisotti, gjorde enligt min enkla mening en fantastisk prestation. Att f\u00f6lja Richard Strauss partitur l\u00e4r sannerligen inte vara en sinekur, men den uppgiften klarade de galant. Det \u00e4r n\u00e5got visst med Strauss musik och det \u00e4r ju definitivt en musik som jag g\u00e4rna lyssnar till s\u00e4rskild efter att ha lyssnat p\u00e5 tv\u00e5 operor av Giacomo Puccini, med bara n\u00e5gra dagars mellanrum. \u00c4ven om Puccinis musik tillh\u00f6r min absoluta favoritmusik s\u00e5 skadar det inte med lite Richard Strauss d\u00e5 och d\u00e5.<\/p>\n<p>Det h\u00e4r var andra g\u00e5ngen jag s\u00e5g p\u00e5 Operabio med SF och f\u00f6rra g\u00e5ngen s\u00e5g jag Don Carlos i en inspelning fr\u00e5n La Scala och det var faktiskt n\u00e5got av det tr\u00e5kigaste jag har sett och den f\u00f6rest\u00e4llningen hade jag lika g\u00e4rna kunnat se p\u00e5 dvd hemma i spendid isolation.<\/p>\n<p>G\u00e5rdagens f\u00f6rest\u00e4llning gav absolut mersmak och det \u00e4r med en viss sp\u00e4nning som jag kanske kommer att se W A Mozart\u00b4s \u201dCosi fan tutte\u201d<\/p>\n<p>H\u00e4r kan du l\u00e4sa mer om <a href=\"http:\/\/www.sf.se\/filmer\/film\/4000012\/Salome-Opera-paa-SF-Bio\"> f\u00f6rest\u00e4llningen<\/a>.<\/p>\n","protected":false},"excerpt":{"rendered":"<p>Tisdagen den 30 november var det min f\u00f6delsedag och egentligen \u00e4r det ju inget m\u00e4rkv\u00e4rdigt med att fylla \u00e5r, men nu handlade det allts\u00e5 om min 65-\u00e5rsdag, vilket ju inneb\u00e4r att jag dagen efter var pension\u00e4r p\u00e5 riktigt dvs ATP-pension\u00e4r f\u00f6r det \u00e4r v\u00e4l det som det kallas? Egentligen slutade jag arbeta n\u00e4r jag fyllde [&hellip;]<\/p>\n","protected":false},"author":13,"featured_media":0,"comment_status":"open","ping_status":"open","sticky":false,"template":"","format":"standard","meta":{"_genesis_hide_title":false,"_genesis_hide_breadcrumbs":false,"_genesis_hide_singular_image":false,"_genesis_hide_footer_widgets":false,"_genesis_custom_body_class":"","_genesis_custom_post_class":"","_genesis_layout":"","footnotes":""},"categories":[7],"tags":[4147,4742,4907,5026,5661],"class_list":{"0":"post-27077","1":"post","2":"type-post","3":"status-publish","4":"format-standard","6":"category-musik","7":"tag-opera","8":"tag-richard-strauss","9":"tag-salome","10":"tag-sf-bio","11":"tag-teatro-di-communale-di-bologna","12":"entry"},"_links":{"self":[{"href":"https:\/\/kulturbloggen.com\/index.php?rest_route=\/wp\/v2\/posts\/27077","targetHints":{"allow":["GET"]}}],"collection":[{"href":"https:\/\/kulturbloggen.com\/index.php?rest_route=\/wp\/v2\/posts"}],"about":[{"href":"https:\/\/kulturbloggen.com\/index.php?rest_route=\/wp\/v2\/types\/post"}],"author":[{"embeddable":true,"href":"https:\/\/kulturbloggen.com\/index.php?rest_route=\/wp\/v2\/users\/13"}],"replies":[{"embeddable":true,"href":"https:\/\/kulturbloggen.com\/index.php?rest_route=%2Fwp%2Fv2%2Fcomments&post=27077"}],"version-history":[{"count":0,"href":"https:\/\/kulturbloggen.com\/index.php?rest_route=\/wp\/v2\/posts\/27077\/revisions"}],"wp:attachment":[{"href":"https:\/\/kulturbloggen.com\/index.php?rest_route=%2Fwp%2Fv2%2Fmedia&parent=27077"}],"wp:term":[{"taxonomy":"category","embeddable":true,"href":"https:\/\/kulturbloggen.com\/index.php?rest_route=%2Fwp%2Fv2%2Fcategories&post=27077"},{"taxonomy":"post_tag","embeddable":true,"href":"https:\/\/kulturbloggen.com\/index.php?rest_route=%2Fwp%2Fv2%2Ftags&post=27077"}],"curies":[{"name":"wp","href":"https:\/\/api.w.org\/{rel}","templated":true}]}}