{"id":27053,"date":"2010-12-01T12:18:22","date_gmt":"2010-12-01T11:18:22","guid":{"rendered":"http:\/\/kulturbloggen.com\/?p=27053"},"modified":"2010-12-01T12:18:22","modified_gmt":"2010-12-01T11:18:22","slug":"skivrecension-divine-%e2%80%93-a-divine-christmas","status":"publish","type":"post","link":"https:\/\/kulturbloggen.com\/?p=27053","title":{"rendered":"Skivrecension: Divine \u2013 A Divine Christmas"},"content":{"rendered":"<p><a href=\"http:\/\/kulturbloggen.com\/wp-content\/uploads\/2010\/12\/A_Divine_Christmas.jpg\"><img loading=\"lazy\" decoding=\"async\" src=\"http:\/\/kulturbloggen.com\/wp-content\/uploads\/2010\/12\/A_Divine_Christmas-300x253.jpg\" alt=\"\" title=\"A_Divine_Christmas\" width=\"300\" height=\"253\" class=\"aligncenter size-medium wp-image-27054\" \/><\/a><\/p>\n<p>Divine \u2013 A Divine Christmas<br \/>\nCarpe Diem<\/p>\n<p>N\u00e4r de tre tenorerna Jos\u00e9 Carreras, Pl\u00e1cido Domingo och Luciano Pavarotti str\u00e5lade samman i b\u00f6rjan av nittiotalet och k\u00f6rde arenaopera f\u00f6r fulla hus var det lite som att deras karri\u00e4rer var lite p\u00e5 dekis. Visst, de var (och \u00e4r i den m\u00e5n de \u00e4r i livet) fortfarande affischnamn p\u00e5 sina respektive operahus, men de stora prestationernas tid var \u00f6ver f\u00f6r deras del. Dock medf\u00f6rde de tre tenorerna att m\u00e5nga fler fick m\u00f6jligheten att ta del av operans stora schlagerl\u00e5tar i en betydligt folkligare kontext \u00e4n Scalan och Mettan.<\/p>\n<p>Trion Divine som best\u00e5r av Gabriella Lambert-Olsson, Katarina B\u00f6hm och Caroline Gentele befinner sig mitt i sina karri\u00e4rer och har alldeles nyligen tilldelats Kjerstin Dellerts stipendium. Folkligheten \u00e4r vad som f\u00f6rena Divine med De Tre Tenorerna (\u00e4ven om det nu r\u00f6r sig om tv\u00e5 sopraner och en mezzo) \u00e4ven om det inte \u00e4r fullskaliga arenakonserter, utan snarare intima sm\u00e5 konserter runt om i land och rike f\u00f6r en publik som annars inte skulle ha tillg\u00e5ng till operans sm\u00e5 \u00f6rh\u00e4ngen.<\/p>\n<p>Divine Christmas avviker p\u00e5 intet s\u00e4tt fr\u00e5n denna folkn\u00e4rhet. Det r\u00f6r sig om elva l\u00e5tar (plus en g\u00f6md bonusl\u00e5t som inte alla cd-l\u00e4sare &#8211; d\u00e4ribland min &#8211; inte klarar att l\u00e4sa av) best\u00e5ende av en traditionell julrepertoar. Bland l\u00e5tarna finns O helga natt, Stilla natt, tv\u00e5 Ave Maria (Gaccini j\u00e4mte Bachs) med flera, snyggt arrangerat f\u00f6r att sjungas i trio och faktiskt med en befriande avsaknad av julmossighet. Ok, flosklerna finns d\u00e4r i form av en och annan virveltrumma och andra klockiga slagverksinstrument ljuder. Men det h\u00f6r liksom till, en julplatta \u00e4r inte gjord f\u00f6r att lyssnas till, utan f\u00f6r att vara bakgrundsmusik. En l\u00e5t som annars \u00e4r v\u00e4rd att lyssnas p\u00e5 p\u00e5 riktigt \u00e4r annars Mozarts Alleluja ur Exsultalte Jubilate d\u00e4r Gabriella Lambert-Olsson f\u00e5r komma till sin r\u00e4tt.<br \/>\nL\u00e4s \u00e4ven andra bloggares \u00e5sikter om <a href=\"http:\/\/bloggar.se\/om\/julskivor\" rel=\"tag\">julskivor<\/a>, <a href=\"http:\/\/bloggar.se\/om\/opera\" rel=\"tag\">opera<\/a>, <a href=\"http:\/\/bloggar.se\/om\/recensioner\" rel=\"tag\">recensioner<\/a>, <a href=\"http:\/\/bloggar.se\/om\/musik\" rel=\"tag\">musik<\/a><\/p>\n","protected":false},"excerpt":{"rendered":"<p>Divine \u2013 A Divine Christmas Carpe Diem N\u00e4r de tre tenorerna Jos\u00e9 Carreras, Pl\u00e1cido Domingo och Luciano Pavarotti str\u00e5lade samman i b\u00f6rjan av nittiotalet och k\u00f6rde arenaopera f\u00f6r fulla hus var det lite som att deras karri\u00e4rer var lite p\u00e5 dekis. Visst, de var (och \u00e4r i den m\u00e5n de \u00e4r i livet) fortfarande affischnamn [&hellip;]<\/p>\n","protected":false},"author":13,"featured_media":0,"comment_status":"open","ping_status":"open","sticky":false,"template":"","format":"standard","meta":{"_genesis_hide_title":false,"_genesis_hide_breadcrumbs":false,"_genesis_hide_singular_image":false,"_genesis_hide_footer_widgets":false,"_genesis_custom_body_class":"","_genesis_custom_post_class":"","_genesis_layout":"","footnotes":""},"categories":[16,22],"tags":[2804,12282,4147,4670],"class_list":{"0":"post-27053","1":"post","2":"type-post","3":"status-publish","4":"format-standard","6":"category-recension","7":"category-skivor","8":"tag-julskivor","9":"tag-musik","10":"tag-opera","11":"tag-recensioner","12":"entry"},"_links":{"self":[{"href":"https:\/\/kulturbloggen.com\/index.php?rest_route=\/wp\/v2\/posts\/27053","targetHints":{"allow":["GET"]}}],"collection":[{"href":"https:\/\/kulturbloggen.com\/index.php?rest_route=\/wp\/v2\/posts"}],"about":[{"href":"https:\/\/kulturbloggen.com\/index.php?rest_route=\/wp\/v2\/types\/post"}],"author":[{"embeddable":true,"href":"https:\/\/kulturbloggen.com\/index.php?rest_route=\/wp\/v2\/users\/13"}],"replies":[{"embeddable":true,"href":"https:\/\/kulturbloggen.com\/index.php?rest_route=%2Fwp%2Fv2%2Fcomments&post=27053"}],"version-history":[{"count":0,"href":"https:\/\/kulturbloggen.com\/index.php?rest_route=\/wp\/v2\/posts\/27053\/revisions"}],"wp:attachment":[{"href":"https:\/\/kulturbloggen.com\/index.php?rest_route=%2Fwp%2Fv2%2Fmedia&parent=27053"}],"wp:term":[{"taxonomy":"category","embeddable":true,"href":"https:\/\/kulturbloggen.com\/index.php?rest_route=%2Fwp%2Fv2%2Fcategories&post=27053"},{"taxonomy":"post_tag","embeddable":true,"href":"https:\/\/kulturbloggen.com\/index.php?rest_route=%2Fwp%2Fv2%2Ftags&post=27053"}],"curies":[{"name":"wp","href":"https:\/\/api.w.org\/{rel}","templated":true}]}}