{"id":26975,"date":"2010-11-30T08:33:40","date_gmt":"2010-11-30T07:33:40","guid":{"rendered":"http:\/\/kulturbloggen.com\/?p=26975"},"modified":"2010-11-30T08:33:40","modified_gmt":"2010-11-30T07:33:40","slug":"ingen-religionskritik-och-ingen-sex-i-ipads-appar","status":"publish","type":"post","link":"https:\/\/kulturbloggen.com\/?p=26975","title":{"rendered":"Ingen religionskritik och ingen sex i Ipads appar"},"content":{"rendered":"<p><a href=\"http:\/\/kulturbloggen.com\/wp-content\/uploads\/2010\/11\/ipadipad.jpg\"><img loading=\"lazy\" decoding=\"async\" src=\"http:\/\/kulturbloggen.com\/wp-content\/uploads\/2010\/11\/ipadipad-225x300.jpg\" alt=\"\" title=\"ipadipad\" width=\"225\" height=\"300\" class=\"aligncenter size-medium wp-image-26985\" \/><\/a><\/p>\n<p><a href=\"http:\/\/flattr.com\/thing\/90581\/Ingen-religionskritik-och-ingen-sex-i-Ipads-appar\" target=\"_blank\"><br \/>\n<img decoding=\"async\" src=\"http:\/\/api.flattr.com\/button\/flattr-badge-large.png\" alt=\"Flattr this\" title=\"Flattr this\" border=\"0\" \/><\/a><\/p>\n<p>Under stort mediebuller lanserades Apples senaste pryl Ipad. Nu har den b\u00f6rjat s\u00e4ljas i Sverige ocks\u00e5.<br \/>\nDet finns dock en liten baksida med Apples Ipad och Iphone. Alla applikationer som kan h\u00e4mtas fr\u00e5n Apples digitala butik  App Store ska godk\u00e4nnas av Apple f\u00f6rst. Eller baksida och baksida, att de kontrolleras ger ju en trygghet att de inte inneh\u00e5ller skadlig kod. Men det \u00e4r ocks\u00e5 inneh\u00e5llet som kontrolleras och det \u00e4r viss censur d\u00e4r.<\/p>\n<p>Och en del stoppas d\u00e4r. Applikationer, appar, som skapats av konkurrenter till Apple stoppas. <a href=\"http:\/\/www.dn.se\/kultur-noje\/nyheter\/apple-kritiseras-for-ipad-censur-1.1218421\">Dagens Nyheter ber\u00e4ttar:<\/a><\/p>\n<blockquote><p>Appar som konkurrerar med Apples egna produkter accepteras inte. Det kan vara allt ifr\u00e5n operativsystem till program som hanterar e-post. Den danska datatidningen Medieprovider har till exempel haft problem med att f\u00e5 sin applikation Android Magasinet godk\u00e4nd av Apple eftersom den handlar om det konkurrerande operativsystemet Android f\u00f6r smarta mobiltelefoner.<\/p><\/blockquote>\n<p>An\u00e4mnen som \u00e4r f\u00f6rbjudna i AApp Store \u00e4r allt som har med porr eller kritik mot olika religi\u00f6sa, kulturella eller etniska grupper att g\u00f6ra.<\/p>\n<p>Ur f\u00f6retagets villkor: <em>Om du vill kritisera en religion, skriv en bok. Om du vill beskriva sex, skriv en bok eller en l\u00e5t eller skapa en medicinsk app.<\/em><\/p>\n<p>Det m\u00e4rks att Apple \u00e4r ett amerikanskt f\u00f6retag. De vill censurera och best\u00e4mma vad m\u00e4nniskor ska f\u00e5 tillg\u00e5ng till. Det \u00e4r lite kommunism \u00f6ver det, staten Apple ska best\u00e4mma vad dess anv\u00e4ndare f\u00e5 ha tillg\u00e5ng till.<br \/>\nFast \u00e5 andra sidan: Apple t\u00e4nker v\u00e4l p\u00e5 App Store som n\u00e5got de ansvarar f\u00f6r. De vill att allt som finns d\u00e4r ska vara n\u00e5got de kan st\u00e5 f\u00f6r som f\u00f6retag, med tanke p\u00e5 sitt varum\u00e4rke.<\/p>\n<p>Intressant ur arbetsmarknadssynpunkt hur m\u00e5nga nya jobb som m\u00e5ste ha skapats p\u00e5 grund av appar. Dels alla som ska programmera och skapa dem och sedan alla som ska sitta och kontrollera dem och godk\u00e4nna dem. Det \u00e4r sp\u00e4nnande. Vem hade f\u00f6r fem \u00e5r sedan t\u00e4nkt att det skulle finnas jobb som app-kontroll\u00f6r, eller app-censurerare.<\/p>\n<p>PS. Priserna f\u00f6r Ipad i Sverige blev lite l\u00e4gre \u00e4n tidigare annonserats. <a href=\"http:\/\/macworld.idg.se\/2.1038\/1.356211\/har-ar-de-svenska-priserna-pa-ipad\">MacWorld har sammanst\u00e4llr priserna.<\/a><br \/>\n    *  iPad Wifi 16 GB minne &#8211; 4.695 kronor<br \/>\n    * iPad Wifi 32 GB minne &#8211; 5.595 kronor<br \/>\n    * iPad Wifi 64 GB minne &#8211; 6.495 kronor<br \/>\n    * iPad Wifi+3g 16 GB minne &#8211; 5.795 kronor<br \/>\n    * iPad Wifi+3g 32 GB minne &#8211; 6.695 kronor<br \/>\n    * iPad Wifi+3g 64 GB minne &#8211; 7.595 kronor<\/p>\n<p>Relaterat: <a href=\"http:\/\/www.expressen.se\/nyheter\/1.2233881\/i-natt-slapptes-ipad-i-sverige\">Expressen<\/a><\/p>\n<p>L\u00e4s \u00e4ven andra bloggares \u00e5sikter om <a href=\"http:\/\/bloggar.se\/om\/ipad\" rel=\"tag\">ipad<\/a>, <a href=\"http:\/\/bloggar.se\/om\/relgiion\" rel=\"tag\">relgiion<\/a>, <a href=\"http:\/\/bloggar.se\/om\/porr\" rel=\"tag\">porr<\/a>, <a href=\"http:\/\/bloggar.se\/om\/app+stora\" rel=\"tag\">app stora<\/a>, <a href=\"http:\/\/bloggar.se\/om\/applikationer\" rel=\"tag\">applikationer<\/a>, <a href=\"http:\/\/bloggar.se\/om\/censur\" rel=\"tag\">censur<\/a><\/p>\n","protected":false},"excerpt":{"rendered":"<p>Under stort mediebuller lanserades Apples senaste pryl Ipad. Nu har den b\u00f6rjat s\u00e4ljas i Sverige ocks\u00e5. Det finns dock en liten baksida med Apples Ipad och Iphone. Alla applikationer som kan h\u00e4mtas fr\u00e5n Apples digitala butik App Store ska godk\u00e4nnas av Apple f\u00f6rst. Eller baksida och baksida, att de kontrolleras ger ju en trygghet att [&hellip;]<\/p>\n","protected":false},"author":13,"featured_media":0,"comment_status":"open","ping_status":"open","sticky":false,"template":"","format":"standard","meta":{"_genesis_hide_title":false,"_genesis_hide_breadcrumbs":false,"_genesis_hide_singular_image":false,"_genesis_hide_footer_widgets":false,"_genesis_custom_body_class":"","_genesis_custom_post_class":"","_genesis_layout":"","footnotes":""},"categories":[20],"tags":[359,363,960,2537,4442,4709],"class_list":{"0":"post-26975","1":"post","2":"type-post","3":"status-publish","4":"format-standard","6":"category-film","7":"tag-app-stora","8":"tag-applikationer","9":"tag-censur","10":"tag-ipad","11":"tag-porr","12":"tag-relgiion","13":"entry"},"_links":{"self":[{"href":"https:\/\/kulturbloggen.com\/index.php?rest_route=\/wp\/v2\/posts\/26975","targetHints":{"allow":["GET"]}}],"collection":[{"href":"https:\/\/kulturbloggen.com\/index.php?rest_route=\/wp\/v2\/posts"}],"about":[{"href":"https:\/\/kulturbloggen.com\/index.php?rest_route=\/wp\/v2\/types\/post"}],"author":[{"embeddable":true,"href":"https:\/\/kulturbloggen.com\/index.php?rest_route=\/wp\/v2\/users\/13"}],"replies":[{"embeddable":true,"href":"https:\/\/kulturbloggen.com\/index.php?rest_route=%2Fwp%2Fv2%2Fcomments&post=26975"}],"version-history":[{"count":0,"href":"https:\/\/kulturbloggen.com\/index.php?rest_route=\/wp\/v2\/posts\/26975\/revisions"}],"wp:attachment":[{"href":"https:\/\/kulturbloggen.com\/index.php?rest_route=%2Fwp%2Fv2%2Fmedia&parent=26975"}],"wp:term":[{"taxonomy":"category","embeddable":true,"href":"https:\/\/kulturbloggen.com\/index.php?rest_route=%2Fwp%2Fv2%2Fcategories&post=26975"},{"taxonomy":"post_tag","embeddable":true,"href":"https:\/\/kulturbloggen.com\/index.php?rest_route=%2Fwp%2Fv2%2Ftags&post=26975"}],"curies":[{"name":"wp","href":"https:\/\/api.w.org\/{rel}","templated":true}]}}