{"id":26864,"date":"2010-11-26T19:38:41","date_gmt":"2010-11-26T18:38:41","guid":{"rendered":"http:\/\/kulturbloggen.com\/?p=26864"},"modified":"2010-11-26T19:38:41","modified_gmt":"2010-11-26T18:38:41","slug":"mycket-att-gora-och-mycket-springa-runt-for-kulturbloggen","status":"publish","type":"post","link":"https:\/\/kulturbloggen.com\/?p=26864","title":{"rendered":"Mycket att g\u00f6ra och mycket springa runt f\u00f6r Kulturbloggen"},"content":{"rendered":"<p><a href=\"http:\/\/kulturbloggen.com\/wp-content\/uploads\/2010\/11\/operan.jpg\"><img loading=\"lazy\" decoding=\"async\" src=\"http:\/\/kulturbloggen.com\/wp-content\/uploads\/2010\/11\/operan-300x225.jpg\" alt=\"\" title=\"operan\" width=\"300\" height=\"225\" class=\"aligncenter size-medium wp-image-26865\" \/><\/a><\/p>\n<p>Solen sken \u00f6ver en iskall huvudstad. Frosten bet i kinderna, men det var trevligt att den gr\u00e5a tjocka dimman som h\u00e4rskat \u00f6ver Stockholmstrakten de senaste dagarna gav vika och sl\u00e4ppte fram en lysande sol. Speciellt som den h\u00e4r f\u00f6r dagen uts\u00e4nde kulturbloggaren hade mycket att st\u00e5 i p\u00e5 stan, s\u00e5 h\u00e4r dagen <a href=\"http:\/\/storakulturbloggpriset.se\/?p=198\">f\u00f6re utdelningen av Stora Kulturbloggpriset<\/a>.<\/p>\n<p>Utdelningen av Stora Kulturbloggpriset 2010 \u00e4r allts\u00e5 l\u00f6rdag 27 november 12.00-15.00 i Dramalabbets lokaler p\u00e5 \u00d6stg\u00f6tagatan 2 i Stockholm. Det ligger p\u00e5 S\u00f6dermalm, n\u00e4ra Mosebacke torg.<br \/>\nOm du inte har tid eller m\u00f6jlighet att komma dit och mingla med kulturbloggare och kulturfolk kan du <strong><a href=\"http:\/\/storakulturbloggpriset.se\/?p=212\">f\u00f6lja s\u00e4ndningen h\u00e4r, via Bambuser<\/a>.<\/strong><\/p>\n<p><a href=\"http:\/\/kulturbloggen.com\/wp-content\/uploads\/2010\/11\/operabiljettkontoret.jpg\"><img loading=\"lazy\" decoding=\"async\" src=\"http:\/\/kulturbloggen.com\/wp-content\/uploads\/2010\/11\/operabiljettkontoret-300x225.jpg\" alt=\"\" title=\"operabiljettkontoret\" width=\"300\" height=\"225\" class=\"alignright size-medium wp-image-26866\" \/><\/a>Vad jag gjorde p\u00e5 stan? Jag sprang bland annat runt till biljettkontoret hos Kungliga Operan och Dramaten. F\u00f6r d\u00e4r h\u00e4mtade jag biljetter som dessa tv\u00e5 teaterinstitutioner sk\u00e4nker till vinnarna av de olika kategorierna av Stora Kulturbloggpriset.<\/p>\n<p>Det \u00e4r fyra grundkategorier i Stora Kulturbloggpriset och sedan en \u00f6ppen klass, d\u00e4r tv\u00e5 fr\u00e5n varje kategori \u00e4r nominerade. Grundkategorierna \u00e4r bokbloggar, film- och scenbloggar, musikbloggar och \u00f6vriga kulturbloggaren. Vinnaren av \u00f6ppna klassen f\u00e5r en prissumma p\u00e5 5.000 kronor.<br \/>\nNu har det tillkommit ett annorlunda pris som sk\u00e4nks av Studio total. En blogg som \u00e4r nominerad, <a href=\"http:\/\/storakulturbloggpriset.se\/?p=214\">men inte vinner det stora priset ska f\u00e5 ett specialpris, som ocks\u00e5 \u00e4r p\u00e5 5.000 kronor. <\/a><br \/>\nKul. En blogg som inte vinner, vinner \u00e4nd\u00e5.<\/p>\n<p>Kulturbloggen har dessutom sitt specialpris, som ger 1.000 kronor till en alldeles s\u00e4rskild kulturblogg.<\/p>\n<p>S\u00e5 ja, det har varit en del att g\u00f6ra idag. Ikv\u00e4ll har vi lagt in diplomen i fina kuvert: specialpriset i ett r\u00f6tt kuvert, de fyra kategorierna i silverkuvert och det stora priset i ett gyllene kuvert.<\/p>\n<p>Nu ska jag skriva en lista \u00f6ver alla nominerade bloggar som kommer dit och alla sponsorer och s\u00e5 ska jag g\u00f6ra i ordning drinkbiljetterna.<br \/>\nJa det \u00e4r en del att g\u00f6ra. \u00c4nd\u00e5 kunde vi ha gjort \u00e4nnu mer, om vi hade haft tid och dygnet hade haft fler timmar och veckorna fler dagar.<\/p>\n<p><a href=\"http:\/\/kulturbloggen.com\/wp-content\/uploads\/2010\/11\/operan_biljetter.jpg\"><img loading=\"lazy\" decoding=\"async\" src=\"http:\/\/kulturbloggen.com\/wp-content\/uploads\/2010\/11\/operan_biljetter-300x225.jpg\" alt=\"\" title=\"operan_biljetter\" width=\"300\" height=\"225\" class=\"aligncenter size-medium wp-image-26867\" \/><\/a><\/p>\n<p><a href=\"http:\/\/kulturbloggen.com\/wp-content\/uploads\/2010\/11\/dramaten_krook.jpg\"><img loading=\"lazy\" decoding=\"async\" src=\"http:\/\/kulturbloggen.com\/wp-content\/uploads\/2010\/11\/dramaten_krook-300x225.jpg\" alt=\"\" title=\"dramaten_krook\" width=\"300\" height=\"225\" class=\"aligncenter size-medium wp-image-26868\" \/><\/a><\/p>\n<p><a href=\"http:\/\/kulturbloggen.com\/wp-content\/uploads\/2010\/11\/dramaten_biljettkontor.jpg\"><img loading=\"lazy\" decoding=\"async\" src=\"http:\/\/kulturbloggen.com\/wp-content\/uploads\/2010\/11\/dramaten_biljettkontor-300x225.jpg\" alt=\"\" title=\"dramaten_biljettkontor\" width=\"300\" height=\"225\" class=\"aligncenter size-medium wp-image-26869\" \/><\/a><\/p>\n<p>L\u00e4s \u00e4ven andra bloggares \u00e5sikter om <a href=\"http:\/\/bloggar.se\/om\/stora+kulturbloggpriset\" rel=\"tag\">stora kulturbloggpriset<\/a><\/p>\n","protected":false},"excerpt":{"rendered":"<p>Solen sken \u00f6ver en iskall huvudstad. Frosten bet i kinderna, men det var trevligt att den gr\u00e5a tjocka dimman som h\u00e4rskat \u00f6ver Stockholmstrakten de senaste dagarna gav vika och sl\u00e4ppte fram en lysande sol. Speciellt som den h\u00e4r f\u00f6r dagen uts\u00e4nde kulturbloggaren hade mycket att st\u00e5 i p\u00e5 stan, s\u00e5 h\u00e4r dagen f\u00f6re utdelningen av [&hellip;]<\/p>\n","protected":false},"author":2,"featured_media":0,"comment_status":"open","ping_status":"open","sticky":false,"template":"","format":"standard","meta":{"_genesis_hide_title":false,"_genesis_hide_breadcrumbs":false,"_genesis_hide_singular_image":false,"_genesis_hide_footer_widgets":false,"_genesis_custom_body_class":"","_genesis_custom_post_class":"","_genesis_layout":"","footnotes":""},"categories":[20],"tags":[5427],"class_list":{"0":"post-26864","1":"post","2":"type-post","3":"status-publish","4":"format-standard","6":"category-film","7":"tag-stora-kulturbloggpriset","8":"entry"},"_links":{"self":[{"href":"https:\/\/kulturbloggen.com\/index.php?rest_route=\/wp\/v2\/posts\/26864","targetHints":{"allow":["GET"]}}],"collection":[{"href":"https:\/\/kulturbloggen.com\/index.php?rest_route=\/wp\/v2\/posts"}],"about":[{"href":"https:\/\/kulturbloggen.com\/index.php?rest_route=\/wp\/v2\/types\/post"}],"author":[{"embeddable":true,"href":"https:\/\/kulturbloggen.com\/index.php?rest_route=\/wp\/v2\/users\/2"}],"replies":[{"embeddable":true,"href":"https:\/\/kulturbloggen.com\/index.php?rest_route=%2Fwp%2Fv2%2Fcomments&post=26864"}],"version-history":[{"count":0,"href":"https:\/\/kulturbloggen.com\/index.php?rest_route=\/wp\/v2\/posts\/26864\/revisions"}],"wp:attachment":[{"href":"https:\/\/kulturbloggen.com\/index.php?rest_route=%2Fwp%2Fv2%2Fmedia&parent=26864"}],"wp:term":[{"taxonomy":"category","embeddable":true,"href":"https:\/\/kulturbloggen.com\/index.php?rest_route=%2Fwp%2Fv2%2Fcategories&post=26864"},{"taxonomy":"post_tag","embeddable":true,"href":"https:\/\/kulturbloggen.com\/index.php?rest_route=%2Fwp%2Fv2%2Ftags&post=26864"}],"curies":[{"name":"wp","href":"https:\/\/api.w.org\/{rel}","templated":true}]}}