{"id":268,"date":"2008-07-02T20:31:34","date_gmt":"2008-07-02T20:31:34","guid":{"rendered":"http:\/\/kulturbloggen.com\/?p=268"},"modified":"2008-07-02T20:31:34","modified_gmt":"2008-07-02T20:31:34","slug":"snart-framme-vid-restaurangen-vid-universums-slut","status":"publish","type":"post","link":"https:\/\/kulturbloggen.com\/?p=268","title":{"rendered":"Snart framme vid restaurangen vid universums slut"},"content":{"rendered":"<p><a href='http:\/\/sodergren.com\/kulturbloggen\/wp-content\/uploads\/2008\/07\/rymdbild300.jpg'><img loading=\"lazy\" decoding=\"async\" src=\"http:\/\/sodergren.com\/kulturbloggen\/wp-content\/uploads\/2008\/07\/rymdbild300.jpg\" alt=\"\" title=\"rymdbild300\" width=\"300\" height=\"199\" class=\"alignright size-full wp-image-269\" \/><\/a>H\u00f6rt talas om restaurangen vid universums \u00e4nde? Kanske \u00e4r vi p\u00e5 v\u00e4g att hitta den nu? V\u00e4rldens mest sp\u00e4nnande nyhet sprids p\u00e5 v\u00e4rldens webbplatser idag om att rymdsonden Voyager 2 b\u00f6rjat n\u00e4rma sig solsystemets yttersta gr\u00e4nsomr\u00e5den. Den d\u00e4r restaurangen vid universums \u00e4nde ur b\u00f6ckerna om Liftarens guide till universum kanske dyker upp snart?<\/p>\n<p><a href=\"http:\/\/www.dn.se\/DNet\/jsp\/polopoly.jsp?d=597&#038;a=800486\">Ur Dagens Nyheter<\/a>:<\/p>\n<blockquote><p>Solsystemet \u00e4r inte runt som ett klot, utan mera tillplattat i formen. Det visar rymdsonden Voyager 2. Den har nu efter \u00f6ver trettio \u00e5rs f\u00e4rd hunnit fram till solsystemets yttersta gr\u00e4nsomr\u00e5den, den chockv\u00e5g d\u00e4r solvinden bokstavligt talat &#8221;g\u00e5r in i v\u00e4ggen&#8221;.<\/p><\/blockquote>\n<p>Det \u00e4r n\u00e5got filosofiskt och fantasieggande med rymden. S\u00e5 klart att det n\u00e5gonstans finns liv d\u00e4r ute. Fr\u00e5gan \u00e4r bara p\u00e5 vilket s\u00e4tt. En g\u00e5ng n\u00e4r jag var med p\u00e5 en presskonferens med den svenska austronauten Christer Fuglesang sade han att han \u00e4r \u00f6vertygad om att det finns liv i rymden. Fr\u00e5gan \u00e4r vara n\u00e4r vi tr\u00e4ffar p\u00e5 dem.<\/p>\n<p>D\u00e4remot \u00e4r det v\u00e4l inte s\u00e5 f\u00f6rv\u00e5nande att solsystemet \u00e4r mer tillplattat \u00e4n runt. Hade de sagt att solsystemet var fyrkantig hade jag blivit mer f\u00f6rv\u00e5nad. Den viktiga fr\u00e5gan \u00e4r: spelar det n\u00e5gon roll om v\u00e4rlden \u00e4r runt eller tillplattad? Det viktiga \u00e4r v\u00e4l vad vi g\u00e5r av den d\u00e4r runda eller tillplattade saken.<\/p>\n<p>Relaterat:<br \/>\n<a href=\"http:\/\/www.aftonbladet.se\/nyheter\/article2819611.ab\">Aftonbladet<\/a>.<\/p>\n<p>Andra bloggar om: <a href=\"http:\/\/bloggar.se\/om\/rymden\" rel=\"tag\">rymden<\/a>, <a href=\"http:\/\/bloggar.se\/om\/religion\" rel=\"tag\">religion<\/a>, <a href=\"http:\/\/bloggar.se\/om\/solsystemet\" rel=\"tag\">solsystemet<\/a>, <a href=\"http:\/\/bloggar.se\/om\/Voyager\" rel=\"tag\">Voyager<\/a>, <a href=\"http:\/\/bloggar.se\/om\/vetenskap\" rel=\"tag\">vetenskap<\/a>, <a href=\"http:\/\/bloggar.se\/om\/forskning\" rel=\"tag\">forskning<\/a><\/p>\n","protected":false},"excerpt":{"rendered":"<p>H\u00f6rt talas om restaurangen vid universums \u00e4nde? Kanske \u00e4r vi p\u00e5 v\u00e4g att hitta den nu? V\u00e4rldens mest sp\u00e4nnande nyhet sprids p\u00e5 v\u00e4rldens webbplatser idag om att rymdsonden Voyager 2 b\u00f6rjat n\u00e4rma sig solsystemets yttersta gr\u00e4nsomr\u00e5den. Den d\u00e4r restaurangen vid universums \u00e4nde ur b\u00f6ckerna om Liftarens guide till universum kanske dyker upp snart? Ur Dagens [&hellip;]<\/p>\n","protected":false},"author":2,"featured_media":0,"comment_status":"open","ping_status":"open","sticky":false,"template":"","format":"standard","meta":{"_genesis_hide_title":false,"_genesis_hide_breadcrumbs":false,"_genesis_hide_singular_image":false,"_genesis_hide_footer_widgets":false,"_genesis_custom_body_class":"","_genesis_custom_post_class":"","_genesis_layout":"","footnotes":""},"categories":[20],"tags":[4710,4866],"class_list":{"0":"post-268","1":"post","2":"type-post","3":"status-publish","4":"format-standard","6":"category-film","7":"tag-religion","8":"tag-rymden","9":"entry"},"_links":{"self":[{"href":"https:\/\/kulturbloggen.com\/index.php?rest_route=\/wp\/v2\/posts\/268","targetHints":{"allow":["GET"]}}],"collection":[{"href":"https:\/\/kulturbloggen.com\/index.php?rest_route=\/wp\/v2\/posts"}],"about":[{"href":"https:\/\/kulturbloggen.com\/index.php?rest_route=\/wp\/v2\/types\/post"}],"author":[{"embeddable":true,"href":"https:\/\/kulturbloggen.com\/index.php?rest_route=\/wp\/v2\/users\/2"}],"replies":[{"embeddable":true,"href":"https:\/\/kulturbloggen.com\/index.php?rest_route=%2Fwp%2Fv2%2Fcomments&post=268"}],"version-history":[{"count":0,"href":"https:\/\/kulturbloggen.com\/index.php?rest_route=\/wp\/v2\/posts\/268\/revisions"}],"wp:attachment":[{"href":"https:\/\/kulturbloggen.com\/index.php?rest_route=%2Fwp%2Fv2%2Fmedia&parent=268"}],"wp:term":[{"taxonomy":"category","embeddable":true,"href":"https:\/\/kulturbloggen.com\/index.php?rest_route=%2Fwp%2Fv2%2Fcategories&post=268"},{"taxonomy":"post_tag","embeddable":true,"href":"https:\/\/kulturbloggen.com\/index.php?rest_route=%2Fwp%2Fv2%2Ftags&post=268"}],"curies":[{"name":"wp","href":"https:\/\/api.w.org\/{rel}","templated":true}]}}