{"id":26734,"date":"2010-11-24T10:35:01","date_gmt":"2010-11-24T09:35:01","guid":{"rendered":"http:\/\/kulturbloggen.com\/?p=26734"},"modified":"2010-11-24T10:35:01","modified_gmt":"2010-11-24T09:35:01","slug":"ulf-lundell-ger-sig-ut-pa-turne-i-vintersverige","status":"publish","type":"post","link":"https:\/\/kulturbloggen.com\/?p=26734","title":{"rendered":"Ulf Lundell ger sig ut p\u00e5 turn\u00e9 i vintersverige"},"content":{"rendered":"<p><a href=\"http:\/\/kulturbloggen.com\/wp-content\/uploads\/2010\/11\/ulflundell.jpg\"><img loading=\"lazy\" decoding=\"async\" src=\"http:\/\/kulturbloggen.com\/wp-content\/uploads\/2010\/11\/ulflundell.jpg\" alt=\"\" title=\"ulflundell\" width=\"251\" height=\"278\" class=\"aligncenter size-full wp-image-26735\" \/><\/a><br \/>\nEtt ljus i vinterm\u00f6rkret med namnet Ulf.<br \/>\nJavisst.<br \/>\nAlla s\u00e4tt att lysa upp m\u00f6rkret och sk\u00e4nka v\u00e4rme i kylan \u00e4r v\u00e4lkomna.<br \/>\nH\u00e4r \u00e4r mailet vi fick om turn\u00e9n:<\/p>\n<p>101124<\/p>\n<p>ULF LUNDELL P\u00c5 TURN\u00c9 I VINTERSVERIGE!<\/p>\n<p>Ulf Lundell med band ger sig ut p\u00e5 turn\u00e9n \u201dEn \u00f6ppen vinter\u201d med premi\u00e4r den 18 februari i Lule\u00e5. Biljetterna till samtliga konserter sl\u00e4pps den 30 november.<\/p>\n<p>Turn\u00e9plan<br \/>\n18.2 Lule\u00e5, Kulturens Hus<br \/>\n19.2 Ume\u00e5, Aula Nordica<br \/>\n24.2 Uppsala, Konsert och Kongress<br \/>\n25.2 \u00d6rebro, Conventum<br \/>\n26.2 Karlstad, CCC<br \/>\n2.3 G\u00e4vle, Konserthuset<br \/>\n3.3 V\u00e4ster\u00e5s, Konserthuset<br \/>\n4.3 Oslo, Sentrum Scene (NO)<br \/>\n6.3 Bergen, Peer Gynt\/Grieghallen (NO)<br \/>\n8.3 Stockholm, Cirkus<br \/>\n11.3 Norrk\u00f6ping, Louis De Geer<br \/>\n12.3 Degerfors, Valsverket<br \/>\n18.3 Malm\u00f6, Konserthuset<br \/>\n19.3 J\u00f6nk\u00f6ping, Konserthuset<br \/>\n25.3 Link\u00f6ping, Konsert &#038; Kongress<br \/>\n26.3 Kristianstad, Arenan<br \/>\n30.3 Mariehamn, Alandica (FI)<br \/>\n1.4 Helsingfors, Kulturhuset (FI)<br \/>\n2.2 Vasa, Ishallen (FI)<br \/>\n9.4 Bor\u00e5s, \u00c5haga<br \/>\n12.4 G\u00f6teborg, Konserthuset<\/p>\n<p>F\u00f6r mer information <a href=\"http:\/\/www.ulflundell.com\">www.ulflundell.com<\/a><\/p>\n","protected":false},"excerpt":{"rendered":"<p>Ett ljus i vinterm\u00f6rkret med namnet Ulf. Javisst. Alla s\u00e4tt att lysa upp m\u00f6rkret och sk\u00e4nka v\u00e4rme i kylan \u00e4r v\u00e4lkomna. H\u00e4r \u00e4r mailet vi fick om turn\u00e9n: 101124 ULF LUNDELL P\u00c5 TURN\u00c9 I VINTERSVERIGE! Ulf Lundell med band ger sig ut p\u00e5 turn\u00e9n \u201dEn \u00f6ppen vinter\u201d med premi\u00e4r den 18 februari i Lule\u00e5. Biljetterna [&hellip;]<\/p>\n","protected":false},"author":13,"featured_media":0,"comment_status":"open","ping_status":"open","sticky":false,"template":"","format":"standard","meta":{"_genesis_hide_title":false,"_genesis_hide_breadcrumbs":false,"_genesis_hide_singular_image":false,"_genesis_hide_footer_widgets":false,"_genesis_custom_body_class":"","_genesis_custom_post_class":"","_genesis_layout":"","footnotes":""},"categories":[7],"tags":[12282,6004,6067,6255],"class_list":{"0":"post-26734","1":"post","2":"type-post","3":"status-publish","4":"format-standard","6":"category-musik","7":"tag-musik","8":"tag-turne","9":"tag-ulf-lundell","10":"tag-vinter","11":"entry"},"_links":{"self":[{"href":"https:\/\/kulturbloggen.com\/index.php?rest_route=\/wp\/v2\/posts\/26734","targetHints":{"allow":["GET"]}}],"collection":[{"href":"https:\/\/kulturbloggen.com\/index.php?rest_route=\/wp\/v2\/posts"}],"about":[{"href":"https:\/\/kulturbloggen.com\/index.php?rest_route=\/wp\/v2\/types\/post"}],"author":[{"embeddable":true,"href":"https:\/\/kulturbloggen.com\/index.php?rest_route=\/wp\/v2\/users\/13"}],"replies":[{"embeddable":true,"href":"https:\/\/kulturbloggen.com\/index.php?rest_route=%2Fwp%2Fv2%2Fcomments&post=26734"}],"version-history":[{"count":0,"href":"https:\/\/kulturbloggen.com\/index.php?rest_route=\/wp\/v2\/posts\/26734\/revisions"}],"wp:attachment":[{"href":"https:\/\/kulturbloggen.com\/index.php?rest_route=%2Fwp%2Fv2%2Fmedia&parent=26734"}],"wp:term":[{"taxonomy":"category","embeddable":true,"href":"https:\/\/kulturbloggen.com\/index.php?rest_route=%2Fwp%2Fv2%2Fcategories&post=26734"},{"taxonomy":"post_tag","embeddable":true,"href":"https:\/\/kulturbloggen.com\/index.php?rest_route=%2Fwp%2Fv2%2Ftags&post=26734"}],"curies":[{"name":"wp","href":"https:\/\/api.w.org\/{rel}","templated":true}]}}