{"id":26719,"date":"2010-11-23T23:46:19","date_gmt":"2010-11-23T22:46:19","guid":{"rendered":"http:\/\/kulturbloggen.com\/?p=26719"},"modified":"2012-03-05T21:06:59","modified_gmt":"2012-03-05T20:06:59","slug":"en-tisdagskvall-en-blasig-vinterkvall-for-en-kulturbloggare-pa-biutiful","status":"publish","type":"post","link":"https:\/\/kulturbloggen.com\/?p=26719","title":{"rendered":"En tisdagskv\u00e4ll en bl\u00e5sig vinterkv\u00e4ll f\u00f6r en kulturbloggare p\u00e5 Biutiful"},"content":{"rendered":"<p>N\u00e4r natten och m\u00f6rkret tagit \u00f6ver tisdagen var det riktigt kallt och ruggigt ute. Det var vinden som tr\u00e4ngde igenom det mesta som gjorde att kylan blev kraftigare \u00e4n 0 grader som termometern visade.<\/p>\n<p>Vad g\u00f6r en kulturbloggare en bl\u00e5sig vinterkv\u00e4ll? N\u00e5gon av oss var i G\u00f6teborg och s\u00e5g Marina &#038; the Diamonds p\u00e5 Pusterviksbaren (en recension l\u00e4r dyka upp). En annan var p\u00e5 debaser och tr\u00e4ffade h\u00e5rdrockbandet Raised Fist. Tre av oss kulturbloggare begav oss till biografen Park, som ligger p\u00e5 Sturegatan. Den ligger p\u00e5 en skum del av Sturegatan d\u00e4r det inte finns n\u00e5got fik som \u00e4r \u00f6ppen p\u00e5 kv\u00e4llen.<\/p>\n<p>Det var en f\u00f6rhandsvisning av <a href=\"http:\/\/www.imdb.com\/title\/tt1164999\/\">&#8221;Biutiful&#8221;<\/a> med den spanske sk\u00e5despelaren <a href=\"http:\/\/www.imdb.com\/name\/nm0000849\/\">Javier Bardem<\/a>. Han hade sitt f\u00f6rsta roll n\u00e4r han var sex \u00e5r, han \u00e4r f\u00f6dd i en familj med massor av sk\u00e5despelare.<br \/>\n&#8221;Biutiful&#8221; \u00e4r regisserad av Alejandro Gonzalez Innaritu, som tidigare regisserat &#8221;\u00c4lskade hundar&#8221;, &#8221;21 gram&#8221; och &#8221;Babel&#8221;. Javier Bardem spelar Uxbal som \u00e4r d\u00f6dsjuk i cancer och som f\u00f6rs\u00f6rjer sig p\u00e5 att f\u00f6rmedlare svart arbetskraft i Barcelonas ghettobetonade del.<br \/>\nDet \u00e4r mis\u00e4r och det \u00e4r s\u00e5 f\u00f6rf\u00e4rligt hemskt att se under vilka f\u00f6rh\u00e5llanden m\u00e4nniskor kan leva idag, i ett EU-land.<br \/>\nKinesiska arbetare som sover p\u00e5 madrasser p\u00e5 golvet, tjugo-trettio personer i ett kalt och kallt k\u00e4llarrum, inl\u00e5sta under natten. Senegaleser som tr\u00e4ngs i sm\u00e5 rum.<\/p>\n<p>Javier Bardem fick pris f\u00f6r b\u00e4sta sk\u00e5despelare p\u00e5 Cannesfestivalen i \u00e5r f\u00f6r rollen som den d\u00f6dssjuke Uxbal i &#8221;Biutiful&#8221;.<\/p>\n<p>Var filmen bra eller d\u00e5lig? Sv\u00e5rt att s\u00e4ga. Den \u00e4r m\u00f6rk, den skildrar n\u00e5got f\u00f6rf\u00e4rligt. Men \u00e4nd\u00e5 ljust. Uxbal kan kommunicera med de d\u00f6das andar och vet att d\u00f6den inte \u00e4r slutet, att det finns n\u00e5got mer. Han hittar ocks\u00e5 gl\u00e4dje i sm\u00e5 stunder av lycka.<\/p>\n<p>Ja, det \u00e4r s\u00e5dant som vi kulturbloggare sysslar med bl\u00e5siga vinterkv\u00e4llar i november.<\/p>\n<p>Biografen Park har en v\u00e4ldigt vacker scen med en r\u00f6d sammetsrid\u00e5. Jonas fotograferade den med sin nya Nokia N8. En sak \u00e4r s\u00e4ker: Nokias Smartphone N8 har betydligt b\u00e4ttre kamera \u00e4n iphone.<\/p>\n<p>Jag tog tv\u00e5 bilder p\u00e5 Kungsgatan n\u00e4r jag promenerade l\u00e4ngs den till Sturegatan. Se skillnaderna i sk\u00e4rpa p\u00e5 bilderna fr\u00e5n Nokian och Iphone. Med Iphone gick det inte alls att ta bilder p\u00e5 rid\u00e5n inne p\u00e5 biografen, det r\u00e4ckte inte ljuset till f\u00f6r.<br \/>\nNej kameran suger i Iphone.<\/p>\n<p>Bilden allra nederst: ja vi k\u00f6pte den st\u00f6rsta modellen popcorn. Vi var \u00e4nd\u00e5 n\u00e5gra stycken som skulle dela. Fast jag proppade nog i mig mest av oss.<br \/>\n<a href=\"http:\/\/kulturbloggen.com\/wp-content\/uploads\/2010\/11\/park_bio.jpg\"><img loading=\"lazy\" decoding=\"async\" src=\"http:\/\/kulturbloggen.com\/wp-content\/uploads\/2010\/11\/park_bio-300x168.jpg\" alt=\"\" title=\"park_bio\" width=\"300\" height=\"168\" class=\"aligncenter size-medium wp-image-26722\" \/><\/a><\/p>\n<p><a href=\"http:\/\/kulturbloggen.com\/wp-content\/uploads\/2010\/11\/park_bio_closeshot.jpg\"><img loading=\"lazy\" decoding=\"async\" src=\"http:\/\/kulturbloggen.com\/wp-content\/uploads\/2010\/11\/park_bio_closeshot-300x168.jpg\" alt=\"\" title=\"park_bio_closeshot\" width=\"300\" height=\"168\" class=\"aligncenter size-medium wp-image-26723\" \/><\/a><\/p>\n<p><a href=\"http:\/\/kulturbloggen.com\/wp-content\/uploads\/2010\/11\/kungsgatan_julglitter.jpg\"><img loading=\"lazy\" decoding=\"async\" src=\"http:\/\/kulturbloggen.com\/wp-content\/uploads\/2010\/11\/kungsgatan_julglitter-300x225.jpg\" alt=\"\" title=\"kungsgatan_julglitter\" width=\"300\" height=\"225\" class=\"aligncenter size-medium wp-image-26724\" \/><\/a><\/p>\n<p><a href=\"http:\/\/kulturbloggen.com\/wp-content\/uploads\/2010\/11\/kungsgatan_julglitter2.jpg\"><img loading=\"lazy\" decoding=\"async\" src=\"http:\/\/kulturbloggen.com\/wp-content\/uploads\/2010\/11\/kungsgatan_julglitter2-300x225.jpg\" alt=\"\" title=\"kungsgatan_julglitter2\" width=\"300\" height=\"225\" class=\"aligncenter size-medium wp-image-26725\" \/><\/a><\/p>\n<p><a href=\"http:\/\/kulturbloggen.com\/wp-content\/uploads\/2010\/11\/popcorn_pa_park.jpg\"><img loading=\"lazy\" decoding=\"async\" src=\"http:\/\/kulturbloggen.com\/wp-content\/uploads\/2010\/11\/popcorn_pa_park-300x168.jpg\" alt=\"\" title=\"popcorn_pa_park\" width=\"300\" height=\"168\" class=\"aligncenter size-medium wp-image-26726\" \/><\/a><\/p>\n<p>Relaterat:<br \/>\n<a href=\"http:\/\/www.svd.se\/kulturnoje\/nyheter\/biutiful-tung-roll-for-bardem_5722571.svd\">Svenska Dagbladet 1<\/a>, <a href=\"http:\/\/www.svd.se\/kulturnoje\/film\/bio\/film-biutiful_5490241.svd\">Svenska Dagbladet 2<\/a> och <a href=\"http:\/\/www.expressen.se\/noje\/film\/1.2224921\/biutiful-tung-roll-for-javier-bardem\">Expressen<\/a>.<\/p>\n<p>L\u00e4s \u00e4ven andra bloggares \u00e5sikter om <a href=\"http:\/\/bloggar.se\/om\/kulturbloggare\" rel=\"tag\">kulturbloggare<\/a>, <a href=\"http:\/\/bloggar.se\/om\/Park\" rel=\"tag\">Park<\/a>, <a href=\"http:\/\/bloggar.se\/om\/biograf\" rel=\"tag\">biograf<\/a>, <a href=\"http:\/\/bloggar.se\/om\/popcorn\" rel=\"tag\">popcorn<\/a>, <a href=\"http:\/\/bloggar.se\/om\/Biutiful\" rel=\"tag\">Biutiful<\/a><\/p>\n","protected":false},"excerpt":{"rendered":"<p>N\u00e4r natten och m\u00f6rkret tagit \u00f6ver tisdagen var det riktigt kallt och ruggigt ute. Det var vinden som tr\u00e4ngde igenom det mesta som gjorde att kylan blev kraftigare \u00e4n 0 grader som termometern visade. Vad g\u00f6r en kulturbloggare en bl\u00e5sig vinterkv\u00e4ll? N\u00e5gon av oss var i G\u00f6teborg och s\u00e5g Marina &#038; the Diamonds p\u00e5 Pusterviksbaren [&hellip;]<\/p>\n","protected":false},"author":2,"featured_media":0,"comment_status":"open","ping_status":"open","sticky":false,"template":"","format":"standard","meta":{"_genesis_hide_title":false,"_genesis_hide_breadcrumbs":false,"_genesis_hide_singular_image":false,"_genesis_hide_footer_widgets":false,"_genesis_custom_body_class":"","_genesis_custom_post_class":"","_genesis_layout":"","footnotes":""},"categories":[44],"tags":[665,682,3083,4259,4432],"class_list":{"0":"post-26719","1":"post","2":"type-post","3":"status-publish","4":"format-standard","6":"category-chadie","7":"tag-biograf","8":"tag-biutiful","9":"tag-kulturbloggare","10":"tag-park","11":"tag-popcorn","12":"entry"},"_links":{"self":[{"href":"https:\/\/kulturbloggen.com\/index.php?rest_route=\/wp\/v2\/posts\/26719","targetHints":{"allow":["GET"]}}],"collection":[{"href":"https:\/\/kulturbloggen.com\/index.php?rest_route=\/wp\/v2\/posts"}],"about":[{"href":"https:\/\/kulturbloggen.com\/index.php?rest_route=\/wp\/v2\/types\/post"}],"author":[{"embeddable":true,"href":"https:\/\/kulturbloggen.com\/index.php?rest_route=\/wp\/v2\/users\/2"}],"replies":[{"embeddable":true,"href":"https:\/\/kulturbloggen.com\/index.php?rest_route=%2Fwp%2Fv2%2Fcomments&post=26719"}],"version-history":[{"count":1,"href":"https:\/\/kulturbloggen.com\/index.php?rest_route=\/wp\/v2\/posts\/26719\/revisions"}],"predecessor-version":[{"id":50162,"href":"https:\/\/kulturbloggen.com\/index.php?rest_route=\/wp\/v2\/posts\/26719\/revisions\/50162"}],"wp:attachment":[{"href":"https:\/\/kulturbloggen.com\/index.php?rest_route=%2Fwp%2Fv2%2Fmedia&parent=26719"}],"wp:term":[{"taxonomy":"category","embeddable":true,"href":"https:\/\/kulturbloggen.com\/index.php?rest_route=%2Fwp%2Fv2%2Fcategories&post=26719"},{"taxonomy":"post_tag","embeddable":true,"href":"https:\/\/kulturbloggen.com\/index.php?rest_route=%2Fwp%2Fv2%2Ftags&post=26719"}],"curies":[{"name":"wp","href":"https:\/\/api.w.org\/{rel}","templated":true}]}}