{"id":26502,"date":"2010-11-20T14:26:37","date_gmt":"2010-11-20T13:26:37","guid":{"rendered":"http:\/\/kulturbloggen.com\/?p=26502"},"modified":"2010-11-20T14:26:37","modified_gmt":"2010-11-20T13:26:37","slug":"mavis-staples-pa-nalen-stockholm","status":"publish","type":"post","link":"https:\/\/kulturbloggen.com\/?p=26502","title":{"rendered":"Mavis Staples p\u00e5 Nalen, Stockholm"},"content":{"rendered":"<p><a href=\"http:\/\/kulturbloggen.com\/wp-content\/uploads\/2010\/11\/101119_MavisStaple8717.jpg\"><img loading=\"lazy\" decoding=\"async\" src=\"http:\/\/kulturbloggen.com\/wp-content\/uploads\/2010\/11\/101119_MavisStaple8717-300x199.jpg\" alt=\"Mavis Staples @Nalen, Stockholm. &copy; Foto: Anders L\u00f6wdin\" title=\"Mavis Staples @Nalen, Stockholm. &copy; Foto: Anders L\u00f6wdin\" width=\"300\" height=\"199\" class=\"alignnone size-medium wp-image-26511\" \/><\/a><br \/>\nI g\u00e5r kv\u00e4ll stod Mavis Staples \u00e5ter p\u00e5 en svensk scen. Och vad passar b\u00e4ttre \u00e4n anrika Nalen och dess kunniga och talrika publik. Det var en t\u00e4t och n\u00e5got kort konsert med en Mavis Staples som verkligen bj\u00f6d p\u00e5 sig sj\u00e4lv och som hade roligt tillsammans med publiken ig\u00e5r.<\/p>\n<p><img loading=\"lazy\" decoding=\"async\" src=\"http:\/\/kulturbloggen.com\/wp-content\/uploads\/2010\/11\/101119_MavisStaple8731-300x199.jpg\" alt=\"Mavis Staples @Nalen, Stockholm. &copy; Foto: Anders L\u00f6wdin\" title=\"Mavis Staples @Nalen, Stockholm. &copy; Foto: Anders L\u00f6wdin\" width=\"300\" height=\"199\" class=\"alignnone size-medium wp-image-26512\" \/><\/p>\n<p>Senast jag s\u00e5g henne var i augusti 2008 p\u00e5 Berns, Stockholm. Med sig i bagaget den g\u00e5ngen hade hon musiken fr\u00e5n samarbetet med bluesmusikern Ry Cooder, albumet om den amerikanska civilr\u00e4ttsr\u00f6relsen, \u201cWe&#8217;ll Never Turn Back\u201d fr\u00e5n 2007. Utm\u00e4rkt och n\u00e5got tung musik m\u00e4rkt av det angel\u00e4gna budskapet.<\/p>\n<p><img loading=\"lazy\" decoding=\"async\" src=\"http:\/\/kulturbloggen.com\/wp-content\/uploads\/2010\/11\/101119_MavisStaple8776-199x300.jpg\" alt=\"Mavis Staples @Nalen, Stockholm. &copy; Foto: Anders L\u00f6wdin\" title=\"Mavis Staples @Nalen, Stockholm. &copy; Foto: Anders L\u00f6wdin\" width=\"199\" height=\"300\" class=\"alignnone size-medium wp-image-26513\" \/><\/p>\n<p>G\u00e5rdagen bj\u00f6d p\u00e5 mer uppsluppna och direktare toner. Samarbetet med Jeff Tweedy fr\u00e5n Wilco, som resulterat i det senaste albument \u201cYou Are Not Alone\u201d har h\u00f6jt temperaturen. Vi ser en m\u00e4rkbar spelgl\u00e4dje. En gl\u00e4dje som smittar.<\/p>\n<p><img loading=\"lazy\" decoding=\"async\" src=\"http:\/\/kulturbloggen.com\/wp-content\/uploads\/2010\/11\/101119_MavisStaple8664-199x300.jpg\" alt=\"Rick Holmstrom. Mavis Staples @Nalen, Stockholm. &copy; Foto: Anders L\u00f6wdin\" title=\"Rick Holmstrom. Mavis Staples @Nalen, Stockholm. &copy; Foto: Anders L\u00f6wdin\" width=\"199\" height=\"300\" class=\"alignnone size-medium wp-image-26510\" \/>Fantastiska Rick Holmstrom p\u00e5 gitarr..<\/p>\n<p>Det \u00e4r liv, fart och professionalism n\u00e4r Mavis Staples upptr\u00e4der. Ett fantastiskt konstaterande egentligen, Mavis Staples med snart 60 \u00e5r i branschen underh\u00e5ller m\u00e4sterligt.<\/p>\n<p>Mer om Mavis Staples h\u00e4r p\u00e5 <a href=\"http:\/\/kulturbloggen.com\/?p=24072\">Kulturbloggen<\/a>.<br \/>\nAlla bilder &copy; Foto: Anders L\u00f6wdin. N\u00e5gra fler bilder fr\u00e5n konserten <a href=\"http:\/\/www.flickr.com\/photos\/anderslowdin\/sets\/72157625302454395\/\">hittar du h\u00e4r<\/a>.<\/p>\n<p>Jeff Tweedy, Wilco och Mavis Staples p\u00e5 YouTube:<br \/>\n<object width=\"560\" height=\"340\"><param name=\"movie\" value=\"http:\/\/www.youtube.com\/v\/uCLqaMPqtkQ?fs=1&amp;hl=sv_SE\"><\/param><param name=\"allowFullScreen\" value=\"true\"><\/param><param name=\"allowscriptaccess\" value=\"always\"><\/param><embed src=\"http:\/\/www.youtube.com\/v\/uCLqaMPqtkQ?fs=1&amp;hl=sv_SE\" type=\"application\/x-shockwave-flash\" allowscriptaccess=\"always\" allowfullscreen=\"true\" width=\"560\" height=\"340\"><\/embed><\/object><\/p>\n<p>Mer att l\u00e4sa:<br \/>\n<a href=\"http:\/\/www.aftonbladet.se\/nojesbladet\/musik\/rockbjornen2010\/article7702015.ab\" target=\"_blank\">Aftonbladet<\/a>, <a href=\"http:\/\/www.svd.se\/kulturnoje\/musik\/71-ariga-staples-i-hogsta-grad-samtida_5706803.svd\" target=\"_blank\">SvD1<\/a>, <a href=\"http:\/\/www.svd.se\/kulturnoje\/musik\/mavis-staples_5324789.svd\" target=\"_blank\">SvD2<\/a>, <a href=\"http:\/\/www.rosebudus.com\/staples\/LiveHideout.html\" target=\"_blank\">Rosebudus<\/a>.<\/p>\n<p>L\u00e4s \u00e4ven andra bloggares \u00e5sikter om <a href=\"http:\/\/bloggar.se\/om\/Mavis+Staples\" rel=\"tag\">Mavis Staples<\/a>, <a href=\"http:\/\/bloggar.se\/om\/Nalen\" rel=\"tag\">Nalen<\/a>, <a href=\"http:\/\/bloggar.se\/om\/musik\" rel=\"tag\">musik<\/a>, <a href=\"http:\/\/bloggar.se\/om\/soul\" rel=\"tag\">soul<\/a>, <a href=\"http:\/\/bloggar.se\/om\/folk\" rel=\"tag\">folk<\/a>, <a href=\"http:\/\/bloggar.se\/om\/gospel\" rel=\"tag\">gospel<\/a>.<\/p>\n","protected":false},"excerpt":{"rendered":"<p>I g\u00e5r kv\u00e4ll stod Mavis Staples \u00e5ter p\u00e5 en svensk scen. Och vad passar b\u00e4ttre \u00e4n anrika Nalen och dess kunniga och talrika publik.<\/p>\n","protected":false},"author":13,"featured_media":0,"comment_status":"open","ping_status":"open","sticky":false,"template":"","format":"standard","meta":{"_genesis_hide_title":false,"_genesis_hide_breadcrumbs":false,"_genesis_hide_singular_image":false,"_genesis_hide_footer_widgets":false,"_genesis_custom_body_class":"","_genesis_custom_post_class":"","_genesis_layout":"","footnotes":""},"categories":[7,16],"tags":[1791,2065,3562,12282,3913,24],"class_list":{"0":"post-26502","1":"post","2":"type-post","3":"status-publish","4":"format-standard","6":"category-musik","7":"category-recension","8":"tag-folk","9":"tag-gospel","10":"tag-mavis-staples","11":"tag-musik","12":"tag-nalen","13":"tag-soul-musik","14":"entry"},"_links":{"self":[{"href":"https:\/\/kulturbloggen.com\/index.php?rest_route=\/wp\/v2\/posts\/26502","targetHints":{"allow":["GET"]}}],"collection":[{"href":"https:\/\/kulturbloggen.com\/index.php?rest_route=\/wp\/v2\/posts"}],"about":[{"href":"https:\/\/kulturbloggen.com\/index.php?rest_route=\/wp\/v2\/types\/post"}],"author":[{"embeddable":true,"href":"https:\/\/kulturbloggen.com\/index.php?rest_route=\/wp\/v2\/users\/13"}],"replies":[{"embeddable":true,"href":"https:\/\/kulturbloggen.com\/index.php?rest_route=%2Fwp%2Fv2%2Fcomments&post=26502"}],"version-history":[{"count":0,"href":"https:\/\/kulturbloggen.com\/index.php?rest_route=\/wp\/v2\/posts\/26502\/revisions"}],"wp:attachment":[{"href":"https:\/\/kulturbloggen.com\/index.php?rest_route=%2Fwp%2Fv2%2Fmedia&parent=26502"}],"wp:term":[{"taxonomy":"category","embeddable":true,"href":"https:\/\/kulturbloggen.com\/index.php?rest_route=%2Fwp%2Fv2%2Fcategories&post=26502"},{"taxonomy":"post_tag","embeddable":true,"href":"https:\/\/kulturbloggen.com\/index.php?rest_route=%2Fwp%2Fv2%2Ftags&post=26502"}],"curies":[{"name":"wp","href":"https:\/\/api.w.org\/{rel}","templated":true}]}}