{"id":26454,"date":"2010-11-18T13:48:10","date_gmt":"2010-11-18T12:48:10","guid":{"rendered":"http:\/\/kulturbloggen.com\/?p=26454"},"modified":"2010-11-18T13:48:10","modified_gmt":"2010-11-18T12:48:10","slug":"kulturbloggen-recenserar-%e2%80%9dharry-potter-och-dodsrelikerna-del-1%e2%80%9d","status":"publish","type":"post","link":"https:\/\/kulturbloggen.com\/?p=26454","title":{"rendered":"Kulturbloggen recenserar: \u201dHarry Potter och d\u00f6dsrelikerna. Del 1\u201d"},"content":{"rendered":"<p><a href=\"http:\/\/kulturbloggen.com\/wp-content\/uploads\/2010\/11\/harry_potter_and_the_deathly_hallows_movie_poster.jpg\"><img loading=\"lazy\" decoding=\"async\" src=\"http:\/\/kulturbloggen.com\/wp-content\/uploads\/2010\/11\/harry_potter_and_the_deathly_hallows_movie_poster-203x300.jpg\" alt=\"\" title=\"harry_potter_and_the_deathly_hallows_movie_poster\" width=\"203\" height=\"300\" class=\"aligncenter size-medium wp-image-26455\" \/><\/a><\/p>\n<p> sedvanlig ordning finner man flera av Storbritanniens stora sk\u00e5disar i filmen. Som alltid lika v\u00e4lkl\u00e4dda och v\u00e4lagerande. \u00c4ven denna film \u00e4r baserad p\u00e5 boken med samma namn, men det \u00e4r n\u00e4stan en n\u00f6dv\u00e4ndighet att ha l\u00e4st boken, d\u00e5 en hel del f\u00f6rklarande stycken \u00e4r bortvalda och det som \u00e4r kvar l\u00e4mnar oinsatta lagom intresserade av resten.<\/p>\n<p>Sittandes mellan tv\u00e5 som inte hade l\u00e4st b\u00f6ckerna och som \u00e4r v\u00e4l \u00f6ver 20 fick jag h\u00f6ra uttr\u00e5kade kommentarer b\u00e5de under och efter filmen. Handlingen i filmen f\u00f6rs fram av m\u00e5nga teleporteringar och det var en s\u00e5dan sak som inte riktigt uppskattades.<\/p>\n<p>Att tv\u00e5 av de karakt\u00e4rer som \u00e5terkommer under filmens g\u00e5ng inte n\u00e5gon g\u00e5ng n\u00e4mns med namn k\u00e4nns trist. I synnerhet n\u00e4r de i b\u00f6ckerna s\u00e5 mycket mera ing\u00e5ende beskrivs och omtalas. Vare sig Bill Nighys mycket lyckade tolkning av Rufus Scrimgeour eller Dave Legenos roll som Fenrir Greyback presenteras. Trist, mycket trist tycker jag. Speciellt n\u00e4r Fenrir \u00e4r den som gav Bill Weasley sina \u00e4rr i ansiktet och m\u00e4rkte honom till varulv i f\u00f6rra filmen. Ingen av de tre ungdomarna har m\u00f6tt honom tidigare och vet inte vem det \u00e4r.<\/p>\n<p>Scrimgeour eftertr\u00e4dde den f\u00f6rra ministern, Cornelius Fudge. Enligt boken har Potter m\u00f6tt honom tidigare, \u00e5terigen n\u00e5got som valts bort i filmerna.<\/p>\n<p>Det \u00e4r en saga om v\u00e4nskap, k\u00e4rlek och personlig styrka som visas upp p\u00e5 filmduken. \u00c4r man inte ett fan av J.K.Rowlings v\u00e4rld s\u00e5 blir budskapet dock lite v\u00e4l insvept i specialeffekter och lustiga formler. Sagor och legender spelar en \u00e4nnu st\u00f6rre roll nu och en av dessa ber\u00e4ttas v\u00e4ldigt snyggt med en animering.<\/p>\n<p>Voldemorts anh\u00e4ngare av \u201dpure bloods\u201d, dvs renblodiga trollkarlssl\u00e4kter har i den h\u00e4r filmen infiltrerat och \u00f6vertagit Ministeriet f\u00f6r magi och f\u00f6r nu \u00f6ppet ett utrensningskrig mot halvblod (s\u00e5 som Potter), muggelf\u00f6dda mudbloods\/smutsskallar (som Hermione \u00e4r) eller de renblodiga som g\u00e5tt \u00f6ver till \u201dde andras sida\u201d (Weasleys). \u00c4ven de \u00f6vriga raserna f\u00e5r sig en k\u00e4nga, mycket p\u00e5minnande om rasbiologin och Tredje Riket.<\/p>\n<p>Den h\u00e4r filmen \u00e4r f\u00f6rsta h\u00e4lften av boken med samma namn som slutar med scenen p\u00e5 sidan 405 av 607 sidor totalt. Av dessa drygt 400 sidor har n\u00e4stan h\u00e4lften skrivits bort eller skrivits om, inte helt till det b\u00e4ttre.<\/p>\n<p><object width=\"640\" height=\"385\"><param name=\"movie\" value=\"http:\/\/www.youtube.com\/v\/YzfEH0UPEBo?fs=1&amp;hl=sv_SE\"><\/param><param name=\"allowFullScreen\" value=\"true\"><\/param><param name=\"allowscriptaccess\" value=\"always\"><\/param><embed src=\"http:\/\/www.youtube.com\/v\/YzfEH0UPEBo?fs=1&amp;hl=sv_SE\" type=\"application\/x-shockwave-flash\" allowscriptaccess=\"always\" allowfullscreen=\"true\" width=\"640\" height=\"385\"><\/embed><\/object><\/p>\n<p>Efter att ha tittat p\u00e5 den officiella trailern f\u00f6r b\u00e5da filmerna s\u00e5 kan jag meddela att delar av det som valts bort i denna film kommer med i n\u00e4sta och avslutande del som har premi\u00e4r i juli n\u00e4sta \u00e5r. Jag kan bara hoppas p\u00e5 att det blir en bra hopknytning av den h\u00e4r p\u00e5sen, som det \u00e4r nu k\u00e4nns filmen lite v\u00e4l l\u00e5ngsam och inte s\u00e4rskilt v\u00e4l hopklippt.<\/p>\n<p>Officiella trailern f\u00f6r b\u00e5da delarna:<\/p>\n<p><object width=\"640\" height=\"385\"><param name=\"movie\" value=\"http:\/\/www.youtube.com\/v\/_EC2tmFVNNE?fs=1&amp;hl=sv_SE\"><\/param><param name=\"allowFullScreen\" value=\"true\"><\/param><param name=\"allowscriptaccess\" value=\"always\"><\/param><embed src=\"http:\/\/www.youtube.com\/v\/_EC2tmFVNNE?fs=1&amp;hl=sv_SE\" type=\"application\/x-shockwave-flash\" allowscriptaccess=\"always\" allowfullscreen=\"true\" width=\"640\" height=\"385\"><\/embed><\/object><\/p>\n<p>Regiss\u00f6r: David Yates<\/p>\n<p>Manus: Steve Kloves (film), J.K.Rowlings bok)<\/p>\n<p>146 min.<\/p>\n<p>Relaterat:<br \/>\n<a href=\"http:\/\/www.dn.se\/kultur-noje\/filmrecensioner\/harry-potter-och-dodsrelikerna-del-1-1.1210203\">Dagens Nyheter<\/a>, <a href=\"http:\/\/www.moviezine.se\/film\/harrypotter7\">MovieZine<\/a>, <a href=\"http:\/\/www.gp.se\/kulturnoje\/film\/1.492028-harry-potter-och-dodsrelikerna-del-1\">G\u00f6teborgsposten<\/a> och <a href=\"http:\/\/www.svd.se\/kulturnoje\/film\/bio\/angslan-och-fortvivlan-i-sista-potter_5687957.svd\">Svenska Dagbladet.<\/a><\/p>\n<p>L\u00e4s \u00e4ven andra bloggares \u00e5sikter om <a href=\"http:\/\/bloggar.se\/om\/Harry+Potter+och+d%F6dsrelikerna\" rel=\"tag\">Harry Potter och d\u00f6dsrelikerna<\/a>, <a href=\"http:\/\/bloggar.se\/om\/film\" rel=\"tag\">film<\/a>, <a href=\"http:\/\/bloggar.se\/om\/recension\" rel=\"tag\">recension<\/a><\/p>\n","protected":false},"excerpt":{"rendered":"<p>sedvanlig ordning finner man flera av Storbritanniens stora sk\u00e5disar i filmen. Som alltid lika v\u00e4lkl\u00e4dda och v\u00e4lagerande. \u00c4ven denna film \u00e4r baserad p\u00e5 boken med samma namn, men det \u00e4r n\u00e4stan en n\u00f6dv\u00e4ndighet att ha l\u00e4st boken, d\u00e5 en hel del f\u00f6rklarande stycken \u00e4r bortvalda och det som \u00e4r kvar l\u00e4mnar oinsatta lagom intresserade av [&hellip;]<\/p>\n","protected":false},"author":13,"featured_media":0,"comment_status":"open","ping_status":"open","sticky":false,"template":"","format":"standard","meta":{"_genesis_hide_title":false,"_genesis_hide_breadcrumbs":false,"_genesis_hide_singular_image":false,"_genesis_hide_footer_widgets":false,"_genesis_custom_body_class":"","_genesis_custom_post_class":"","_genesis_layout":"","footnotes":""},"categories":[51,16],"tags":[2218,12285,12286],"class_list":{"0":"post-26454","1":"post","2":"type-post","3":"status-publish","4":"format-standard","6":"category-filmer","7":"category-recension","8":"tag-harry-potter-och-dodsrelikerna","9":"tag-recension","10":"tag-film","11":"entry"},"_links":{"self":[{"href":"https:\/\/kulturbloggen.com\/index.php?rest_route=\/wp\/v2\/posts\/26454","targetHints":{"allow":["GET"]}}],"collection":[{"href":"https:\/\/kulturbloggen.com\/index.php?rest_route=\/wp\/v2\/posts"}],"about":[{"href":"https:\/\/kulturbloggen.com\/index.php?rest_route=\/wp\/v2\/types\/post"}],"author":[{"embeddable":true,"href":"https:\/\/kulturbloggen.com\/index.php?rest_route=\/wp\/v2\/users\/13"}],"replies":[{"embeddable":true,"href":"https:\/\/kulturbloggen.com\/index.php?rest_route=%2Fwp%2Fv2%2Fcomments&post=26454"}],"version-history":[{"count":0,"href":"https:\/\/kulturbloggen.com\/index.php?rest_route=\/wp\/v2\/posts\/26454\/revisions"}],"wp:attachment":[{"href":"https:\/\/kulturbloggen.com\/index.php?rest_route=%2Fwp%2Fv2%2Fmedia&parent=26454"}],"wp:term":[{"taxonomy":"category","embeddable":true,"href":"https:\/\/kulturbloggen.com\/index.php?rest_route=%2Fwp%2Fv2%2Fcategories&post=26454"},{"taxonomy":"post_tag","embeddable":true,"href":"https:\/\/kulturbloggen.com\/index.php?rest_route=%2Fwp%2Fv2%2Ftags&post=26454"}],"curies":[{"name":"wp","href":"https:\/\/api.w.org\/{rel}","templated":true}]}}