{"id":26203,"date":"2010-11-13T13:13:46","date_gmt":"2010-11-13T12:13:46","guid":{"rendered":"http:\/\/kulturbloggen.com\/?p=26203"},"modified":"2012-02-29T12:15:38","modified_gmt":"2012-02-29T11:15:38","slug":"blixtsnabbt-sandes-nyheten-varlden-runt-breaking-news-burmas-aung-san-suu-kyi-freed-from-house-arrest","status":"publish","type":"post","link":"https:\/\/kulturbloggen.com\/?p=26203","title":{"rendered":"Blixtsnabbt s\u00e4ndes nyheten v\u00e4rlden runt: Breaking News: Burma&#8217;s Aung San Suu Kyi freed from house arrest"},"content":{"rendered":"<p>Visst \u00e4r det sk\u00f6nt att det finns ett litet ljus i den m\u00f6rka v\u00e4rlden.<br \/>\nOppositionsledaren och frihetsk\u00e4mpen Aung San Suu Kyi har sl\u00e4ppts fr\u00e5n husarrresten i Burma.<\/p>\n<p>Jag fick beskedet via mail fr\u00e5n <a href=\"http:\/\/www.washingtonpost.com\/wp-dyn\/content\/article\/2010\/11\/13\/AR2010111300971.html?wpisrc=nl_natlalert\">Washington Post<\/a>:<\/p>\n<blockquote><p>Myanmar&#8217;s military government freed its archrival, democracy leader Aung San Suu Kyi, on Saturday after her latest term of detention expired. Several thousand jubilant supporters streamed to her residence<\/p><\/blockquote>\n<p>.<\/p>\n<p>Nyheten spred sig blixtsnabbt genom v\u00e4rldens medier. <a href=\"http:\/\/www.dn.se\/nyheter\/varlden\/aung-san-suu-kyi-har-slappts-fri-1.1207928\">Enligt DN var det Sky News som satte nyheten i rullning<\/a>:<\/p>\n<blockquote><p>Strax efter tolv svensk tid rapporterade Sky News reporter att Aung San Suu Kyi just setts vinka till tusentals anh\u00e4ngare utanf\u00f6r hennes hus. Oppositionella har tidigare inte till\u00e5tits att n\u00e4rma sig huset<\/p><\/blockquote>\n<p>.<\/p>\n<p>Det \u00e4r n\u00e4stan s\u00e5 jag inte kan fatta att det h\u00e4nt. I 20 \u00e5r har hon suttit i husarrest. Jag har sett och h\u00f6rt m\u00e4ngder av v\u00e4rldsartister kr\u00e4va att hon sl\u00e4pps, Bono och U2 p\u00e5 alla konserter jag sett med dem.<\/p>\n<p>Exakt vilka eftergifter hon f\u00e5tt g\u00f6ra f\u00f6r att bli sl\u00e4ppt \u00e4r v\u00e4l inte helt klart \u00e4n. Men jag l\u00e4ser i flera medier att hon n\u00e4r hon sl\u00e4ppts sagt:<br \/>\n<em>\u2013 Vi m\u00e5ste arbeta tillsammans, i enighet, f\u00f6r att uppn\u00e5 v\u00e5ra m\u00e5l.<\/em><\/p>\n<p>Relaterat: <a href=\"http:\/\/www.svd.se\/nyheter\/utrikes\/aung-san-suu-kyi-ar-fri_5666885.svd\">Svenska Dagbladet<\/a> och <a href=\"http:\/\/www.aftonbladet.se\/nyheter\/article8118735.ab\">Aftonbladet<\/a> och <a href=\"http:\/\/www.vg.no\/nyheter\/utenriks\/artikkel.php?artid=10011071\">Verdens Gang.<\/a><\/p>\n<p>L\u00e4s \u00e4ven andra bloggares \u00e5sikter om <a href=\"http:\/\/bloggar.se\/om\/Aung+San+Suu+Kyi\" rel=\"tag\">Aung San Suu Kyi<\/a>, <a href=\"http:\/\/bloggar.se\/om\/Burma\" rel=\"tag\">Burma<\/a>, <a href=\"http:\/\/bloggar.se\/om\/demokrati\" rel=\"tag\">demokrati<\/a>, <a href=\"http:\/\/bloggar.se\/om\/medier\" rel=\"tag\">medier<\/a><\/p>\n","protected":false},"excerpt":{"rendered":"<p>Visst \u00e4r det sk\u00f6nt att det finns ett litet ljus i den m\u00f6rka v\u00e4rlden. Oppositionsledaren och frihetsk\u00e4mpen Aung San Suu Kyi har sl\u00e4ppts fr\u00e5n husarrresten i Burma. Jag fick beskedet via mail fr\u00e5n Washington Post: Myanmar&#8217;s military government freed its archrival, democracy leader Aung San Suu Kyi, on Saturday after her latest term of detention [&hellip;]<\/p>\n","protected":false},"author":2,"featured_media":0,"comment_status":"open","ping_status":"open","sticky":false,"template":"","format":"standard","meta":{"_genesis_hide_title":false,"_genesis_hide_breadcrumbs":false,"_genesis_hide_singular_image":false,"_genesis_hide_footer_widgets":false,"_genesis_custom_body_class":"","_genesis_custom_post_class":"","_genesis_layout":"","footnotes":""},"categories":[62],"tags":[453,894,1214,3582],"class_list":{"0":"post-26203","1":"post","2":"type-post","3":"status-publish","4":"format-standard","6":"category-medie-och-kulturpolitik","7":"tag-aung-san-suu-kyi","8":"tag-burma","9":"tag-demokrati","10":"tag-medier","11":"entry"},"_links":{"self":[{"href":"https:\/\/kulturbloggen.com\/index.php?rest_route=\/wp\/v2\/posts\/26203","targetHints":{"allow":["GET"]}}],"collection":[{"href":"https:\/\/kulturbloggen.com\/index.php?rest_route=\/wp\/v2\/posts"}],"about":[{"href":"https:\/\/kulturbloggen.com\/index.php?rest_route=\/wp\/v2\/types\/post"}],"author":[{"embeddable":true,"href":"https:\/\/kulturbloggen.com\/index.php?rest_route=\/wp\/v2\/users\/2"}],"replies":[{"embeddable":true,"href":"https:\/\/kulturbloggen.com\/index.php?rest_route=%2Fwp%2Fv2%2Fcomments&post=26203"}],"version-history":[{"count":1,"href":"https:\/\/kulturbloggen.com\/index.php?rest_route=\/wp\/v2\/posts\/26203\/revisions"}],"predecessor-version":[{"id":49760,"href":"https:\/\/kulturbloggen.com\/index.php?rest_route=\/wp\/v2\/posts\/26203\/revisions\/49760"}],"wp:attachment":[{"href":"https:\/\/kulturbloggen.com\/index.php?rest_route=%2Fwp%2Fv2%2Fmedia&parent=26203"}],"wp:term":[{"taxonomy":"category","embeddable":true,"href":"https:\/\/kulturbloggen.com\/index.php?rest_route=%2Fwp%2Fv2%2Fcategories&post=26203"},{"taxonomy":"post_tag","embeddable":true,"href":"https:\/\/kulturbloggen.com\/index.php?rest_route=%2Fwp%2Fv2%2Ftags&post=26203"}],"curies":[{"name":"wp","href":"https:\/\/api.w.org\/{rel}","templated":true}]}}