{"id":26164,"date":"2010-11-11T11:37:05","date_gmt":"2010-11-11T10:37:05","guid":{"rendered":"http:\/\/kulturbloggen.com\/?p=26164"},"modified":"2010-11-11T11:37:05","modified_gmt":"2010-11-11T10:37:05","slug":"hogerregeringen-redo-att-ta-ytterligare-ett-steg-mot-overvakningssamhallet","status":"publish","type":"post","link":"https:\/\/kulturbloggen.com\/?p=26164","title":{"rendered":"H\u00f6gerregeringen redo att ta ytterligare ett steg mot \u00f6vervakningssamh\u00e4llet"},"content":{"rendered":"<p>Minister Ask har idag p\u00e5 regeringens uppdrag presenterat ett f\u00f6rslag 0m lagring av trafikuppgifter. All v\u00e5r epost och alla v\u00e5ra SMS ska lagras i minst sex m\u00e5nader.<br \/>\n<a href=\"http:\/\/www.aftonbladet.se\/nyheter\/article8107378.ab\">Aftonbladet ber\u00e4ttar:<br \/>\n<\/a><br \/>\n<em>F\u00f6rslaget, som nu skickas till Lagr\u00e5det, \u00e4r t\u00e4nkt att tr\u00e4da i kraft 1 juli n\u00e4sta \u00e5r.<\/em><\/p>\n<p>Det \u00e4r ingen snack om saken: detta \u00e4r ytterligare ett steg mot ett \u00f6vervakningssamh\u00e4lle.<br \/>\nInget snack om saken, detta \u00e4r att kr\u00e4nka v\u00e5r integritet.<br \/>\nN\u00e4r kommer beslut att kolla all v\u00e5r vanliga post?<\/p>\n<p>Nej, jag tror inte att beslut om att \u00f6vervaka den vanliga posten kommer n\u00e4sta vecka. Men vad \u00e4r skillnaden p\u00e5 att vi kan skicka meddelanden med mobiltelefon och med epost? Att hota med terrorister och grova brottslingar \u00e4r att blanda bort korten. Inte minskar brottslighet f\u00f6r att v\u00e5r epost ska \u00f6vervakas. Snarare anv\u00e4nds resurser p\u00e5 fel s\u00e4tt.<\/p>\n<p>Kamp mot brottslighet sker inte mest effektivt genom att m\u00f6jligg\u00f6ra \u00f6vervakning av alla medborgare.<\/p>\n<p>F\u00f6rst inf\u00f6rde h\u00f6gerregeringen FRA-lagen och sedan ipredlagen och nu kommer denna variant av Datalagringsdirektivet. Som de svenska politikerna skyller ifr\u00e5n sig p\u00e5 EU f\u00f6r. Men vi borde st\u00e5 upp mot EU i denna fr\u00e5ga. Kraftfullt.<\/p>\n<p>All \u00f6vervakning kan och kommer att missbrukas. Det \u00e4r inte s\u00e5 att v\u00e4stv\u00e4rlden \u00e4r befriad fr\u00e5n politiska krafter som vill ha politik som gr\u00e4nsar till eller rent av \u00e4r diktatur.<\/p>\n<p>Mer om detta kommer att tas upp p\u00e5 Kulturbloggen, men nu m\u00e5ste rusa iv\u00e4g till andra uppdrag idag.<\/p>\n<p>Ett annat \u00f6vergrepp p\u00e5 Internet har ocks\u00e5 skett n\u00e4r en man f\u00e4llts f\u00f6r att ha l\u00e4nkat till webb-tv-tj\u00e4nster p\u00e5 Internet. <a href=\"http:\/\/rickfalkvinge.se\/2010\/11\/11\/lankning-blev-just-olagligt-eller-sa-gor-vi-nagot-at-saken\/\">Falkvinge ber\u00e4ttar mer.<\/a><\/p>\n<p>Tills vi hinner blogga mer om dessa tv\u00e5 \u00e4mnen: det finns en hel del om detta <a href=\"http:\/\/henrikalexandersson.blogspot.com\/2010\/11\/regeringen-rullar-ut-overvakningsstaten.html\">hos HAX<\/a> och <a href=\"http:\/\/www.annatroberg.com\/2010\/11\/11\/det-ar-i-lankarna-magin-hander\/\">Anna Troberg<\/a>.<\/p>\n<p>L\u00e4s \u00e4ven andra bloggares \u00e5sikter om <a href=\"http:\/\/bloggar.se\/om\/datalagringsdirektivet\" rel=\"tag\">datalagringsdirektivet<\/a>, <a href=\"http:\/\/bloggar.se\/om\/integritet\" rel=\"tag\">integritet<\/a>, <a href=\"http:\/\/bloggar.se\/om\/storebrorssamh%E4llet\" rel=\"tag\">storebrorssamh\u00e4llet<\/a>, <a href=\"http:\/\/bloggar.se\/om\/l%E4nkar\" rel=\"tag\">l\u00e4nkar<\/a>, <a href=\"http:\/\/bloggar.se\/om\/webb-tv\" rel=\"tag\">webb-tv<\/a>, <a href=\"http:\/\/bloggar.se\/om\/juridik\" rel=\"tag\">juridik<\/a><\/p>\n","protected":false},"excerpt":{"rendered":"<p>Minister Ask har idag p\u00e5 regeringens uppdrag presenterat ett f\u00f6rslag 0m lagring av trafikuppgifter. All v\u00e5r epost och alla v\u00e5ra SMS ska lagras i minst sex m\u00e5nader. Aftonbladet ber\u00e4ttar: F\u00f6rslaget, som nu skickas till Lagr\u00e5det, \u00e4r t\u00e4nkt att tr\u00e4da i kraft 1 juli n\u00e4sta \u00e5r. Det \u00e4r ingen snack om saken: detta \u00e4r ytterligare ett [&hellip;]<\/p>\n","protected":false},"author":2,"featured_media":0,"comment_status":"open","ping_status":"open","sticky":false,"template":"","format":"standard","meta":{"_genesis_hide_title":false,"_genesis_hide_breadcrumbs":false,"_genesis_hide_singular_image":false,"_genesis_hide_footer_widgets":false,"_genesis_custom_body_class":"","_genesis_custom_post_class":"","_genesis_layout":"","footnotes":""},"categories":[44,62],"tags":[1146,2502,2811,3402,5434,6364],"class_list":["post-26164","post","type-post","status-publish","format-standard","category-chadie","category-medie-och-kulturpolitik","tag-datalagringsdirektivet","tag-integritet","tag-juridik","tag-lankar","tag-storebrorssamhallet","tag-webb-tv","entry"],"_links":{"self":[{"href":"https:\/\/kulturbloggen.com\/index.php?rest_route=\/wp\/v2\/posts\/26164","targetHints":{"allow":["GET"]}}],"collection":[{"href":"https:\/\/kulturbloggen.com\/index.php?rest_route=\/wp\/v2\/posts"}],"about":[{"href":"https:\/\/kulturbloggen.com\/index.php?rest_route=\/wp\/v2\/types\/post"}],"author":[{"embeddable":true,"href":"https:\/\/kulturbloggen.com\/index.php?rest_route=\/wp\/v2\/users\/2"}],"replies":[{"embeddable":true,"href":"https:\/\/kulturbloggen.com\/index.php?rest_route=%2Fwp%2Fv2%2Fcomments&post=26164"}],"version-history":[{"count":0,"href":"https:\/\/kulturbloggen.com\/index.php?rest_route=\/wp\/v2\/posts\/26164\/revisions"}],"wp:attachment":[{"href":"https:\/\/kulturbloggen.com\/index.php?rest_route=%2Fwp%2Fv2%2Fmedia&parent=26164"}],"wp:term":[{"taxonomy":"category","embeddable":true,"href":"https:\/\/kulturbloggen.com\/index.php?rest_route=%2Fwp%2Fv2%2Fcategories&post=26164"},{"taxonomy":"post_tag","embeddable":true,"href":"https:\/\/kulturbloggen.com\/index.php?rest_route=%2Fwp%2Fv2%2Ftags&post=26164"}],"curies":[{"name":"wp","href":"https:\/\/api.w.org\/{rel}","templated":true}]}}