{"id":26041,"date":"2010-11-09T02:05:02","date_gmt":"2010-11-09T01:05:02","guid":{"rendered":"http:\/\/kulturbloggen.com\/?p=26041"},"modified":"2010-11-09T02:05:02","modified_gmt":"2010-11-09T01:05:02","slug":"bilder-fran-cornelisfilmens-galavisning-pa-saga","status":"publish","type":"post","link":"https:\/\/kulturbloggen.com\/?p=26041","title":{"rendered":"Bilder fr\u00e5n Cornelisfilmens galavisning p\u00e5 Saga"},"content":{"rendered":"<p>S\u00e5 \u00e4r det dags att rulla ut den r\u00f6da mattan f\u00f6r filmen  om Cornelis Vreeswijk. Den senaste tiden har hypen varit stor kring denna film. Kulturbloggen var d\u00e4r ig\u00e5r kv\u00e4ll i foaj\u00e9n till premi\u00e4rbiografen <a href=\"http:\/\/sv.wikipedia.org\/wiki\/Saga_%28biograf,_Stockholm%29\" target=\"_blank\">Saga<\/a>, invig 1937 f\u00f6r \u00f6vrigt och f\u00f6revigade artister, konstn\u00e4rer, sk\u00e5despelare, musiker, k\u00e4nda och och f\u00f6r Kulturbloggen ok\u00e4nda k\u00e4ndisar.<\/p>\n<p><img loading=\"lazy\" decoding=\"async\" src=\"http:\/\/kulturbloggen.com\/wp-content\/uploads\/2010\/11\/101108_Cornelis8300-300x242.jpg\" alt=\"Hans-Erik Dyvik Husby. Foto: \u00a9 Anders L\u00f6wdin\" title=\"Hans-Erik Dyvik Husby. Foto: \u00a9 Anders L\u00f6wdin\" width=\"300\" height=\"242\" class=\"alignnone size-medium wp-image-26055\" \/>Hans-Erik Dyvik Husby<\/p>\n<p><img loading=\"lazy\" decoding=\"async\" src=\"http:\/\/kulturbloggen.com\/wp-content\/uploads\/2010\/11\/101108_Cornelis8320-300x199.jpg\" alt=\"Hans-Erik Dyvik Husby. Foto: \u00a9 Anders L\u00f6wdin\" title=\"Hans-Erik Dyvik Husby. Foto: \u00a9 Anders L\u00f6wdin\"  width=\"300\" height=\"199\" class=\"alignnone size-medium wp-image-26056\" \/>Hans-Erik Dyvik Husby<\/p>\n<p><img loading=\"lazy\" decoding=\"async\" src=\"http:\/\/kulturbloggen.com\/wp-content\/uploads\/2010\/11\/101108_Cornelis8259-300x205.jpg\" alt=\"\" title=\"101108_Cornelis8259\" width=\"300\" height=\"205\" class=\"alignnone size-medium wp-image-26070\" \/>Amir Chamdin<\/p>\n<p><img loading=\"lazy\" decoding=\"async\" src=\"http:\/\/kulturbloggen.com\/wp-content\/uploads\/2010\/11\/101108_Cornelis8286-300x199.jpg\" alt=\"\" title=\"101108_Cornelis8286\" width=\"300\" height=\"199\" class=\"alignnone size-medium wp-image-26054\" \/>Jack Vreeswijk<\/p>\n<p><img loading=\"lazy\" decoding=\"async\" src=\"http:\/\/kulturbloggen.com\/wp-content\/uploads\/2010\/11\/101108_Cornelis8277-300x237.jpg\" alt=\"\" title=\"101108_Cornelis8277\" width=\"300\" height=\"237\" class=\"alignnone size-medium wp-image-26053\" \/>Jack Vreeswijk med familj.<\/p>\n<p><img loading=\"lazy\" decoding=\"async\" src=\"http:\/\/kulturbloggen.com\/wp-content\/uploads\/2010\/11\/101108_Cornelis8268-300x199.jpg\" alt=\"\" title=\"101108_Cornelis8268\" width=\"300\" height=\"199\" class=\"alignnone size-medium wp-image-26071\" \/>Malin Cr\u00e9pin<\/p>\n<p><img loading=\"lazy\" decoding=\"async\" src=\"http:\/\/kulturbloggen.com\/wp-content\/uploads\/2010\/11\/101108_Cornelis8227-300x219.jpg\" alt=\"\" title=\"101108_Cornelis8227\" width=\"300\" height=\"219\" class=\"alignnone size-medium wp-image-26069\" \/>Malin Cr\u00e9pin<\/p>\n<p><img loading=\"lazy\" decoding=\"async\" src=\"http:\/\/kulturbloggen.com\/wp-content\/uploads\/2010\/11\/101108_Cornelis8166-199x300.jpg\" alt=\"\" title=\"101108_Cornelis8166\" width=\"199\" height=\"300\" class=\"alignnone size-medium wp-image-26063\" \/>David Dencik<\/p>\n<p><img loading=\"lazy\" decoding=\"async\" src=\"http:\/\/kulturbloggen.com\/wp-content\/uploads\/2010\/11\/101108_Cornelis8149-300x221.jpg\" alt=\"\" title=\"101108_Cornelis8149\" width=\"300\" height=\"221\" class=\"alignnone size-medium wp-image-26061\" \/>Lisa Ekdahl<\/p>\n<p><img loading=\"lazy\" decoding=\"async\" src=\"http:\/\/kulturbloggen.com\/wp-content\/uploads\/2010\/11\/101108_Cornelis8204-296x300.jpg\" alt=\"\" title=\"101108_Cornelis8204\" width=\"296\" height=\"300\" class=\"alignnone size-medium wp-image-26068\" \/>Lia Boysen<\/p>\n<p><img loading=\"lazy\" decoding=\"async\" src=\"http:\/\/kulturbloggen.com\/wp-content\/uploads\/2010\/11\/101108_Cornelis8189-300x277.jpg\" alt=\"\" title=\"101108_Cornelis8189\" width=\"300\" height=\"277\" class=\"alignnone size-medium wp-image-26067\" \/>Dregen och Pernilla Andersson<\/p>\n<p><img loading=\"lazy\" decoding=\"async\" src=\"http:\/\/kulturbloggen.com\/wp-content\/uploads\/2010\/11\/101108_Cornelis8183-300x208.jpg\" alt=\"\" title=\"101108_Cornelis8183\" width=\"300\" height=\"208\" class=\"alignnone size-medium wp-image-26066\" \/>Dogge Doggelito<\/p>\n<p><img loading=\"lazy\" decoding=\"async\" src=\"http:\/\/kulturbloggen.com\/wp-content\/uploads\/2010\/11\/101108_Cornelis8140-279x300.jpg\" alt=\"\" title=\"101108_Cornelis8140\" width=\"279\" height=\"300\" class=\"alignnone size-medium wp-image-26060\" \/>Tova Magnusson<\/p>\n<p><img loading=\"lazy\" decoding=\"async\" src=\"http:\/\/kulturbloggen.com\/wp-content\/uploads\/2010\/11\/101108_Cornelis8159-276x300.jpg\" alt=\"\" title=\"101108_Cornelis8159\" width=\"276\" height=\"300\" class=\"alignnone size-medium wp-image-26062\" \/>Birgitta Ohlsson<\/p>\n<p><img loading=\"lazy\" decoding=\"async\" src=\"http:\/\/kulturbloggen.com\/wp-content\/uploads\/2010\/11\/101108_Cornelis8118-234x300.jpg\" alt=\"\" title=\"101108_Cornelis8118\" width=\"234\" height=\"300\" class=\"alignnone size-medium wp-image-26059\" \/>Kjell Sundvall<\/p>\n<p><img loading=\"lazy\" decoding=\"async\" src=\"http:\/\/kulturbloggen.com\/wp-content\/uploads\/2010\/11\/101108_Cornelis8112-260x300.jpg\" alt=\"\" title=\"101108_Cornelis8112\" width=\"260\" height=\"300\" class=\"alignnone size-medium wp-image-26058\" \/>Bj\u00f6rn Rosengren<\/p>\n<p><img loading=\"lazy\" decoding=\"async\" src=\"http:\/\/kulturbloggen.com\/wp-content\/uploads\/2010\/11\/101108_Cornelis8169-300x199.jpg\" alt=\"\" title=\"101108_Cornelis8169\" width=\"300\" height=\"199\" class=\"alignnone size-medium wp-image-26064\" \/><\/p>\n<p><img loading=\"lazy\" decoding=\"async\" src=\"http:\/\/kulturbloggen.com\/wp-content\/uploads\/2010\/11\/DSC8325-300x209.jpg\" alt=\"Hans-Erik Dyvik Husby. Foto: \u00a9 Anders L\u00f6wdin\" title=\"Hans-Erik Dyvik Husby. Foto: \u00a9 Anders L\u00f6wdin\"  width=\"300\" height=\"209\" class=\"alignnone size-medium wp-image-26057\" \/>Hans-Erik Dyvik Husby vinkar &#8230;.<\/p>\n<p>Samtliga bilder: <a href=\"http:\/\/www.flickr.com\/photos\/anderslowdin\/collections\/72157608072783176\/\" target=\"_blank\"> \u00a9 Anders L\u00f6wdin<\/a>.<\/p>\n<p>Kulturbloggen skrev uppskattande recension av Cornelis filmen. Den <a href=\"http:\/\/kulturbloggen.com\/?p=25653\">hittar ni h\u00e4r<\/a>. H\u00e4r <a href=\"http:\/\/kulturbloggen.com\/?p=25883\">recencerar vi Soundtracket<\/a> till Cornelis.<\/p>\n<p>Filmen regiserades av <strong>Amir Chamdin<\/strong>.<br \/>\nManuset \u00e4r skrivet av <strong>Antonia Pyk<\/strong>.<\/p>\n<p>Sk\u00e5despelare:<br \/>\n<strong>Hans-Erik Dyvik Husby<\/strong> &#8211; Hank von Helvete, eller Hank von Hell, <a href=\"http:\/\/www.turbonegro.com\/\" target=\"_blank\">Turbonegro<\/a><br \/>\n<strong>Malin Cr\u00e9pin<\/strong><br \/>\n<strong>Helena af Sandeberg<\/strong><br \/>\n<strong>David Dencik<\/strong><br \/>\n<strong>Johan Glans<\/strong><br \/>\n<strong>Vera Vitali<\/strong><\/p>\n<p><a href=\"http:\/\/www.cornelisvreeswijk.se\/\">Webbplatsen om Cornelis Vreeswijk<\/a>. <a href=\"http:\/\/jackvreeswijk.se\/\">Jack Vreeswijk webbplats<\/a>.<\/p>\n<p>L\u00e4s \u00e4ven andra bloggares \u00e5sikter om <a href=\"http:\/\/bloggar.se\/om\/Cornelis+Vreeswijk\" rel=\"tag\">Cornelis Vreeswijk<\/a>, <a href=\"http:\/\/bloggar.se\/om\/filmen+om+Cornelis+Vreeswijk\" rel=\"tag\">filmen om Cornelis Vreeswijk<\/a>, <a href=\"http:\/\/bloggar.se\/om\/Hans-Erik+Dyvik+Husby\" rel=\"tag\">Hans-Erik Dyvik Husby<\/a>, <a href=\"http:\/\/bloggar.se\/om\/Hank+von+Hell\" rel=\"tag\">Hank von Hell<\/a>, <a href=\"http:\/\/bloggar.se\/om\/David+Dencik\" rel=\"tag\">David Dencik<\/a>, <a href=\"http:\/\/bloggar.se\/om\/Helena+af+Sandeberg\" rel=\"tag\">Helena af Sandeberg<\/a>, <a href=\"http:\/\/bloggar.se\/om\/film\" rel=\"tag\">film<\/a>, <a href=\"http:\/\/bloggar.se\/om\/premi%E4rer\" rel=\"tag\">premi\u00e4rer<\/a>.<\/p>\n","protected":false},"excerpt":{"rendered":"<p>S\u00e5 \u00e4r det dags att rulla ut den r\u00f6da mattan f\u00f6r filmen om Cornelis Vreeswijk. Den senaste tiden har hypen varit stor kring denna film. Kulturbloggen var d\u00e4r ig\u00e5r kv\u00e4ll i foaj\u00e9n till premi\u00e4rbiografen Saga, invig 1937 f\u00f6r \u00f6vrigt och f\u00f6revigade artister, konstn\u00e4rer, sk\u00e5despelare, musiker, k\u00e4nda och och f\u00f6r Kulturbloggen ok\u00e4nda k\u00e4ndisar. Hans-Erik Dyvik Husby [&hellip;]<\/p>\n","protected":false},"author":13,"featured_media":0,"comment_status":"open","ping_status":"open","sticky":false,"template":"","format":"standard","meta":{"_genesis_hide_title":false,"_genesis_hide_breadcrumbs":false,"_genesis_hide_singular_image":false,"_genesis_hide_footer_widgets":false,"_genesis_custom_body_class":"","_genesis_custom_post_class":"","_genesis_layout":"","footnotes":""},"categories":[50],"tags":[1058,1159,1722,2197,2206,2239,4477,12286],"class_list":{"0":"post-26041","1":"post","2":"type-post","3":"status-publish","4":"format-standard","6":"category-filmfilm","7":"tag-cornelis-vreeswijk","8":"tag-david-dencik","9":"tag-filmen-om-cornelis-vreeswijk","10":"tag-hank-von-hell","11":"tag-hans-erik-dyvik-husby","12":"tag-helena-af-sandeberg","13":"tag-premiarer","14":"tag-film","15":"entry"},"_links":{"self":[{"href":"https:\/\/kulturbloggen.com\/index.php?rest_route=\/wp\/v2\/posts\/26041","targetHints":{"allow":["GET"]}}],"collection":[{"href":"https:\/\/kulturbloggen.com\/index.php?rest_route=\/wp\/v2\/posts"}],"about":[{"href":"https:\/\/kulturbloggen.com\/index.php?rest_route=\/wp\/v2\/types\/post"}],"author":[{"embeddable":true,"href":"https:\/\/kulturbloggen.com\/index.php?rest_route=\/wp\/v2\/users\/13"}],"replies":[{"embeddable":true,"href":"https:\/\/kulturbloggen.com\/index.php?rest_route=%2Fwp%2Fv2%2Fcomments&post=26041"}],"version-history":[{"count":0,"href":"https:\/\/kulturbloggen.com\/index.php?rest_route=\/wp\/v2\/posts\/26041\/revisions"}],"wp:attachment":[{"href":"https:\/\/kulturbloggen.com\/index.php?rest_route=%2Fwp%2Fv2%2Fmedia&parent=26041"}],"wp:term":[{"taxonomy":"category","embeddable":true,"href":"https:\/\/kulturbloggen.com\/index.php?rest_route=%2Fwp%2Fv2%2Fcategories&post=26041"},{"taxonomy":"post_tag","embeddable":true,"href":"https:\/\/kulturbloggen.com\/index.php?rest_route=%2Fwp%2Fv2%2Ftags&post=26041"}],"curies":[{"name":"wp","href":"https:\/\/api.w.org\/{rel}","templated":true}]}}