{"id":25821,"date":"2010-11-02T23:13:27","date_gmt":"2010-11-02T22:13:27","guid":{"rendered":"http:\/\/kulturbloggen.com\/?p=25821"},"modified":"2010-11-02T23:13:27","modified_gmt":"2010-11-02T22:13:27","slug":"uppdrag-granskning-fick-tva-nomineringar-till-stora-journalistpriset","status":"publish","type":"post","link":"https:\/\/kulturbloggen.com\/?p=25821","title":{"rendered":"Uppdrag granskning fick tv\u00e5 nomineringar till Stora Journalistpriset"},"content":{"rendered":"<p><a href=\"http:\/\/kulturbloggen.com\/wp-content\/uploads\/2010\/11\/denandravaldtakten.jpg\"><img loading=\"lazy\" decoding=\"async\" src=\"http:\/\/kulturbloggen.com\/wp-content\/uploads\/2010\/11\/denandravaldtakten-300x194.jpg\" alt=\"\" title=\"denandravaldtakten\" width=\"300\" height=\"194\" class=\"aligncenter size-medium wp-image-25825\" \/><\/a><\/p>\n<p>Minns ni det hemska reportaget i Uppdrag Granskning om ton\u00e5rsflickan som blev v\u00e5ldtagen och utfryst av hela bygden som st\u00e4llde upp p\u00e5 pojken som v\u00e5ldtog henne. Pojken v\u00e5ldtog sedan \u00e4nnu en ung flicka.<\/p>\n<p>Programmet med namnet <a href=\"http:\/\/svt.se\/svt\/jsp\/Crosslink.jsp?d=129669\">Den andra v\u00e5ldt\u00e4kten<\/a> har nominerats till Stora Journalistpriset f\u00f6r \u00e5rets avsl\u00f6jande. D\u00e4rmed konkurrerar reportrarna Nicke Nordmark och Hasse Johansson p\u00e5 Uppdrag gransknings Lule\u00e5-redaktion med arbetskamrater p\u00e5 samma program.<br \/>\nUppdrag Granskning har f\u00e5tt tv\u00e5 nomineringar av tre m\u00f6jliga i den kategorin.<\/p>\n<p>Den andra granskningen som kan ta hem &#8221;\u00c5rets avsl\u00f6jande&#8221; \u00e4r Janne Josefssons och Nils Hansons uppm\u00e4rksammade reportage om <a href=\"http:\/\/svt.se\/svt\/jsp\/Crosslink.jsp?d=139385\">muth\u00e4rvan i G\u00f6teborg<\/a>.<\/p>\n<p>Lena Sundstr\u00f6m som skrivit boken V\u00e4rldens lyckligaste folk (<a href=\"http:\/\/kulturbloggen.com\/?p=25806\">som Kulturbloggen recenserade h\u00e4r<\/a>) \u00e4r nominerade i kategorin &#8221;\u00c5rets f\u00f6rnyare&#8221; f\u00f6r programmet &#8221;Dom kallas rasister&#8221; som s\u00e4ndes i TV4.<\/p>\n<p>Fallet med Den andra v\u00e5ldt\u00e4kten blev oerh\u00f6rt uppm\u00e4rksammat i bloggv\u00e4rlden och jag tror att det \u00e4r ett bra exempel p\u00e5 n\u00e4r medier i samverkan kan n\u00e5got hj\u00e4lpa en m\u00e4nniska som blev s\u00e5 utsatt och illa behandlad, att det g\u00f6r ont att t\u00e4nka p\u00e5 det. Det g\u00e5r f\u00f6rst\u00e5s inte att reparera det som h\u00e4nt, men den stora st\u00f6d hon f\u00e5tt nu m\u00e5ste \u00e4nd\u00e5 ge hj\u00e4lp i l\u00e4kningsprocessen. Hur kan en ung kvinna \u00e5terf\u00e5 tron p\u00e5 m\u00e4nskligheten efter att ha svikits s\u00e5 av vuxenv\u00e4rlden?<\/p>\n<p><a href=\"http:\/\/www.storajournalistpriset.se\/\">P\u00e5 Stora Journalistprisets sajt kan du l\u00e4sa om alla nominerade.<\/a><\/p>\n<p>Mer om nomineringarna i <a href=\"http:\/\/www.dagensmedia.se\/nyheter\/print\/article2500935.ece\">Dagens Media<\/a> och i Resum\u00e9 och <a href=\"http:\/\/svt.se\/2.102271\/1.2220316\/dubbla_nomineringar_till_stora_journalistpriset_2010?lid=puff_2220374&#038;lpos=rubrik\">hos SVT<\/a>.<\/p>\n<p>L\u00e4s \u00e4ven andra bloggares \u00e5sikter om <a href=\"http:\/\/bloggar.se\/om\/Uppdrag+Granskning\" rel=\"tag\">Uppdrag Granskning<\/a>, <a href=\"http:\/\/bloggar.se\/om\/journalistik\" rel=\"tag\">journalistik<\/a>, <a href=\"http:\/\/bloggar.se\/om\/Stora+Journalistpriset\" rel=\"tag\">Stora Journalistpriset<\/a><\/p>\n","protected":false},"excerpt":{"rendered":"<p>Minns ni det hemska reportaget i Uppdrag Granskning om ton\u00e5rsflickan som blev v\u00e5ldtagen och utfryst av hela bygden som st\u00e4llde upp p\u00e5 pojken som v\u00e5ldtog henne. Pojken v\u00e5ldtog sedan \u00e4nnu en ung flicka. Programmet med namnet Den andra v\u00e5ldt\u00e4kten har nominerats till Stora Journalistpriset f\u00f6r \u00e5rets avsl\u00f6jande. D\u00e4rmed konkurrerar reportrarna Nicke Nordmark och Hasse Johansson [&hellip;]<\/p>\n","protected":false},"author":2,"featured_media":0,"comment_status":"open","ping_status":"open","sticky":false,"template":"","format":"standard","meta":{"_genesis_hide_title":false,"_genesis_hide_breadcrumbs":false,"_genesis_hide_singular_image":false,"_genesis_hide_footer_widgets":false,"_genesis_custom_body_class":"","_genesis_custom_post_class":"","_genesis_layout":"","footnotes":""},"categories":[62],"tags":[2765,5426,6111],"class_list":{"0":"post-25821","1":"post","2":"type-post","3":"status-publish","4":"format-standard","6":"category-medie-och-kulturpolitik","7":"tag-journalistik","8":"tag-stora-journalistpriset","9":"tag-uppdrag-granskning","10":"entry"},"_links":{"self":[{"href":"https:\/\/kulturbloggen.com\/index.php?rest_route=\/wp\/v2\/posts\/25821","targetHints":{"allow":["GET"]}}],"collection":[{"href":"https:\/\/kulturbloggen.com\/index.php?rest_route=\/wp\/v2\/posts"}],"about":[{"href":"https:\/\/kulturbloggen.com\/index.php?rest_route=\/wp\/v2\/types\/post"}],"author":[{"embeddable":true,"href":"https:\/\/kulturbloggen.com\/index.php?rest_route=\/wp\/v2\/users\/2"}],"replies":[{"embeddable":true,"href":"https:\/\/kulturbloggen.com\/index.php?rest_route=%2Fwp%2Fv2%2Fcomments&post=25821"}],"version-history":[{"count":0,"href":"https:\/\/kulturbloggen.com\/index.php?rest_route=\/wp\/v2\/posts\/25821\/revisions"}],"wp:attachment":[{"href":"https:\/\/kulturbloggen.com\/index.php?rest_route=%2Fwp%2Fv2%2Fmedia&parent=25821"}],"wp:term":[{"taxonomy":"category","embeddable":true,"href":"https:\/\/kulturbloggen.com\/index.php?rest_route=%2Fwp%2Fv2%2Fcategories&post=25821"},{"taxonomy":"post_tag","embeddable":true,"href":"https:\/\/kulturbloggen.com\/index.php?rest_route=%2Fwp%2Fv2%2Ftags&post=25821"}],"curies":[{"name":"wp","href":"https:\/\/api.w.org\/{rel}","templated":true}]}}