{"id":25731,"date":"2010-11-01T01:45:09","date_gmt":"2010-10-31T23:45:09","guid":{"rendered":"http:\/\/kulturbloggen.com\/?p=25731"},"modified":"2010-11-01T01:45:09","modified_gmt":"2010-10-31T23:45:09","slug":"tvn-slar-inte-datorn-pa-internet-annu-i-alla-fall","status":"publish","type":"post","link":"https:\/\/kulturbloggen.com\/?p=25731","title":{"rendered":"TVn sl\u00e5r inte datorn p\u00e5 internet &#8211; \u00e4nnu i alla fall"},"content":{"rendered":"<p><a href=\"http:\/\/kulturbloggen.com\/wp-content\/uploads\/2010\/10\/google_tv.jpg\"><img loading=\"lazy\" decoding=\"async\" class=\"aligncenter size-medium wp-image-25130\" title=\"google_tv\" src=\"http:\/\/kulturbloggen.com\/wp-content\/uploads\/2010\/10\/google_tv-300x185.jpg\" alt=\"\" width=\"300\" height=\"185\" \/><\/a><\/p>\n<p>Internet i TVn \u00e4r en trend som b\u00f6rjar komma. Men, av n\u00e5gon anledning verkar ingen sattsa helhj\u00e4rtat p\u00e5 internetj\u00e4nster specialgjorda f\u00f6r TV.<\/p>\n<p>Jag tycker\u00a0 film-, media-, och informationstj\u00e4nster \u00f6ver internet \u00e4r givna f\u00f6r TVn men de l\u00e5ter v\u00e4nta p\u00e5 sig. IDG har f\u00f6rs\u00f6kt g\u00f6ra en kartl\u00e4ggning \u00f6ver <a href=\"http:\/\/www.idg.se\/2.1085\/1.349435\/stort-test-av-internettjanster-i-tvn?utm_source=feedburner&amp;utm_medium=feed&amp;utm_campaign=Feed%3A+idg%2Fvzzs+%28IDG.se%3A+Hetaste+IT-nyheterna+fr%C3%A5n+IDG.se%29&amp;utm_content=Google+Reader\">bra TV tj\u00e4nster \u00f6ver internet men hittar inga<\/a>.<\/p>\n<p>Internet kanske h\u00e5ller p\u00e5 att konkurrera ut TV, vad vet jag. S\u00e5 \u00e4r det i alla fall hemma hos mig. Det finns inte l\u00e4ngre utrymme f\u00f6r b\u00e5da delarna i mitt liv och internet ger s\u00e5 mycket mer. Framtidens TV kommer att vara betydligt mer interaktiv \u00e4n idag. Datorn ger s\u00e5 mycket mer. M\u00e5nga tar ju steget och kopplar datorn till TVn och d\u00e5 kr\u00e4vs ju att TV utbudet blir minst lika anv\u00e4ndbart som det vi redan f\u00e5r via internet.<\/p>\n<p>Att det ser lite halvtaskigt ut nu betyder inte s\u00e5 mycket. F\u00f6rr eller senare kommer via att f\u00e5 bra internetTV men den \u00e4r inte h\u00e4r riktigt \u00e4n.<\/p>\n<p><a href=\"http:\/\/intressant.se\/intressant\">Intressant?<\/a> L\u00e4s \u00e4ven andra bloggares \u00e5sikter om <a href=\"http:\/\/bloggar.se\/om\/Ineternet\" rel=\"tag\">Ineternet<\/a>, <a href=\"http:\/\/bloggar.se\/om\/TV\" rel=\"tag\">TV<\/a>, <a href=\"http:\/\/bloggar.se\/om\/media\" rel=\"tag\">media<\/a>, <a href=\"http:\/\/bloggar.se\/om\/information\" rel=\"tag\">information<\/a><\/p>\n","protected":false},"excerpt":{"rendered":"<p>Internet i TVn \u00e4r en trend som b\u00f6rjar komma. Men, av n\u00e5gon anledning verkar ingen sattsa helhj\u00e4rtat p\u00e5 internetj\u00e4nster specialgjorda f\u00f6r TV. Jag tycker\u00a0 film-, media-, och informationstj\u00e4nster \u00f6ver internet \u00e4r givna f\u00f6r TVn men de l\u00e5ter v\u00e4nta p\u00e5 sig. IDG har f\u00f6rs\u00f6kt g\u00f6ra en kartl\u00e4ggning \u00f6ver bra TV tj\u00e4nster \u00f6ver internet men hittar inga. [&hellip;]<\/p>\n","protected":false},"author":13,"featured_media":0,"comment_status":"open","ping_status":"open","sticky":false,"template":"","format":"standard","meta":{"_genesis_hide_title":false,"_genesis_hide_breadcrumbs":false,"_genesis_hide_singular_image":false,"_genesis_hide_footer_widgets":false,"_genesis_custom_body_class":"","_genesis_custom_post_class":"","_genesis_layout":"","footnotes":""},"categories":[20],"tags":[2477,2480,3571,6012],"class_list":{"0":"post-25731","1":"post","2":"type-post","3":"status-publish","4":"format-standard","6":"category-film","7":"tag-ineternet","8":"tag-information","9":"tag-media","10":"tag-tv","11":"entry"},"_links":{"self":[{"href":"https:\/\/kulturbloggen.com\/index.php?rest_route=\/wp\/v2\/posts\/25731","targetHints":{"allow":["GET"]}}],"collection":[{"href":"https:\/\/kulturbloggen.com\/index.php?rest_route=\/wp\/v2\/posts"}],"about":[{"href":"https:\/\/kulturbloggen.com\/index.php?rest_route=\/wp\/v2\/types\/post"}],"author":[{"embeddable":true,"href":"https:\/\/kulturbloggen.com\/index.php?rest_route=\/wp\/v2\/users\/13"}],"replies":[{"embeddable":true,"href":"https:\/\/kulturbloggen.com\/index.php?rest_route=%2Fwp%2Fv2%2Fcomments&post=25731"}],"version-history":[{"count":0,"href":"https:\/\/kulturbloggen.com\/index.php?rest_route=\/wp\/v2\/posts\/25731\/revisions"}],"wp:attachment":[{"href":"https:\/\/kulturbloggen.com\/index.php?rest_route=%2Fwp%2Fv2%2Fmedia&parent=25731"}],"wp:term":[{"taxonomy":"category","embeddable":true,"href":"https:\/\/kulturbloggen.com\/index.php?rest_route=%2Fwp%2Fv2%2Fcategories&post=25731"},{"taxonomy":"post_tag","embeddable":true,"href":"https:\/\/kulturbloggen.com\/index.php?rest_route=%2Fwp%2Fv2%2Ftags&post=25731"}],"curies":[{"name":"wp","href":"https:\/\/api.w.org\/{rel}","templated":true}]}}