{"id":2556,"date":"2008-10-12T17:09:38","date_gmt":"2008-10-12T17:09:38","guid":{"rendered":"http:\/\/kulturbloggen.com\/?p=2556"},"modified":"2008-10-12T17:09:38","modified_gmt":"2008-10-12T17:09:38","slug":"massor-av-bloggare-redo-att-blogga-infor-kvallens-debatt","status":"publish","type":"post","link":"https:\/\/kulturbloggen.com\/?p=2556","title":{"rendered":"Massor av bloggare redo att blogga inf\u00f6r kv\u00e4llens debatt"},"content":{"rendered":"<p><a href=\"http:\/\/sodergren.com\/kulturbloggen\/wp-content\/uploads\/2008\/10\/morian125.jpg\"><img loading=\"lazy\" decoding=\"async\" src=\"http:\/\/sodergren.com\/kulturbloggen\/wp-content\/uploads\/2008\/10\/morian125.jpg\" alt=\"\" title=\"morian125\" width=\"125\" height=\"250\" class=\"alignright size-full wp-image-2558\" \/><\/a>Kulturbloggen sitter nu mitt emot <a href=\"http:\/\/promemorian.blogspot.com\/2008\/10\/spnt-infr-kvllens-debatt.html\">Jonas Morian som precis har bloggat och skrivit<\/a> under rubriken Sp\u00e4nt inf\u00f6r kv\u00e4llens debatt:<\/p>\n<blockquote><p>Det p\u00e5g\u00e5r f\u00f6reberedelser p\u00e5 flera h\u00e5ll inf\u00f6r kv\u00e4llens direkts\u00e4nda partiledardebatt p\u00e5 SVT:s Agenda. <a href=\"http:\/\/www.aftonbladet.se\/nyheter\/article3509033.ab\">Aftonbladet<\/a> sl\u00e5r upp det hela stort och konstaterar att det nu \u00e4r rond 1 i fajten mellan Mona Sahlin och Fredrik Reinfeldt.<\/p>\n<p>Tidningen presenterar ocks\u00e5 <a href=\"http:\/\/www.aftonbladet.se\/nyheter\/article3518984.ab\">en Sifounders\u00f6kning<\/a> som visar att bara tv\u00e5 av tio svenskar tror att Alliansen vinner n\u00e4sta val. Detta beskrivs helt korrekt som ett bottennapp f\u00f6r Reinfeldts regering. De svaga siffrorna syns \u00e4ven i de borgerliga leden. Med undantag av moderater tror de borgerliga v\u00e4ljarna att det blir en r\u00f6dgr\u00f6n valseger. F\u00f6rtroendet f\u00f6r regeringen \u00e4r extra l\u00e5gt hos yngre.<\/p><\/blockquote>\n<p>Ikv\u00e4ll m\u00f6ts Mona Sahlin och Fredrik Reinfeldt i en partiledardebatt. Den f\u00f6rsta av fyra under en vecka. Det \u00e4r som om valr\u00f6relserna redan startat.<\/p>\n<p>Och h\u00e4r har vi samlats en stort g\u00e4ng bloggare och ska se p\u00e5 debatten via en storbilds-tv och ska blogga direkt.<\/p>\n<p><a href=\"http:\/\/www.world-television.se\/projects\/socialdemokraterna\/2008\/webTV\/start.php\">Socialdemokraterna har riggat f\u00f6r direkts\u00e4nd tv<\/a>. Det \u00e4r f\u00f6rsta g\u00e5ngen i svensk historia som ett parti s\u00e4nder direkts\u00e4nd tv fr\u00e5n ett arrangemang p\u00e5 det \u00e4r s\u00e4ttet. Det \u00e4r sociala medier som mer och mer vinner terr\u00e4ng och anv\u00e4nds.<\/p>\n<p>Rond ett mellan Bl\u00e5tt och R\u00f6tt, kallar Aftonbladet kv\u00e4llens debatt. Rond 1 f\u00f6r sociala medier att ta f\u00f6r sig, nej f\u00f6rresten. Rond 1 i Sverige stod nog Magnus Ljungkvist f\u00f6r n\u00e4r han avsl\u00f6jade att den h\u00f6gerministern som inte ans\u00e5g sig ha r\u00e5d att betala sin barnflicka p\u00e5 annat s\u00e4tt \u00e4n med svarta pengar  var ganska f\u00f6rm\u00f6gen. Rond 2 f\u00f6r sociala medier mot gammelmedia var Bloggb\u00e4vningen. Nu kanske inf\u00f6r valr\u00f6relsen kan rond 3 ha startat.<\/p>\n<p><a href=\"http:\/\/arvidfalk.se\/2008\/10\/budgettaket-och-partiledardebatten\/\">Jag kommer att blogga h\u00e4r men ocks\u00e5 hos Arvid Falk.<\/a><\/p>\n<p><a href=\"http:\/\/krassman-inyourface.blogspot.com\/\">Krassman \u00e4r ocks\u00e5 h\u00e4r.<\/a><br \/>\n<a href=\"http:\/\/hbt-sossen.blogspot.com\/2008\/10\/vill-maud-olofsson-bara-vara.html\">HBT-sossen ocks\u00e5.<\/a><\/p>\n<p>Andra bloggar om: <a href=\"http:\/\/bloggar.se\/om\/debatt\" rel=\"tag\">debatt<\/a>, <a href=\"http:\/\/bloggar.se\/om\/sociala+medier\" rel=\"tag\">sociala medier<\/a>, <a href=\"http:\/\/bloggar.se\/om\/socialdemokraterna\" rel=\"tag\">socialdemokraterna<\/a>, <a href=\"http:\/\/bloggar.se\/om\/tv\" rel=\"tag\">tv<\/a>, <a href=\"http:\/\/bloggar.se\/om\/Agenda\" rel=\"tag\">Agenda<\/a>, <a href=\"http:\/\/bloggar.se\/om\/Mona+Sahlin\" rel=\"tag\">Mona Sahlin<\/a>, <a href=\"http:\/\/bloggar.se\/om\/Fredrik+Reinfeldt\" rel=\"tag\">Fredrik Reinfeldt<\/a><\/p>\n<p><a href=\"http:\/\/sodergren.com\/kulturbloggen\/wp-content\/uploads\/2008\/10\/jonasmorian260.jpg\"><img loading=\"lazy\" decoding=\"async\" src=\"http:\/\/sodergren.com\/kulturbloggen\/wp-content\/uploads\/2008\/10\/jonasmorian260.jpg\" alt=\"\" title=\"jonasmorian260\" width=\"260\" height=\"150\" class=\"alignright size-full wp-image-2560\" \/><\/a><\/p>\n","protected":false},"excerpt":{"rendered":"<p>Kulturbloggen sitter nu mitt emot Jonas Morian som precis har bloggat och skrivit under rubriken Sp\u00e4nt inf\u00f6r kv\u00e4llens debatt: Det p\u00e5g\u00e5r f\u00f6reberedelser p\u00e5 flera h\u00e5ll inf\u00f6r kv\u00e4llens direkts\u00e4nda partiledardebatt p\u00e5 SVT:s Agenda. Aftonbladet sl\u00e5r upp det hela stort och konstaterar att det nu \u00e4r rond 1 i fajten mellan Mona Sahlin och Fredrik Reinfeldt. Tidningen [&hellip;]<\/p>\n","protected":false},"author":2,"featured_media":0,"comment_status":"open","ping_status":"open","sticky":false,"template":"","format":"standard","meta":{"_genesis_hide_title":false,"_genesis_hide_breadcrumbs":false,"_genesis_hide_singular_image":false,"_genesis_hide_footer_widgets":false,"_genesis_custom_body_class":"","_genesis_custom_post_class":"","_genesis_layout":"","footnotes":""},"categories":[20],"tags":[1191,5225,5229],"class_list":{"0":"post-2556","1":"post","2":"type-post","3":"status-publish","4":"format-standard","6":"category-film","7":"tag-debatt","8":"tag-sociala-medier","9":"tag-socialdemokraterna","10":"entry"},"_links":{"self":[{"href":"https:\/\/kulturbloggen.com\/index.php?rest_route=\/wp\/v2\/posts\/2556","targetHints":{"allow":["GET"]}}],"collection":[{"href":"https:\/\/kulturbloggen.com\/index.php?rest_route=\/wp\/v2\/posts"}],"about":[{"href":"https:\/\/kulturbloggen.com\/index.php?rest_route=\/wp\/v2\/types\/post"}],"author":[{"embeddable":true,"href":"https:\/\/kulturbloggen.com\/index.php?rest_route=\/wp\/v2\/users\/2"}],"replies":[{"embeddable":true,"href":"https:\/\/kulturbloggen.com\/index.php?rest_route=%2Fwp%2Fv2%2Fcomments&post=2556"}],"version-history":[{"count":0,"href":"https:\/\/kulturbloggen.com\/index.php?rest_route=\/wp\/v2\/posts\/2556\/revisions"}],"wp:attachment":[{"href":"https:\/\/kulturbloggen.com\/index.php?rest_route=%2Fwp%2Fv2%2Fmedia&parent=2556"}],"wp:term":[{"taxonomy":"category","embeddable":true,"href":"https:\/\/kulturbloggen.com\/index.php?rest_route=%2Fwp%2Fv2%2Fcategories&post=2556"},{"taxonomy":"post_tag","embeddable":true,"href":"https:\/\/kulturbloggen.com\/index.php?rest_route=%2Fwp%2Fv2%2Ftags&post=2556"}],"curies":[{"name":"wp","href":"https:\/\/api.w.org\/{rel}","templated":true}]}}