{"id":25508,"date":"2010-10-25T23:45:11","date_gmt":"2010-10-25T21:45:11","guid":{"rendered":"http:\/\/kulturbloggen.com\/?p=25508"},"modified":"2010-10-25T23:45:11","modified_gmt":"2010-10-25T21:45:11","slug":"dn-satsar-pa-kvalitet-med-fordjupade-utrikesreportage","status":"publish","type":"post","link":"https:\/\/kulturbloggen.com\/?p=25508","title":{"rendered":"DN satsar p\u00e5 kvalitet med f\u00f6rdjupade utrikesreportage"},"content":{"rendered":"<p><a href=\"http:\/\/kulturbloggen.com\/wp-content\/uploads\/2010\/10\/dnutrikessatsning.jpg\"><img loading=\"lazy\" decoding=\"async\" src=\"http:\/\/kulturbloggen.com\/wp-content\/uploads\/2010\/10\/dnutrikessatsning-300x237.jpg\" alt=\"\" title=\"dnutrikessatsning\" width=\"300\" height=\"237\" class=\"aligncenter size-medium wp-image-25509\" \/><\/a><br \/>\nIndiska Arkonos h\u00e5r sitter snart p\u00e5 en kvinna i v\u00e4stv\u00e4rlden. Som ett religi\u00f6st offer l\u00e5ter indiska raka sig. H\u00e5ret tas om hand av en stor industri som tj\u00e4nar pengar p\u00e5 det. Dagens Nyheter har f\u00f6ljt med p\u00e5 det vackra h\u00e5rsvallets resa \u00f6ver jorden.<br \/>\nDet \u00e4r ett av de mer genomarbetade artiklarna som finns med i premi\u00e4rnumret av ett magasin som heter DN.V\u00e4rlden.<\/p>\n<p>Det verkar inte som om artiklarna f\u00f6rts \u00f6ver till webben. F\u00f6rmodligen ska de inte ens dit. Jag f\u00f6ruts\u00e4tter att satsningen \u00e4r ett steg att \u00f6ka v\u00e4rdet av en prenumeration p\u00e5 pappersupplagan.<br \/>\nJag \u00e4r inte helt emot det, \u00e4ven om jag tycker att s\u00e5 mycket som m\u00f6jligt av v\u00e4rldens information ska finnas tillg\u00e4nglig digitalt, d\u00e5 blir den n\u00e5bar f\u00f6r s\u00e5 m\u00e5nga, m\u00e5nga fler och oberoende av plats. En bok eller ett magasin i tryckt format kan inte l\u00e4sas p\u00e5 mer \u00e4n en plats i taget och \u00e4r d\u00e4rf\u00f6r inte alls lika tillg\u00e4nglig.<br \/>\nFast att just satsa p\u00e5 mer djuplodande artiklar, att satsa p\u00e5 den kvalitet som en stor redaktion f\u00f6rm\u00e5r uppb\u00e5da, det \u00e4r r\u00e4tt v\u00e4g.<br \/>\nDe s\u00e5 kallade traditionella medierna har helt andra ekonomiska f\u00f6ruts\u00e4ttningar \u00e4n de enskilda bloggarna.<br \/>\nD\u00e4rf\u00f6r v\u00e4lkomnar jag s\u00e5dana satsningar som DN.V\u00e4rlden.<\/p>\n<p>Jag tycker om n\u00e4r redaktioner inte bara g\u00e5r p\u00e5 den l\u00e4tta klickjournalistiken och inte bara forts\u00e4tter p\u00e5 v\u00e4gen att satsa p\u00e5 ytliga n\u00f6jen och bevakning av Idol och liknande.<\/p>\n<p>DN.V\u00e4rlden ska g\u00e5 ut till prenumeranterna en g\u00e5ng i m\u00e5naden.<\/p>\n<p>Medieanalytikern och bloggaren Olle Lidbom \u00e4r d\u00e4remot skeptisk till att magasinet kommer p\u00e5 m\u00e5ndagar. <a href=\"http:\/\/www.dagensmedia.se\/nyheter\/print\/article2495802.ece\">Via Dagens Media<\/a> l\u00e4ser jag <a href=\"http:\/\/www.vassaeggen.se\/2010\/10\/analysbrevet-25-oktober-2010\/\">ett citat ut hans analysbrev<\/a>:<br \/>\n<em>Utgivningsdagen \u00e4r otydlig (hur m\u00e5nga h\u00e4nger upp sin konsumtion p\u00e5 &#8217;sista m\u00e5ndagen&#8217;) och dessutom en dag i veckan d\u00e5 l\u00e4sarna tar sig lite tid att konsumera media.<\/em><\/p>\n<p>Jag vet inte. Mycket av gamla regler \u00e4r under uppluckring och m\u00e5nga m\u00e4nniskor arbetar p\u00e5 helt andra tider \u00e4n m\u00e5ndag-fredag. Jag vet inte om en m\u00e5ndagssatsning beh\u00f6ver vara fel.<\/p>\n<p><a href=\"http:\/\/www.medievarlden.se\/nyheter\/2010\/10\/premiar-for-dns-utrikesmagasin\">Mediev\u00e4rlden tar ocks\u00e5 upp DN:s premi\u00e4r f\u00f6r utrikesmagasinet.<\/a><\/p>\n<p>L\u00e4s \u00e4ven andra bloggares \u00e5sikter om <a href=\"http:\/\/bloggar.se\/om\/utrikes\" rel=\"tag\">utrikes<\/a>, <a href=\"http:\/\/bloggar.se\/om\/journalistik\" rel=\"tag\">journalistik<\/a>, <a href=\"http:\/\/bloggar.se\/om\/medier\" rel=\"tag\">medier<\/a>, <a href=\"http:\/\/bloggar.se\/om\/Dagens+Nyheter\" rel=\"tag\">Dagens Nyheter<\/a>, <a href=\"http:\/\/bloggar.se\/om\/v%E4rlden\" rel=\"tag\">v\u00e4rlden<\/a><\/p>\n","protected":false},"excerpt":{"rendered":"<p>Indiska Arkonos h\u00e5r sitter snart p\u00e5 en kvinna i v\u00e4stv\u00e4rlden. Som ett religi\u00f6st offer l\u00e5ter indiska raka sig. H\u00e5ret tas om hand av en stor industri som tj\u00e4nar pengar p\u00e5 det. Dagens Nyheter har f\u00f6ljt med p\u00e5 det vackra h\u00e5rsvallets resa \u00f6ver jorden. Det \u00e4r ett av de mer genomarbetade artiklarna som finns med i [&hellip;]<\/p>\n","protected":false},"author":2,"featured_media":0,"comment_status":"open","ping_status":"open","sticky":false,"template":"","format":"standard","meta":{"_genesis_hide_title":false,"_genesis_hide_breadcrumbs":false,"_genesis_hide_singular_image":false,"_genesis_hide_footer_widgets":false,"_genesis_custom_body_class":"","_genesis_custom_post_class":"","_genesis_layout":"","footnotes":""},"categories":[62],"tags":[1096,2765,3582,6148,6316],"class_list":{"0":"post-25508","1":"post","2":"type-post","3":"status-publish","4":"format-standard","6":"category-medie-och-kulturpolitik","7":"tag-dagens-nyheter","8":"tag-journalistik","9":"tag-medier","10":"tag-utrikes","11":"tag-varlden","12":"entry"},"_links":{"self":[{"href":"https:\/\/kulturbloggen.com\/index.php?rest_route=\/wp\/v2\/posts\/25508","targetHints":{"allow":["GET"]}}],"collection":[{"href":"https:\/\/kulturbloggen.com\/index.php?rest_route=\/wp\/v2\/posts"}],"about":[{"href":"https:\/\/kulturbloggen.com\/index.php?rest_route=\/wp\/v2\/types\/post"}],"author":[{"embeddable":true,"href":"https:\/\/kulturbloggen.com\/index.php?rest_route=\/wp\/v2\/users\/2"}],"replies":[{"embeddable":true,"href":"https:\/\/kulturbloggen.com\/index.php?rest_route=%2Fwp%2Fv2%2Fcomments&post=25508"}],"version-history":[{"count":0,"href":"https:\/\/kulturbloggen.com\/index.php?rest_route=\/wp\/v2\/posts\/25508\/revisions"}],"wp:attachment":[{"href":"https:\/\/kulturbloggen.com\/index.php?rest_route=%2Fwp%2Fv2%2Fmedia&parent=25508"}],"wp:term":[{"taxonomy":"category","embeddable":true,"href":"https:\/\/kulturbloggen.com\/index.php?rest_route=%2Fwp%2Fv2%2Fcategories&post=25508"},{"taxonomy":"post_tag","embeddable":true,"href":"https:\/\/kulturbloggen.com\/index.php?rest_route=%2Fwp%2Fv2%2Ftags&post=25508"}],"curies":[{"name":"wp","href":"https:\/\/api.w.org\/{rel}","templated":true}]}}