{"id":25471,"date":"2010-10-25T10:04:38","date_gmt":"2010-10-25T08:04:38","guid":{"rendered":"http:\/\/kulturbloggen.com\/?p=25471"},"modified":"2010-10-25T10:04:38","modified_gmt":"2010-10-25T08:04:38","slug":"aftonbladet-arangerar-inte-stora-bloggpriset-i-ar","status":"publish","type":"post","link":"https:\/\/kulturbloggen.com\/?p=25471","title":{"rendered":"Aftonbladet arrangerar inte Stora Bloggpriset i \u00e5r"},"content":{"rendered":"<p><a href=\"http:\/\/kulturbloggen.com\/wp-content\/uploads\/2010\/10\/bloggpriset.jpg\"><img loading=\"lazy\" decoding=\"async\" src=\"http:\/\/kulturbloggen.com\/wp-content\/uploads\/2010\/10\/bloggpriset-300x140.jpg\" alt=\"\" title=\"bloggpriset\" width=\"300\" height=\"140\" class=\"aligncenter size-medium wp-image-25475\" \/><\/a><\/p>\n<p>Aftonbladet gick in med stora kliv och arrangerade Stora Bloggpriset 2008 och 2009. Men i \u00e5r blir det inget stort bloggpris fr\u00e5n Aftonbladet.<br \/>\nAndreas Aspegren fr\u00e5n Aftonbladet ber\u00e4ttar i ett mail:<\/p>\n<blockquote><p>Nu i dagarna hade vi t\u00e4nkt att dra ig\u00e5ng arbetet med \u00e5rets upplaga av Stora Bloggpriset.  Men &#8211; f\u00f6r att g\u00e5 rakt p\u00e5 sak &#8211; det blir inget bloggpris i \u00e5r. Vi tar helt enkelt en paus. Anledningen \u00e4r att vi vill f\u00f6rnya oss.<\/p>\n<p>Bakgrunden \u00e4r f\u00f6ljande.<\/p>\n<p>De tv\u00e5 upplagor av bloggpriset som genomf\u00f6rts har varit fantastiska. Vi \u00e4r mycket tacksamma \u00f6ver det arbete som du gjort i Stora Bloggpriset eller bloggpanelen. Men under dessa \u00e5r har, som ni vet, v\u00e4ldigt mycket h\u00e4nt inom de social medierna med t ex Facebook och Twitter.<\/p>\n<p>Vi p\u00e5 Aftonbladet ser d\u00e4rf\u00f6r behovet att omfamna en st\u00f6rre del av livet p\u00e5 n\u00e4tet med v\u00e5r utm\u00e4rkelse, \u00e4n enbart bloggosf\u00e4ren. Och vi tycker ocks\u00e5 att det beh\u00f6vs en portion nyt\u00e4nk n\u00e4r det g\u00e4ller sj\u00e4lva formen. Problemet \u00e4r att vi \u00e4nnu inte riktigt kommit p\u00e5 hur.  <\/p><\/blockquote>\n<p>Det g\u00f6r att <a href=\"http:\/\/storakulturbloggpriset.se\/\">Stora Kulturbloggpriset<\/a>, som vi arrangerar f\u00f6r tredje \u00e5ret i rad \u00e4r det absolut st\u00f6rsta priset f\u00f6r en kulturblogg i Sverige.<br \/>\nP\u00e5 ett s\u00e4tt \u00e4r vi ju redan det st\u00f6rsta, eftersom vi \u00e4r det pris som har st\u00f6rst prissumma.<\/p>\n<p><iframe\nsrc=\"http:\/\/labs.mtve.com\/microsites\/external\/ema2010\/kulturbloggen.html\"\nframeborder=\"0\" width=\"300\" height=\"250\" scrolling=\"no\"><\/iframe><\/p>\n<p>L\u00e4s \u00e4ven andra bloggares \u00e5sikter om <a href=\"http:\/\/bloggar.se\/om\/bloggpris\" rel=\"tag\">bloggpris<\/a>, <a href=\"http:\/\/bloggar.se\/om\/Aftonbladet\" rel=\"tag\">Aftonbladet<\/a>, <a href=\"http:\/\/bloggar.se\/om\/Stora+Bloggpriset\" rel=\"tag\">Stora Bloggpriset<\/a><\/p>\n","protected":false},"excerpt":{"rendered":"<p>Aftonbladet gick in med stora kliv och arrangerade Stora Bloggpriset 2008 och 2009. Men i \u00e5r blir det inget stort bloggpris fr\u00e5n Aftonbladet. Andreas Aspegren fr\u00e5n Aftonbladet ber\u00e4ttar i ett mail: Nu i dagarna hade vi t\u00e4nkt att dra ig\u00e5ng arbetet med \u00e5rets upplaga av Stora Bloggpriset. Men &#8211; f\u00f6r att g\u00e5 rakt p\u00e5 sak [&hellip;]<\/p>\n","protected":false},"author":2,"featured_media":0,"comment_status":"open","ping_status":"open","sticky":false,"template":"","format":"standard","meta":{"_genesis_hide_title":false,"_genesis_hide_breadcrumbs":false,"_genesis_hide_singular_image":false,"_genesis_hide_footer_widgets":false,"_genesis_custom_body_class":"","_genesis_custom_post_class":"","_genesis_layout":"","footnotes":""},"categories":[20],"tags":[158,737,5425],"class_list":{"0":"post-25471","1":"post","2":"type-post","3":"status-publish","4":"format-standard","6":"category-film","7":"tag-aftonbladet","8":"tag-bloggpris","9":"tag-stora-bloggpriset","10":"entry"},"_links":{"self":[{"href":"https:\/\/kulturbloggen.com\/index.php?rest_route=\/wp\/v2\/posts\/25471","targetHints":{"allow":["GET"]}}],"collection":[{"href":"https:\/\/kulturbloggen.com\/index.php?rest_route=\/wp\/v2\/posts"}],"about":[{"href":"https:\/\/kulturbloggen.com\/index.php?rest_route=\/wp\/v2\/types\/post"}],"author":[{"embeddable":true,"href":"https:\/\/kulturbloggen.com\/index.php?rest_route=\/wp\/v2\/users\/2"}],"replies":[{"embeddable":true,"href":"https:\/\/kulturbloggen.com\/index.php?rest_route=%2Fwp%2Fv2%2Fcomments&post=25471"}],"version-history":[{"count":0,"href":"https:\/\/kulturbloggen.com\/index.php?rest_route=\/wp\/v2\/posts\/25471\/revisions"}],"wp:attachment":[{"href":"https:\/\/kulturbloggen.com\/index.php?rest_route=%2Fwp%2Fv2%2Fmedia&parent=25471"}],"wp:term":[{"taxonomy":"category","embeddable":true,"href":"https:\/\/kulturbloggen.com\/index.php?rest_route=%2Fwp%2Fv2%2Fcategories&post=25471"},{"taxonomy":"post_tag","embeddable":true,"href":"https:\/\/kulturbloggen.com\/index.php?rest_route=%2Fwp%2Fv2%2Ftags&post=25471"}],"curies":[{"name":"wp","href":"https:\/\/api.w.org\/{rel}","templated":true}]}}