{"id":25235,"date":"2010-10-17T10:47:50","date_gmt":"2010-10-17T08:47:50","guid":{"rendered":"http:\/\/kulturbloggen.com\/?p=25235"},"modified":"2010-10-17T10:47:50","modified_gmt":"2010-10-17T08:47:50","slug":"opera-ar-poesi-innan-dret-blir-opera-citat-av-poeten-daniel-boyacioglu-infor-operan-triumf-och-tragedi-pa-kungliga-operans-scen-rotundan","status":"publish","type":"post","link":"https:\/\/kulturbloggen.com\/?p=25235","title":{"rendered":"&quot;Opera \u00e4r poesi innan det blir opera&quot; citat av poeten Daniel Boyacioglu, inf\u00f6r operan &quot;Triumf och tragedi&quot; p\u00e5 Kungliga Operans scen Rotundan"},"content":{"rendered":"<p><a href=\"http:\/\/kulturbloggen.com\/wp-content\/uploads\/2010\/10\/toppbild_triumochtragedi21.jpg\"><img loading=\"lazy\" decoding=\"async\" src=\"http:\/\/kulturbloggen.com\/wp-content\/uploads\/2010\/10\/toppbild_triumochtragedi21-300x150.jpg\" alt=\"\" title=\"toppbild_triumochtragedi2\" width=\"300\" height=\"150\" class=\"alignleft size-medium wp-image-25236\" \/><\/a><br \/>\nI l\u00f6rdags kv\u00e4ll blev det i alla fall dags att se \u201dTriumf och tragedi, en helt nyskriven opera av Paula af Malmborg Ward till ett libretto av poeten Daniel Boyacioglu.<\/p>\n<p>Fr\u00e5n b\u00f6rjan var det ju t\u00e4nkt att jag skulle ha sett urpremi\u00e4ren redan p\u00e5 fredagen, men det om\u00f6jliggjordes av ett datafel mellan Link\u00f6ping och Norrk\u00f6ping, vilket innebar att t\u00e5get rullade in p\u00e5 Stockholm central n\u00e4stan samtidigt med att urpremi\u00e4ren var \u00f6ver.<\/p>\n<p>Tur i oturen fick jag en biljett till l\u00f6rdagens f\u00f6rest\u00e4llning, men det fick till konsekvens  att jag fick avst\u00e5 fr\u00e5n SWS jubileumsmiddag samma kv\u00e4ll och det k\u00e4ndes ju inte s\u00e4rskilt bra eftersom jag hade betalat 550 kronor f\u00f6r middagen, men tr\u00e5kigast var dock att jag fick avst\u00e5 fr\u00e5n musikunderh\u00e5llningen med bl.a Michael Weinius.<\/p>\n<p>Ett tag var jag inne p\u00e5 att jag skulle f\u00f6rs\u00f6ka kombinera dessa b\u00e5da \u00e4ventyr, men till slut ins\u00e5g jag att skulle framst\u00e5 som n\u00e4stan l\u00f6jligt, att jag skulle sitta sj\u00e4lv och inta en festm\u00e5ltid, medan \u00f6vriga g\u00e4ster hade dragit sig tillbaka till salongerna f\u00f6r att som jag tror avnjuta en kopp kaffe med n\u00e5got gott i glaset. Dessutom och det blev kanske det som f\u00e4llde avg\u00f6randet jag skulle \u00e4nd\u00e5 inte f\u00e5 ta del av underh\u00e5llningsinslaget.<\/p>\n<p>F\u00f6r undvikande av missf\u00f6rst\u00e5nd kan jag meddela att det inte gick n\u00e5gon n\u00f6d p\u00e5 mig f\u00f6r jag \u00e5t dagens r\u00e4tt p\u00e5 Operak\u00e4llarens bakficka och efter f\u00f6rest\u00e4llningen satt jag i \u201dspendid isolation\u201d p\u00e5 Gustaf III:s caf\u00e9 i operahuset och avnj\u00f6t en kall Raml\u00f6sa.<\/p>\n<p>Nu n\u00e5gra ord om f\u00f6rest\u00e4llningen; \u201dTriumf och tragedi\u201d \u00e4r v\u00e4l vad man n\u00e4rmast kan beskriva som en kammaropera dvs en opera i det mindre formatet med ett f\u00e5tal personer p\u00e5 scenen och en liten orkester.<\/p>\n<p>Enligt n\u00e5gra av mina operav\u00e4nner \u00e4r det just nu h\u00f6gsta modet att g\u00e5 p\u00e5 kammaropera, om det beror p\u00e5 att ett operabes\u00f6k inte f\u00e5r ta l\u00e4ngre tid \u00e4n en timme v\u00e5gar jag dock inte ge n\u00e5got best\u00e4mt svar p\u00e5.<\/p>\n<p>Till handlingen i operan och en bakgrundsbeskrivning h\u00e4nvisar jag till ett inl\u00e4gg gjort av min operakompis <a href=\"http:\/\/kaffekopp.wordpress.com\/2010\/10\/15\/triumf-och-tragedi-pa-kungliga-operan\/\">Kaffekopp och cigarrettr\u00f6k<\/a>, men kort kan ju \u00e4nd\u00e5 skrivas att den handlar om Mikael Ljungbergs \u00f6de, en av v\u00e5ra fr\u00e4msta OS-medalj\u00f6rer som s\u00e5 tragisk tog livet av sig 2004.<\/p>\n<p>Min tolkning av detta blir d\u00e5 att man inte blir lyckligare av att vara en framg\u00e5ngsrik idrottare om det inte samtidigt inneb\u00e4r  att man har balans i livet i \u00f6vrigt. F\u00f6ljdfr\u00e5gan blir d\u00e5 varf\u00f6r f\u00e5r man inte adekvat hj\u00e4lp, n\u00e4r det uppenbarligen beh\u00f6vs. Kan det bero p\u00e5 att vi alltid tror att en framg\u00e5ngsrik individ \u00e4ven \u00e4r kapabel att hantera \u00f6vriga sv\u00e5righeter som det \u00f6vriga livet alltid bjuder p\u00e5?<\/p>\n<p>Om musiken \u00e4r jag frestad att skriva att den l\u00e5ter som nyskriven musik i allm\u00e4nhet l\u00e5ter, dvs den \u00e4r inte helt l\u00e4tttillg\u00e4nglig, men den passade bra till handlingen. Ny musik har f\u00f6r mig ofta den inneb\u00f6rden att jag m\u00e5ste lyssna p\u00e5 den flera g\u00e5nger innan musiken s\u00e4tter sig d\u00e4r den skall sitta. Det fanns ett ovanligt musikinstrument inblandad i verket som jag just nu inte kan n\u00e4mna namnet p\u00e5, men musiken var klart h\u00f6rv\u00e4rd n\u00e4r hela orkestern spelade och jag gillar n\u00e4r man anv\u00e4nder sig av trumpeter.<\/p>\n<p>Den st\u00f6rsta beh\u00e5llningen av f\u00f6rest\u00e4llningen f\u00e5r jag \u00e4nd\u00e5 konstatera att de utm\u00e4rkta s\u00e5ngarna, Marianne Hellgren Staykov och Karl- Magnus Fredriksson svarade f\u00f6r. I synnerhet uppskattade jag Marianne Hellgren Staykovs insatser och fr\u00e5gan \u00e4r nog om detta \u00e4nd\u00e5 inte kan betraktas som hennes genombrottsroll. Det \u00e4r helt klart enligt min uppfattning. Poeten Daniel Boyacioglu hade ju en kombinerad s\u00e5ng- och talroll och om hans insats kan jag nog inte skriva mer \u00e4n att han har v\u00e4ckt min nyfikenhet fr\u00e4mst n\u00e4r det g\u00e4ller hans f\u00f6rfattarskap, \u00e4ven om poesil\u00e4sning inte tillh\u00f6r det jag fr\u00e4mst sysslar med, men man blir som bekant aldrig f\u00f6r gammal att pr\u00f6va p\u00e5 n\u00e5got nytt. Eller hur?<\/p>\n<p>I \u00f6vrigt kan jag varmt rekommendera intresserade att skaffa programbladet och l\u00e4sa detta innan f\u00f6rest\u00e4llningen. Det var ett ovanligt bra programblad och ett tips till Kungliga operan \u00e4r att det vore bra och \u00f6nskv\u00e4rt om programbladet gjordes tillg\u00e4ngligt p\u00e5 operans hemsida. Ja, jag vet att alla inte delar denna min uppfattning, men jag h\u00e4vdar fortfarande att vara f\u00f6rberedd inf\u00f6r en operaf\u00f6rest\u00e4llning alltid \u00e4r att betrakta som en god investering. Inf\u00f6r kv\u00e4llens bes\u00f6k!<\/p>\n<p>Dessutom fick jag reda p\u00e5 vad en dramaturg egentligen sysslar med och detta genom Stefans Johansson\u00b4s inl\u00e4gg i programbladet.<\/p>\n<p>F\u00f6rest\u00e4llningen forts\u00e4tter p\u00e5 Rotundan fram till tredje november och sedan ges som ett g\u00e4stspel p\u00e5 Ytterj\u00e4rnas kulturhus i n\u00e4rheten av S\u00f6dert\u00e4lje. Passa p\u00e5 att se f\u00f6rest\u00e4llningen vid n\u00e5got av dessa tillf\u00e4llen f\u00f6r det \u00e4r inte troligt att den \u00e5terkommer p\u00e5 spelschemat n\u00e4sta s\u00e4song. Det brukar inte nyskrivna operor g\u00f6ra, \u00e4ven om de \u00e4r bra.<\/p>\n<p>L\u00e4s mer om bakgrunden p\u00e5 <a href=\"http:\/\/www.dn.se\/kultur-noje\/scen\/tomheten-efter-os-guldet-blev-opera-1.1186854\">DN<\/a><\/p>\n<p>L\u00e4s mer om f\u00f6rest\u00e4llningen p\u00e5 operans <a href=\"http:\/\/http:\/\/www.operan.se\/Var-repertoar\/Hosten-20101\/Triumf-och-tragedi\/\">hemsida<\/a><\/p>\n<p>Kaffekopp och cigarrettr\u00f6k <a href=\"http:\/\/kaffekopp.wordpress.com\/2010\/10\/20\/triumf-och-tragedi-kontroversiell-urpremiar-pa-kungliga-operan\/\">recension<\/a><\/p>\n<p>En bloggkollega om <a href=\"http:\/\/illusionernasblogg.blogspot.com\/2010\/10\/triumf-och-tragedi.html\">f\u00f6rest\u00e4llningen<\/a><\/p>\n<p>Svenska Dagbladets <a href=\"http:\/\/www.svd.se\/kulturnoje\/scen\/ett-val-att-brottas-med_5519987.svd\">recension<\/a><\/p>\n<p>Gunilla Brodrej <a href=\"http:\/\/www.expressen.se\/kultur\/skribenter\/gunillabrodrej\/1.2176300\/orent-livtag\">recension<\/a><\/p>\n<p>Gunilla Brodrej om <a href=\"http:\/\/blogg.expressen.se\/kultur\/entry.jsp?messid=627541\">Br\u00f6derna Mozart igen<\/a> &#8211; Triumf och tragedi<\/p>\n<p><a href=\"http:\/\/intressant.se\/intressant\">Intressant?<\/a><\/p>\n<p>L\u00e4s \u00e4ven andra bloggares \u00e5sikter om <a href=\"http:\/\/bloggar.se\/om\/Triumf+och+tragedi\" rel=\"tag\">Triumf och tragedi<\/a>, <a href=\"http:\/\/bloggar.se\/om\/opera+p%E5+Rotundan\" rel=\"tag\">opera p\u00e5 Rotundan<\/a>, <a href=\"http:\/\/bloggar.se\/om\/Kungliga+Operan\" rel=\"tag\">Kungliga Operan<\/a>, <a href=\"http:\/\/bloggar.se\/om\/Daniel+Boyacioglu\" rel=\"tag\">Daniel Boyacioglu<\/a>, <a href=\"http:\/\/bloggar.se\/om\/Paula+af+Malmborg+Ward\" rel=\"tag\">Paula af Malmborg Ward<\/a>, <a href=\"http:\/\/bloggar.se\/om\/Marianne+Hellgren+Staykov\" rel=\"tag\">Marianne Hellgren Staykov<\/a>, <a href=\"http:\/\/bloggar.se\/om\/Karl-Magnus+Fredriksson\" rel=\"tag\">Karl-Magnus Fredriksson<\/a><\/p>\n","protected":false},"excerpt":{"rendered":"<p>I l\u00f6rdags kv\u00e4ll blev det i alla fall dags att se \u201dTriumf och tragedi, en helt nyskriven opera av Paula af Malmborg Ward till ett libretto av poeten Daniel Boyacioglu. Fr\u00e5n b\u00f6rjan var det ju t\u00e4nkt att jag skulle ha sett urpremi\u00e4ren redan p\u00e5 fredagen, men det om\u00f6jliggjordes av ett datafel mellan Link\u00f6ping och Norrk\u00f6ping, [&hellip;]<\/p>\n","protected":false},"author":13,"featured_media":0,"comment_status":"open","ping_status":"open","sticky":false,"template":"","format":"standard","meta":{"_genesis_hide_title":false,"_genesis_hide_breadcrumbs":false,"_genesis_hide_singular_image":false,"_genesis_hide_footer_widgets":false,"_genesis_custom_body_class":"","_genesis_custom_post_class":"","_genesis_layout":"","footnotes":""},"categories":[7],"tags":[3134,4052,4844,5967],"class_list":{"0":"post-25235","1":"post","2":"type-post","3":"status-publish","4":"format-standard","6":"category-musik","7":"tag-kungliga-operan","8":"tag-nutidsopera","9":"tag-rotundan","10":"tag-triumf-och-tragedi","11":"entry"},"_links":{"self":[{"href":"https:\/\/kulturbloggen.com\/index.php?rest_route=\/wp\/v2\/posts\/25235","targetHints":{"allow":["GET"]}}],"collection":[{"href":"https:\/\/kulturbloggen.com\/index.php?rest_route=\/wp\/v2\/posts"}],"about":[{"href":"https:\/\/kulturbloggen.com\/index.php?rest_route=\/wp\/v2\/types\/post"}],"author":[{"embeddable":true,"href":"https:\/\/kulturbloggen.com\/index.php?rest_route=\/wp\/v2\/users\/13"}],"replies":[{"embeddable":true,"href":"https:\/\/kulturbloggen.com\/index.php?rest_route=%2Fwp%2Fv2%2Fcomments&post=25235"}],"version-history":[{"count":0,"href":"https:\/\/kulturbloggen.com\/index.php?rest_route=\/wp\/v2\/posts\/25235\/revisions"}],"wp:attachment":[{"href":"https:\/\/kulturbloggen.com\/index.php?rest_route=%2Fwp%2Fv2%2Fmedia&parent=25235"}],"wp:term":[{"taxonomy":"category","embeddable":true,"href":"https:\/\/kulturbloggen.com\/index.php?rest_route=%2Fwp%2Fv2%2Fcategories&post=25235"},{"taxonomy":"post_tag","embeddable":true,"href":"https:\/\/kulturbloggen.com\/index.php?rest_route=%2Fwp%2Fv2%2Ftags&post=25235"}],"curies":[{"name":"wp","href":"https:\/\/api.w.org\/{rel}","templated":true}]}}