{"id":25129,"date":"2010-10-14T00:31:50","date_gmt":"2010-10-13T22:31:50","guid":{"rendered":"http:\/\/kulturbloggen.com\/?p=25129"},"modified":"2010-10-14T00:31:50","modified_gmt":"2010-10-13T22:31:50","slug":"nu-kommer-google-tvn","status":"publish","type":"post","link":"https:\/\/kulturbloggen.com\/?p=25129","title":{"rendered":"Nu kommer Google TVn"},"content":{"rendered":"<p><a href=\"http:\/\/kulturbloggen.com\/wp-content\/uploads\/2010\/10\/google_tv.jpg\"><img loading=\"lazy\" decoding=\"async\" class=\"aligncenter size-medium wp-image-25130\" title=\"google_tv\" src=\"http:\/\/kulturbloggen.com\/wp-content\/uploads\/2010\/10\/google_tv-300x185.jpg\" alt=\"\" width=\"300\" height=\"185\" \/><\/a><\/p>\n<p>Sony annonserar en TV med operativsystem fr\u00e5n <a href=\"http:\/\/www.metro.se\/2010\/10\/13\/81029\/nu-har-sony-visat-forsta-googletvn\/index.xml\">Google<\/a>. Det st\u00e5r inget om Android och jag vet inte om det \u00e4r en variant eller ett specialskrivet system f\u00f6r Google TVn. P\u00e5 mig sl\u00e5r pulsen lite snabbare n\u00e4r jag t\u00e4nker p\u00e5 m\u00f6jligheterna. Jag vill ha en! Det \u00e4r ju redan m\u00f6jligt att g\u00f6ra det h\u00e4r genom att ansluta en dator till platt-TVn men det h\u00e4r \u00e4r elegant och smidigt. F\u00e4rre sladdar g\u00f6r att det den passar b\u00e4ttre i &#8221;vanliga&#8221; hem. Inte bara hemma hos n\u00f6rden.<\/p>\n<p>Med den h\u00e4r apparatens kan du kunna surfa eller titta p\u00e5 TV (och faktiskt g\u00f6ra b\u00e5da delarna samtidigt)\u00a0 utan att beh\u00f6va en separat dator ansluten. Coolt, tycker jag. Det \u00e4r \u00e5t det h\u00e4r h\u00e5llet prylarna skall g\u00e5. Jag har redan gett upp vanlig TV och ser p\u00e5 webbtv.<\/p>\n<p>Det h\u00e4r blir ett viktigt steg och de h\u00e4r apparaterna kanske annonserar d\u00f6den f\u00f6r traditionell TV via kabel eller antenn. Framf\u00f6rallt t\u00e4nker jag p\u00e5 alla som har paraboler. F\u00f6r dem skulle det vara enklare om programmen s\u00e4ndes via internet. Jag t\u00e4nker nu fr\u00e4mst p\u00e5 de som kommer fr\u00e5n andra l\u00e4nder och anv\u00e4nder parabol f\u00f6r att se TV fr\u00e5n hemlandet. I Fittja, d\u00e4r jag jobbar ses en skog av paraboler p\u00e5 fasaderna. Med mer webbtv och TV apparater som Sony&#8217;s Google TV kommer v\u00e4rlden mycket n\u00e4rmare.<\/p>\n<p><a href=\"http:\/\/www.google.com\/tv\/\">L\u00e4s vad Google skriver om Google TV<\/a><\/p>\n<p>L\u00e4s \u00e4ven andra bloggares \u00e5sikter om <a rel=\"tag\" href=\"http:\/\/bloggar.se\/om\/Google+TV\">Google TV<\/a>, <a rel=\"tag\" href=\"http:\/\/bloggar.se\/om\/Sony\">Sony<\/a>, <a rel=\"tag\" href=\"http:\/\/bloggar.se\/om\/internet\">internet<\/a>, <a rel=\"tag\" href=\"http:\/\/bloggar.se\/om\/webbtv\">webbtv<\/a>, <a rel=\"tag\" href=\"http:\/\/bloggar.se\/om\/Google\">Google<\/a>, <a rel=\"tag\" href=\"http:\/\/bloggar.se\/om\/Android\">Android<\/a><\/p>\n","protected":false},"excerpt":{"rendered":"<p>Sony annonserar en TV med operativsystem fr\u00e5n Google. Det st\u00e5r inget om Android och jag vet inte om det \u00e4r en variant eller ett specialskrivet system f\u00f6r Google TVn. P\u00e5 mig sl\u00e5r pulsen lite snabbare n\u00e4r jag t\u00e4nker p\u00e5 m\u00f6jligheterna. Jag vill ha en! Det \u00e4r ju redan m\u00f6jligt att g\u00f6ra det h\u00e4r genom att [&hellip;]<\/p>\n","protected":false},"author":13,"featured_media":0,"comment_status":"open","ping_status":"open","sticky":false,"template":"","format":"standard","meta":{"_genesis_hide_title":false,"_genesis_hide_breadcrumbs":false,"_genesis_hide_singular_image":false,"_genesis_hide_footer_widgets":false,"_genesis_custom_body_class":"","_genesis_custom_post_class":"","_genesis_layout":"","footnotes":""},"categories":[20],"tags":[274,2043,2053,2512,5272,6374],"class_list":{"0":"post-25129","1":"post","2":"type-post","3":"status-publish","4":"format-standard","6":"category-film","7":"tag-android","8":"tag-google","9":"tag-google-tv","10":"tag-internet","11":"tag-sony","12":"tag-webbtv","13":"entry"},"_links":{"self":[{"href":"https:\/\/kulturbloggen.com\/index.php?rest_route=\/wp\/v2\/posts\/25129","targetHints":{"allow":["GET"]}}],"collection":[{"href":"https:\/\/kulturbloggen.com\/index.php?rest_route=\/wp\/v2\/posts"}],"about":[{"href":"https:\/\/kulturbloggen.com\/index.php?rest_route=\/wp\/v2\/types\/post"}],"author":[{"embeddable":true,"href":"https:\/\/kulturbloggen.com\/index.php?rest_route=\/wp\/v2\/users\/13"}],"replies":[{"embeddable":true,"href":"https:\/\/kulturbloggen.com\/index.php?rest_route=%2Fwp%2Fv2%2Fcomments&post=25129"}],"version-history":[{"count":0,"href":"https:\/\/kulturbloggen.com\/index.php?rest_route=\/wp\/v2\/posts\/25129\/revisions"}],"wp:attachment":[{"href":"https:\/\/kulturbloggen.com\/index.php?rest_route=%2Fwp%2Fv2%2Fmedia&parent=25129"}],"wp:term":[{"taxonomy":"category","embeddable":true,"href":"https:\/\/kulturbloggen.com\/index.php?rest_route=%2Fwp%2Fv2%2Fcategories&post=25129"},{"taxonomy":"post_tag","embeddable":true,"href":"https:\/\/kulturbloggen.com\/index.php?rest_route=%2Fwp%2Fv2%2Ftags&post=25129"}],"curies":[{"name":"wp","href":"https:\/\/api.w.org\/{rel}","templated":true}]}}